{"id":28262,"date":"2014-06-20T17:39:05","date_gmt":"2014-06-20T14:39:05","guid":{"rendered":"https:\/\/www.enerjigazetesi.ist\/?p=28262"},"modified":"2014-06-20T17:39:05","modified_gmt":"2014-06-20T14:39:05","slug":"ge-ve-siemensden-alstomun-enerji-varliklarina-kiran-kirana-rekabet","status":"publish","type":"post","link":"https:\/\/www.enerjigazetesi.ist\/en\/ge-ve-siemensden-alstomun-enerji-varliklarina-kiran-kirana-rekabet\/","title":{"rendered":"(Turkish) GE ve Siemens&#8217;den Alstom\u2019un Enerji Varl\u0131klar\u0131na K\u0131ran K\u0131rana Rekabet"},"content":{"rendered":"<p class=\"qtranxs-available-languages-message qtranxs-available-languages-message-en\">Sorry, this entry is only available in <a href=\"https:\/\/www.enerjigazetesi.ist\/tr\/wp-json\/wp\/v2\/posts\/28262\" class=\"qtranxs-available-language-link qtranxs-available-language-link-tr\" title=\"Turkish\">Turkish<\/a>. For the sake of viewer convenience, the content is shown below in the alternative language. You may click the link to switch the active language.<\/p><p><strong>Frans\u0131z enerji ve ula\u015f\u0131m \u015firketi Alstom\u2019un enerji varl\u0131klar\u0131 i\u00e7in ABD\u2019li General Electric ile Alman Siemens aras\u0131nda k\u0131ran k\u0131rana bir rekabet ya\u015fan\u0131yor. Siemens\u2019in kar\u015f\u0131 teklifinni ard\u0131ndan General Electric\u2019in teklifini g\u00fc\u00e7lendirmek i\u00e7in CEO Jeffrey Immelt, h\u00fck\u00fcmet ve sendika yetkilileriyle g\u00f6r\u00fc\u015f solu\u011fu Paris\u2019te ald\u0131.<\/strong><\/p>\n<p>ABD\u2019li General Electric\u2019in CEO\u2019su Jeffrey Immelt, Fransa\u2019n\u0131n \u00f6nde gelen \u015firketlerinden Alstom\u2019un enerji bir<a href=\"https:\/\/www.enerjigazetesi.ist\/wp-content\/uploads\/2014\/06\/ge-ve-siemensden-alstomun-enerji-varliklarina-kiran-kirana-rekabet.jpg\"><img loading=\"lazy\" class=\"alignright size-medium wp-image-28263\" src=\"https:\/\/www.enerjigazetesi.ist\/wp-content\/uploads\/2014\/06\/ge-ve-siemensden-alstomun-enerji-varliklarina-kiran-kirana-rekabet-300x195.jpg\" alt=\"Siemens battles with GE for French Alstom company\" width=\"300\" height=\"195\" srcset=\"https:\/\/www.enerjigazetesi.ist\/wp-content\/uploads\/2014\/06\/ge-ve-siemensden-alstomun-enerji-varliklarina-kiran-kirana-rekabet-300x195.jpg 300w, https:\/\/www.enerjigazetesi.ist\/wp-content\/uploads\/2014\/06\/ge-ve-siemensden-alstomun-enerji-varliklarina-kiran-kirana-rekabet-500x326.jpg 500w, https:\/\/www.enerjigazetesi.ist\/wp-content\/uploads\/2014\/06\/ge-ve-siemensden-alstomun-enerji-varliklarina-kiran-kirana-rekabet-76x50.jpg 76w, https:\/\/www.enerjigazetesi.ist\/wp-content\/uploads\/2014\/06\/ge-ve-siemensden-alstomun-enerji-varliklarina-kiran-kirana-rekabet.jpg 522w\" sizes=\"(max-width: 300px) 100vw, 300px\" \/><\/a>imi i\u00e7in Avrupa\u2019n\u0131n en b\u00fcy\u00fck m\u00fchendislik \u015firketi Siemens\u2019in kar\u015f\u0131 teklifinin ard\u0131ndan Paris\u2019e gitti.<\/p>\n<p>Jeffrey Immelt, Paris\u2019te aralar\u0131nda ekonomi bakan\u0131 Arnaud Montebourg\u2019un da bulundu\u011fu h\u00fck\u00fcmet ve sendika yetkilileriyle g\u00f6r\u00fc\u015ferek 17 milyar dolarl\u0131k teklifin kabul edilmesi i\u00e7in ter d\u00f6kecek.<\/p>\n<p>General Electr\u0131c\u2019\u0131n teklifini iyile\u015ftirmesi i\u00e7in son tarih 23 Haziran.<\/p>\n<p>General Electr\u0131c\u2019in 30 Nisan\u2019da teklifini sunmas\u0131ndan 7 hafta sonra Siemens, yan\u0131na japon end\u00fcstri devleri Mitsubishi Heavy ve Hitachi\u2019yi alarak Alstom\u2019a toplamda 19.3 milyar dolarl\u0131k bir teklif sundu.<\/p>\n<p>Alstom\u2019un enerji birimini General Electr\u0131c\u2019e katarak kariyerinde \u00f6nemli bir ba\u015far\u0131 ya\u015famak isteyen Immelt\u2019in Paris\u2019e bir kez daha giderek g\u00f6r\u00fc\u015fmelerde bulunmas\u0131, bu i\u015fin ABD\u2019li \u015firket i\u00e7in ne kadar \u00f6nemli oldu\u011funu g\u00f6steriyor.<\/p>\n<p><strong>Haberin Devam\u0131 i\u00e7in <a href=\"http:\/\/www.bloomberght.com\/haberler\/haber\/1580377-ge-ve-siemens-alstom-icin-kiran-kirana-rekabet-ediyor\" target=\"_blank\" rel=\"nofollow\">t\u0131klay\u0131n\u0131z&gt;&gt;&gt;<\/a><\/strong><\/p>\n<p>Kaynak: bloombergHT<\/p>","protected":false},"excerpt":{"rendered":"<p>Sorry, this entry is only available in Turkish. For the sake of viewer convenience, the content is shown below in the alternative language. You may click the link to switch the active language.Frans\u0131z enerji ve ula\u015f\u0131m \u015firketi Alstom\u2019un enerji varl\u0131klar\u0131 i\u00e7in ABD\u2019li General Electric ile Alman Siemens aras\u0131nda k\u0131ran k\u0131rana bir rekabet ya\u015fan\u0131yor. Siemens\u2019in kar\u015f\u0131 [&hellip;]<\/p>\n","protected":false},"author":1,"featured_media":28263,"comment_status":"open","ping_status":"open","sticky":false,"template":"","format":"standard","meta":[],"categories":[53],"tags":[9503,14673,1964,63,67,1009,165,2422,785,14286,9044,16051,1053],"views":643,"_links":{"self":[{"href":"https:\/\/www.enerjigazetesi.ist\/en\/wp-json\/wp\/v2\/posts\/28262"}],"collection":[{"href":"https:\/\/www.enerjigazetesi.ist\/en\/wp-json\/wp\/v2\/posts"}],"about":[{"href":"https:\/\/www.enerjigazetesi.ist\/en\/wp-json\/wp\/v2\/types\/post"}],"author":[{"embeddable":true,"href":"https:\/\/www.enerjigazetesi.ist\/en\/wp-json\/wp\/v2\/users\/1"}],"replies":[{"embeddable":true,"href":"https:\/\/www.enerjigazetesi.ist\/en\/wp-json\/wp\/v2\/comments?post=28262"}],"version-history":[{"count":1,"href":"https:\/\/www.enerjigazetesi.ist\/en\/wp-json\/wp\/v2\/posts\/28262\/revisions"}],"predecessor-version":[{"id":28264,"href":"https:\/\/www.enerjigazetesi.ist\/en\/wp-json\/wp\/v2\/posts\/28262\/revisions\/28264"}],"wp:featuredmedia":[{"embeddable":true,"href":"https:\/\/www.enerjigazetesi.ist\/en\/wp-json\/wp\/v2\/media\/28263"}],"wp:attachment":[{"href":"https:\/\/www.enerjigazetesi.ist\/en\/wp-json\/wp\/v2\/media?parent=28262"}],"wp:term":[{"taxonomy":"category","embeddable":true,"href":"https:\/\/www.enerjigazetesi.ist\/en\/wp-json\/wp\/v2\/categories?post=28262"},{"taxonomy":"post_tag","embeddable":true,"href":"https:\/\/www.enerjigazetesi.ist\/en\/wp-json\/wp\/v2\/tags?post=28262"}],"curies":[{"name":"wp","href":"https:\/\/api.w.org\/{rel}","templated":true}]}}