{"id":28225,"date":"2014-06-19T19:31:53","date_gmt":"2014-06-19T16:31:53","guid":{"rendered":"https:\/\/www.enerjigazetesi.ist\/?p=28225"},"modified":"2014-06-19T19:31:53","modified_gmt":"2014-06-19T16:31:53","slug":"ruzgar-enerjisi-7-yilda-iki-kattan-fazla-buyuyecek","status":"publish","type":"post","link":"https:\/\/www.enerjigazetesi.ist\/en\/ruzgar-enerjisi-7-yilda-iki-kattan-fazla-buyuyecek\/","title":{"rendered":"(Turkish) R\u00fczg\u00e2r Enerjisi 7 Y\u0131lda \u0130ki Kattan Fazla B\u00fcy\u00fcyecek !"},"content":{"rendered":"<p class=\"qtranxs-available-languages-message qtranxs-available-languages-message-en\">Sorry, this entry is only available in <a href=\"https:\/\/www.enerjigazetesi.ist\/tr\/wp-json\/wp\/v2\/posts\/28225\" class=\"qtranxs-available-language-link qtranxs-available-language-link-tr\" title=\"Turkish\">Turkish<\/a>. For the sake of viewer convenience, the content is shown below in the alternative language. You may click the link to switch the active language.<\/p><p><strong>K\u00fcresel \u00f6l\u00e7ekte kur<a href=\"https:\/\/www.enerjigazetesi.ist\/wp-content\/uploads\/2014\/06\/ruzgar-enerjisi-7-yilda-iki-kattan-fazla-buyuyecek.jpg\"><img loading=\"lazy\" class=\"alignright wp-image-28226 size-medium\" src=\"https:\/\/www.enerjigazetesi.ist\/wp-content\/uploads\/2014\/06\/ruzgar-enerjisi-7-yilda-iki-kattan-fazla-buyuyecek-300x198.jpg\" alt=\"ruzgar-enerjisi-7-yilda-iki-kattan-fazla-buyuyecek\" width=\"300\" height=\"198\" srcset=\"https:\/\/www.enerjigazetesi.ist\/wp-content\/uploads\/2014\/06\/ruzgar-enerjisi-7-yilda-iki-kattan-fazla-buyuyecek-300x198.jpg 300w, https:\/\/www.enerjigazetesi.ist\/wp-content\/uploads\/2014\/06\/ruzgar-enerjisi-7-yilda-iki-kattan-fazla-buyuyecek-75x50.jpg 75w, https:\/\/www.enerjigazetesi.ist\/wp-content\/uploads\/2014\/06\/ruzgar-enerjisi-7-yilda-iki-kattan-fazla-buyuyecek.jpg 377w\" sizes=\"(max-width: 300px) 100vw, 300px\" \/><\/a>ulu r\u00fczg\u00e2r enerjisi g\u00fcc\u00fcn\u00fcn 7 y\u0131l i\u00e7inde iki kattan fazla b\u00fcy\u00fcyece\u011fi \u00f6ng\u00f6r\u00fcld\u00fc. \u0130ngiltere merkezli ara\u015ft\u0131rma ve dan\u0131\u015fmanl\u0131k kurulu\u015fu GlobalData taraf\u0131ndan yap\u0131lan bir \u00e7al\u0131\u015fmaya g\u00f6re 2013 sonunda 319,6 GW\u2019a ula\u015fan d\u00fcnyadaki kurulu r\u00fczg\u00e2r enerjisi g\u00fcc\u00fc 2020 y\u0131l\u0131 sonunda ise 678,5 GW\u2019a ula\u015facak.<\/strong><\/p>\n<p>Kurulu\u015fun \u00f6ng\u00f6r\u00fcs\u00fcne g\u00f6re \u00c7in bu s\u00fcre sonunda ula\u015faca\u011f\u0131 239.7 GW\u2019l\u0131k kurulu g\u00fc\u00e7 ile 2020 y\u0131l\u0131nda d\u00fcnyadaki r\u00fczg\u00e2r t\u00fcrbinlerinin \u00fc\u00e7te birinden fazlas\u0131na ev sahipli\u011fi yap\u0131yor olacak.<\/p>\n<p>2014 ba\u015f\u0131nda r\u00fczg\u00e2r enerjisinde 68,9 GW\u2019l\u0131k kurulu g\u00fcce sahip olan ABD ise 2020 y\u0131l\u0131nca ula\u015faca\u011f\u0131 104,1 GW\u2019l\u0131k kurulu g\u00fc\u00e7 ile bu tarihte, \u00c7in\u2019den sonra, r\u00fczg\u00e2r enerjisindeki ikinci b\u00fcy\u00fck \u00fclke olacak.<\/p>\n<p>Kaynak: <a href=\"http:\/\/www.yesilekonomi.com\/yenilenebilir-enerji\/ruzgr-enerjisi-7-yilda-iki-kattan-fazla-buyuyecek\" target=\"_blank\">Ye\u015fil Ekonomi<\/a><\/p>","protected":false},"excerpt":{"rendered":"<p>Sorry, this entry is only available in Turkish. For the sake of viewer convenience, the content is shown below in the alternative language. You may click the link to switch the active language.K\u00fcresel \u00f6l\u00e7ekte kurulu r\u00fczg\u00e2r enerjisi g\u00fcc\u00fcn\u00fcn 7 y\u0131l i\u00e7inde iki kattan fazla b\u00fcy\u00fcyece\u011fi \u00f6ng\u00f6r\u00fcld\u00fc. \u0130ngiltere merkezli ara\u015ft\u0131rma ve dan\u0131\u015fmanl\u0131k kurulu\u015fu GlobalData taraf\u0131ndan yap\u0131lan [&hellip;]<\/p>\n","protected":false},"author":1,"featured_media":28226,"comment_status":"open","ping_status":"open","sticky":false,"template":"","format":"standard","meta":[],"categories":[53,50],"tags":[63,67,1009,165,5218,69,16],"views":756,"_links":{"self":[{"href":"https:\/\/www.enerjigazetesi.ist\/en\/wp-json\/wp\/v2\/posts\/28225"}],"collection":[{"href":"https:\/\/www.enerjigazetesi.ist\/en\/wp-json\/wp\/v2\/posts"}],"about":[{"href":"https:\/\/www.enerjigazetesi.ist\/en\/wp-json\/wp\/v2\/types\/post"}],"author":[{"embeddable":true,"href":"https:\/\/www.enerjigazetesi.ist\/en\/wp-json\/wp\/v2\/users\/1"}],"replies":[{"embeddable":true,"href":"https:\/\/www.enerjigazetesi.ist\/en\/wp-json\/wp\/v2\/comments?post=28225"}],"version-history":[{"count":1,"href":"https:\/\/www.enerjigazetesi.ist\/en\/wp-json\/wp\/v2\/posts\/28225\/revisions"}],"predecessor-version":[{"id":28227,"href":"https:\/\/www.enerjigazetesi.ist\/en\/wp-json\/wp\/v2\/posts\/28225\/revisions\/28227"}],"wp:featuredmedia":[{"embeddable":true,"href":"https:\/\/www.enerjigazetesi.ist\/en\/wp-json\/wp\/v2\/media\/28226"}],"wp:attachment":[{"href":"https:\/\/www.enerjigazetesi.ist\/en\/wp-json\/wp\/v2\/media?parent=28225"}],"wp:term":[{"taxonomy":"category","embeddable":true,"href":"https:\/\/www.enerjigazetesi.ist\/en\/wp-json\/wp\/v2\/categories?post=28225"},{"taxonomy":"post_tag","embeddable":true,"href":"https:\/\/www.enerjigazetesi.ist\/en\/wp-json\/wp\/v2\/tags?post=28225"}],"curies":[{"name":"wp","href":"https:\/\/api.w.org\/{rel}","templated":true}]}}