{"id":28217,"date":"2014-06-19T15:05:36","date_gmt":"2014-06-19T12:05:36","guid":{"rendered":"https:\/\/www.enerjigazetesi.ist\/?p=28217"},"modified":"2014-06-19T15:05:36","modified_gmt":"2014-06-19T12:05:36","slug":"bir-bucuk-milyar-insan-elektriksiz-yasiyor","status":"publish","type":"post","link":"https:\/\/www.enerjigazetesi.ist\/en\/bir-bucuk-milyar-insan-elektriksiz-yasiyor\/","title":{"rendered":"(Turkish) Bir Bu\u00e7uk Milyar \u0130nsan Elektriksiz Ya\u015f\u0131yor!"},"content":{"rendered":"<p class=\"qtranxs-available-languages-message qtranxs-available-languages-message-en\">Sorry, this entry is only available in <a href=\"https:\/\/www.enerjigazetesi.ist\/tr\/wp-json\/wp\/v2\/posts\/28217\" class=\"qtranxs-available-language-link qtranxs-available-language-link-tr\" title=\"Turkish\">Turkish<\/a>. For the sake of viewer convenience, the content is shown below in the alternative language. You may click the link to switch the active language.<\/p><p><strong>Powering Agriculture\u2019 adl\u0131 uluslararas\u0131 giri\u015fim, t\u00fcm d\u00fcnyada k\u0131rsal alanlarda ya\u015fanan a\u00e7l\u0131k ve yoksullu\u011fa kar\u015f\u0131 yeni enerji sistemleri ile m\u00fccadele etmeye haz\u0131rlan\u0131yor.<\/strong><span id=\"more-65590\"><\/span><\/p>\n<p>Almanya, \u0130sve\u00e7 ve Amerika Birle\u015fik Devletleri Kalk\u0131nma Bakanl\u0131klar\u0131n\u0131n ortak projesi olan Powering Agriculture giri\u015fiminin hedefinde yeni enerji politikalar\u0131 ile yoksullu\u011fun h\u00fck\u00fcm s\u00fcrd\u00fc\u011f\u00fc k\u0131rsal b\u00f6lgeleri kalk\u0131nd\u0131rmak var. Bu fikrin \u00f6z\u00fcnde ise elektrik ve akaryak\u0131t\u0131n daha kolay ula\u015f\u0131l\u0131r k\u0131l\u0131nmas\u0131 ve bu sayede g\u0131da \u00fcretiminin artt\u0131r\u0131larak a\u00e7l\u0131kla m\u00fccadele edilmesi yat\u0131yor. Konuyu biraz a\u00e7al\u0131m: Herhangi bir g\u0131dan\u0131n yeti\u015fti\u011fi ya da \u00fcretildi\u011fi yerden taba\u011f\u0131m\u0131za geldi\u011fi ana kadar ge\u00e7ti\u011fi her a\u015famada enerji t\u00fcketiliyor. Tarla sulamada kullan\u0131lan pompalar\u0131n \u00e7al\u0131\u015fmas\u0131ndan, g\u0131dan\u0131n elektrikli f\u0131r\u0131nlarda pi\u015fmesine kadar. Yery\u00fcz\u00fcnde \u00fcretilen enerjinin \u00fc\u00e7te biri sadece bunun i\u00e7in harcan\u0131yor. Yiyece\u011fimizin taba\u011f\u0131m\u0131zdaki yerini alabilmesi i\u00e7in.<\/p>\n<h2>Bir bu\u00e7uk milyar insan elektriksiz ya\u015f\u0131yor<a href=\"https:\/\/www.enerjigazetesi.ist\/wp-content\/uploads\/2014\/06\/bir-bucuk-milyar-insan-elektriksiz-yasiyor.jpg\"><img loading=\"lazy\" class=\"alignright size-medium wp-image-28218\" src=\"https:\/\/www.enerjigazetesi.ist\/wp-content\/uploads\/2014\/06\/bir-bucuk-milyar-insan-elektriksiz-yasiyor-300x225.jpg\" alt=\"bir-bucuk-milyar-insan-elektriksiz-yasiyor\" width=\"300\" height=\"225\" srcset=\"https:\/\/www.enerjigazetesi.ist\/wp-content\/uploads\/2014\/06\/bir-bucuk-milyar-insan-elektriksiz-yasiyor-300x225.jpg 300w, https:\/\/www.enerjigazetesi.ist\/wp-content\/uploads\/2014\/06\/bir-bucuk-milyar-insan-elektriksiz-yasiyor-500x375.jpg 500w, https:\/\/www.enerjigazetesi.ist\/wp-content\/uploads\/2014\/06\/bir-bucuk-milyar-insan-elektriksiz-yasiyor-66x50.jpg 66w, https:\/\/www.enerjigazetesi.ist\/wp-content\/uploads\/2014\/06\/bir-bucuk-milyar-insan-elektriksiz-yasiyor.jpg 513w\" sizes=\"(max-width: 300px) 100vw, 300px\" \/><\/a><\/h2>\n<p>Madalyonun \u00f6b\u00fcr yan\u0131na bakt\u0131\u011f\u0131m\u0131zda, harcanan bunca \u00e7abaya kar\u015f\u0131 d\u00fcnya \u00fczerinde a\u00e7l\u0131kla m\u00fccadele eden yakla\u015f\u0131k 840 milyon insan oldu\u011funu g\u00f6r\u00fcyoruz. Birle\u015fmi\u015f Milletler\u2019in tar\u0131m \u00f6rg\u00fct\u00fc FAO, 2050 y\u0131l\u0131na kadar, artan d\u00fcnya n\u00fcfusunun doyurulabilmesi i\u00e7in g\u0131da \u00fcretiminin y\u00fczde 70 artt\u0131r\u0131lmas\u0131 gerekti\u011fini bildiriyor. Bunun sa\u011flanabilmesi i\u00e7in g\u0131dan\u0131n daha az enerji, daha az toprak ve daha az su ile yeti\u015ftirilebilmesi gerekiyor.<\/p>\n<p>Powering Agriculture projesini, k\u0131sa ad\u0131 GIZ olan Almanya Uluslararas\u0131 \u0130\u015fbirli\u011fi Kurumu\u2019nda y\u00f6neten Maria Weitz, k\u0131rsal b\u00f6lgelerdeki enerji da\u011f\u0131t\u0131m\u0131n\u0131n mutlaka geli\u015ftirilmesi gerekti\u011fini belirtti. K\u00fcresel \u0131s\u0131nmaya sebep olan sera gaz\u0131 sal\u0131n\u0131m\u0131n\u0131n y\u00fczde 20\u2019sinin g\u0131da \u00fcretiminden kaynakland\u0131\u011f\u0131n\u0131 da vurgulayan Weitz, bunun mutlaka azalt\u0131lmas\u0131 gerekti\u011fini belirterek \u201cTabi ki bunu frenlememiz gerekiyor ve bunun i\u00e7in hem kaynaklar\u0131m\u0131z\u0131 daha etkili kullanmal\u0131 hem de sera gaz\u0131na sebep olmayan enerji alanlar\u0131ndan yararlanmal\u0131y\u0131z\u201d ifadesini kulland\u0131. Weitz bu enerji t\u00fcrlerine \u00f6rnek olarak da g\u00fcne\u015f ve r\u00fczgar enerjilerinin yan\u0131 s\u0131ra, tar\u0131m \u00fcretiminin at\u0131klar\u0131 ile i\u015fletilebilen organik gaz tesislerinin kullan\u0131m\u0131n\u0131 \u00f6neriyor.<\/p>\n<p>S\u00f6zkonusu projenin Amerika aya\u011f\u0131n\u0131 k\u0131sa ad\u0131 USAID olan Amerikan Kalk\u0131nma Dairesi\u2019nde y\u00f6neten Jeremy Foster ise geli\u015ftirilmesi gereken yeni enerji \u00fcretim ve da\u011f\u0131t\u0131m sistemlerinin yerel b\u00f6lgelerde kullan\u0131labilir ve masraf\u0131n\u0131n kar\u015f\u0131lanabilir olmas\u0131 gerekti\u011fini vurgulad\u0131. \u201cGeli\u015fmekte olan \u00fclkelerde temiz, maliyeti kar\u015f\u0131lanabilir ve g\u00fcvenilir enerji olanaklar\u0131 olmayan \u00e7ift\u00e7iler ve tar\u0131m i\u015fletmeleri, gelirlerini artt\u0131rma konusunda olanaklar\u0131n\u0131n \u00e7ok gerisinde kal\u0131yorlar\u201d diyen Foster ayr\u0131ca, s\u00f6z\u00fcn\u00fc etti\u011fi geli\u015fmekte olan \u00fclkelerde yakla\u015f\u0131k 1 bu\u00e7uk milyar insan\u0131n elektri\u011fe ula\u015famad\u0131\u011f\u0131n\u0131 ve her d\u00f6rt ki\u015fiden \u00fc\u00e7\u00fcn\u00fcn bu b\u00f6lgelerde a\u015f\u0131r\u0131 yoksulluk \u00e7ekti\u011fini ifade etti.<\/p>\n<p><strong>Haberin Devam\u0131 i\u00e7in <a href=\"http:\/\/www.dw.de\/tar%C4%B1m-alanlar%C4%B1n%C4%B1n-geli%C5%9Fimi-i%C3%A7in-kal%C4%B1c%C4%B1-enerji\/a-17719392\" target=\"_blank\" rel=\"nofollow\">t\u0131klay\u0131n\u0131z&gt;&gt;&gt;<\/a><\/strong><\/p>\n<p>Kaynak: dw<\/p>","protected":false},"excerpt":{"rendered":"<p>Sorry, this entry is only available in Turkish. For the sake of viewer convenience, the content is shown below in the alternative language. You may click the link to switch the active language.Powering Agriculture\u2019 adl\u0131 uluslararas\u0131 giri\u015fim, t\u00fcm d\u00fcnyada k\u0131rsal alanlarda ya\u015fanan a\u00e7l\u0131k ve yoksullu\u011fa kar\u015f\u0131 yeni enerji sistemleri ile m\u00fccadele etmeye haz\u0131rlan\u0131yor. Almanya, \u0130sve\u00e7 [&hellip;]<\/p>\n","protected":false},"author":1,"featured_media":28218,"comment_status":"open","ping_status":"open","sticky":false,"template":"","format":"standard","meta":[],"categories":[51,53],"tags":[68,61,16013,9931,63,67,1009,165,16014,69,1932,16015,16016,16017],"views":754,"_links":{"self":[{"href":"https:\/\/www.enerjigazetesi.ist\/en\/wp-json\/wp\/v2\/posts\/28217"}],"collection":[{"href":"https:\/\/www.enerjigazetesi.ist\/en\/wp-json\/wp\/v2\/posts"}],"about":[{"href":"https:\/\/www.enerjigazetesi.ist\/en\/wp-json\/wp\/v2\/types\/post"}],"author":[{"embeddable":true,"href":"https:\/\/www.enerjigazetesi.ist\/en\/wp-json\/wp\/v2\/users\/1"}],"replies":[{"embeddable":true,"href":"https:\/\/www.enerjigazetesi.ist\/en\/wp-json\/wp\/v2\/comments?post=28217"}],"version-history":[{"count":1,"href":"https:\/\/www.enerjigazetesi.ist\/en\/wp-json\/wp\/v2\/posts\/28217\/revisions"}],"predecessor-version":[{"id":28219,"href":"https:\/\/www.enerjigazetesi.ist\/en\/wp-json\/wp\/v2\/posts\/28217\/revisions\/28219"}],"wp:featuredmedia":[{"embeddable":true,"href":"https:\/\/www.enerjigazetesi.ist\/en\/wp-json\/wp\/v2\/media\/28218"}],"wp:attachment":[{"href":"https:\/\/www.enerjigazetesi.ist\/en\/wp-json\/wp\/v2\/media?parent=28217"}],"wp:term":[{"taxonomy":"category","embeddable":true,"href":"https:\/\/www.enerjigazetesi.ist\/en\/wp-json\/wp\/v2\/categories?post=28217"},{"taxonomy":"post_tag","embeddable":true,"href":"https:\/\/www.enerjigazetesi.ist\/en\/wp-json\/wp\/v2\/tags?post=28217"}],"curies":[{"name":"wp","href":"https:\/\/api.w.org\/{rel}","templated":true}]}}