{"id":28151,"date":"2014-06-18T14:07:43","date_gmt":"2014-06-18T11:07:43","guid":{"rendered":"https:\/\/www.enerjigazetesi.ist\/?p=28151"},"modified":"2014-06-18T14:07:43","modified_gmt":"2014-06-18T11:07:43","slug":"makale-otomobiller-ve-isiticilarda-hidrojen-donemi-basliyor","status":"publish","type":"post","link":"https:\/\/www.enerjigazetesi.ist\/en\/makale-otomobiller-ve-isiticilarda-hidrojen-donemi-basliyor\/","title":{"rendered":"(Turkish) Makale: Otomobiller ve Is\u0131t\u0131c\u0131larda Hidrojen D\u00f6nemi Ba\u015fl\u0131yor!"},"content":{"rendered":"<p class=\"qtranxs-available-languages-message qtranxs-available-languages-message-en\">Sorry, this entry is only available in <a href=\"https:\/\/www.enerjigazetesi.ist\/tr\/wp-json\/wp\/v2\/posts\/28151\" class=\"qtranxs-available-language-link qtranxs-available-language-link-tr\" title=\"Turkish\">Turkish<\/a>. For the sake of viewer convenience, the content is shown below in the alternative language. You may click the link to switch the active language.<\/p><p><strong>Alternatif enerji kaynaklar\u0131 aray\u0131\u015f\u0131nda, yak\u0131t h\u00fccrelerinden enerji \u00fcretimi dikkat \u00e7ekiyor. \u00d6zellikle otomototiv ve \u0131s\u0131tma sistemleri sanayisi yak\u0131t h\u00fccrelerinden enerji \u00fcretimine y\u00f6nelmi\u015f durumda.Enerji uzman\u0131 Dr. Klaus Bonhoff yak\u0131t h\u00fccreleri alan\u0131nda ya\u015fanan geli\u015fmeleri DW\u2019ye de\u011ferlendirdi. Bonhoff, suyun elektrolizi yoluyla hidrojen elde edildi\u011fini, yak\u0131t h\u00fccreleri sayesinde elektrik ve \u0131s\u0131 kazan\u0131m\u0131n\u0131n m\u00fcmk\u00fcn oldu\u011funu s\u00f6yl\u00fcyor. Hidrojenin evrensel bir enerji kayna\u011f\u0131 oldu\u011funu ve alternatif enerji konusunda \u00f6nemli bir rol \u00fcstlenebilece\u011fini kaydeden Bonhoff, hidrojenin depolanabildi\u011fini, b\u00f6ylece yak\u0131t h\u00fccreleriyle de \u0131s\u0131ya, elektri\u011fe d\u00f6n\u00fc\u015ft\u00fc\u011f\u00fcn\u00fc vurguluyor.<\/strong><\/p>\n<h2>Neden \u015fimdiye dek ilgi g\u00f6rmedi?<\/h2>\n<p>Bonhoff, otomobillerde hidrojenin yak\u0131t olarak kullan\u0131labilece\u011fini, b\u00f6ylece zararl\u0131 at\u0131k sal\u0131n\u0131m\u0131n\u0131n da azalt\u0131labilece\u011fini belirtiyor. Ancak \u015fu ana kadar bu teknik, \u00fcreticilerden<a href=\"https:\/\/www.enerjigazetesi.ist\/wp-content\/uploads\/2014\/06\/makale-otomobiller-ve-isiticilarda-hidrojen-donemi-basliyor.jpg\"><img loading=\"lazy\" class=\"alignleft size-medium wp-image-28152\" src=\"https:\/\/www.enerjigazetesi.ist\/wp-content\/uploads\/2014\/06\/makale-otomobiller-ve-isiticilarda-hidrojen-donemi-basliyor-300x200.jpg\" alt=\"makale-otomobiller-ve-isiticilarda-hidrojen-donemi-basliyor\" width=\"300\" height=\"200\" srcset=\"https:\/\/www.enerjigazetesi.ist\/wp-content\/uploads\/2014\/06\/makale-otomobiller-ve-isiticilarda-hidrojen-donemi-basliyor-300x200.jpg 300w, https:\/\/www.enerjigazetesi.ist\/wp-content\/uploads\/2014\/06\/makale-otomobiller-ve-isiticilarda-hidrojen-donemi-basliyor-500x333.jpg 500w, https:\/\/www.enerjigazetesi.ist\/wp-content\/uploads\/2014\/06\/makale-otomobiller-ve-isiticilarda-hidrojen-donemi-basliyor-75x50.jpg 75w, https:\/\/www.enerjigazetesi.ist\/wp-content\/uploads\/2014\/06\/makale-otomobiller-ve-isiticilarda-hidrojen-donemi-basliyor.jpg 600w\" sizes=\"(max-width: 300px) 100vw, 300px\" \/><\/a> gerekli ilgiyi g\u00f6rmedi. Bonhoff bunun nedenini \u201cSon 5-10 y\u0131lda baz\u0131 ilerlemeler s\u00f6z konusu. Hidrojenle \u00e7al\u0131\u015fan \u0131s\u0131tma sistemleri ve otomobiller \u00fcretildi. Hidrojen sat\u0131n al\u0131nabilecek yak\u0131t istasyonlar\u0131 kuruldu. Ama genel anlamda, bu teknik hen\u00fcz mevcut sistemle \u00e7al\u0131\u015fan teknolojilere g\u00f6re daha pahal\u0131. \u0130klim koruma programlar\u0131m\u0131z\u0131n sa\u011fl\u0131kl\u0131 sonu\u00e7lanabilmesi i\u00e7in hidrojen tekni\u011fine gereksinim duyuluyor. \u015eu s\u0131ralarda teknolojik a\u00e7\u0131dan bir d\u00f6n\u00fcm noktas\u0131 ya\u015fan\u0131yor. E\u011fer bu teknik seri \u00fcretime dahil edilirse, fiyatlar da d\u00fc\u015fecektir\u201d \u015feklinde a\u00e7\u0131kl\u0131yor.<\/p>\n<p>Hidrojen enerjisiyle \u00e7al\u0131\u015fan otomobiller seri halinde \u00fcretiliyor. Dr. Klaus Bonhoff \u201cT\u00fcm analizler, salt batarya teknolojisiyle \u00e7al\u0131\u015fan ara\u00e7lar\u0131n, yo\u011fun talep nedeniyle gereksinimleri t\u00fcm\u00fcyle kar\u015f\u0131layamayaca\u011f\u0131n\u0131 g\u00f6steriyor. Bu nedenle, bataryalara g\u00f6re daha uzun s\u00fcre dayanan yak\u0131t h\u00fccrelerine ihtiya\u00e7 var. Hyundai \u015fu s\u0131ralarda Kaliforniya\u2019da bayilerde yak\u0131t h\u00fccreli ara\u00e7lar\u0131 sat\u0131\u015fa \u00e7\u0131kard\u0131. Di\u011fer \u00fcreticiler de birka\u00e7 y\u0131l sonra bu yoldan ilerleyecekler\u201d a\u00e7\u0131klamas\u0131n\u0131 yap\u0131yor.<\/p>\n<h2>Teknoloji ucuzlayacak<\/h2>\n<p>K\u0131sa s\u00fcreli enerji depolamak i\u00e7in bataryalara gereksinim var. Ancak r\u00fczg\u00e2r veya g\u00fcne\u015ften elde edilen enerjiyi daha uzun s\u00fcre depolamak i\u00e7in hidrojen gerekli. Bu noktada elektrik ve trafik konular\u0131n\u0131n birlikte de\u011ferlendirilmesi gerekiyor. Fazla gelen elektrik hidrojen \u00fcretiminde kullan\u0131labiliyor. B\u00f6ylece elektrik hatlar\u0131n\u0131n a\u015f\u0131r\u0131 y\u00fcklenmesinin \u00f6n\u00fcne ge\u00e7ilebiliyor. Ayn\u0131 zamanda da su enerjisi ara\u00e7 trafi\u011finin hizmetine girecek olursa hidrojen teknolojisinin ucuzlamas\u0131 m\u00fcmk\u00fcn.<\/p>\n<p><strong>Haberin Devam\u0131 i\u00e7in <a href=\"http:\/\/www.dw.de\/otomobiller-ve-%C4%B1s%C4%B1t%C4%B1c%C4%B1larda-hidrojen-d%C3%B6nemi-ba%C5%9Fl%C4%B1yor\/a-17716055\" target=\"_blank\" rel=\"nofollow\">t\u0131klay\u0131n\u0131z&gt;&gt;&gt;<\/a><\/strong><\/p>\n<p>Kaynak: dw.de<\/p>","protected":false},"excerpt":{"rendered":"<p>Sorry, this entry is only available in Turkish. For the sake of viewer convenience, the content is shown below in the alternative language. You may click the link to switch the active language.Alternatif enerji kaynaklar\u0131 aray\u0131\u015f\u0131nda, yak\u0131t h\u00fccrelerinden enerji \u00fcretimi dikkat \u00e7ekiyor. \u00d6zellikle otomototiv ve \u0131s\u0131tma sistemleri sanayisi yak\u0131t h\u00fccrelerinden enerji \u00fcretimine y\u00f6nelmi\u015f durumda.Enerji uzman\u0131 [&hellip;]<\/p>\n","protected":false},"author":1,"featured_media":28152,"comment_status":"open","ping_status":"open","sticky":false,"template":"","format":"standard","meta":[],"categories":[53,157],"tags":[1559,15982,63,67,1009,165,18,14740,5637,15983,15984,15985,4450,2143,15986],"views":792,"_links":{"self":[{"href":"https:\/\/www.enerjigazetesi.ist\/en\/wp-json\/wp\/v2\/posts\/28151"}],"collection":[{"href":"https:\/\/www.enerjigazetesi.ist\/en\/wp-json\/wp\/v2\/posts"}],"about":[{"href":"https:\/\/www.enerjigazetesi.ist\/en\/wp-json\/wp\/v2\/types\/post"}],"author":[{"embeddable":true,"href":"https:\/\/www.enerjigazetesi.ist\/en\/wp-json\/wp\/v2\/users\/1"}],"replies":[{"embeddable":true,"href":"https:\/\/www.enerjigazetesi.ist\/en\/wp-json\/wp\/v2\/comments?post=28151"}],"version-history":[{"count":1,"href":"https:\/\/www.enerjigazetesi.ist\/en\/wp-json\/wp\/v2\/posts\/28151\/revisions"}],"predecessor-version":[{"id":28153,"href":"https:\/\/www.enerjigazetesi.ist\/en\/wp-json\/wp\/v2\/posts\/28151\/revisions\/28153"}],"wp:featuredmedia":[{"embeddable":true,"href":"https:\/\/www.enerjigazetesi.ist\/en\/wp-json\/wp\/v2\/media\/28152"}],"wp:attachment":[{"href":"https:\/\/www.enerjigazetesi.ist\/en\/wp-json\/wp\/v2\/media?parent=28151"}],"wp:term":[{"taxonomy":"category","embeddable":true,"href":"https:\/\/www.enerjigazetesi.ist\/en\/wp-json\/wp\/v2\/categories?post=28151"},{"taxonomy":"post_tag","embeddable":true,"href":"https:\/\/www.enerjigazetesi.ist\/en\/wp-json\/wp\/v2\/tags?post=28151"}],"curies":[{"name":"wp","href":"https:\/\/api.w.org\/{rel}","templated":true}]}}