{"id":28138,"date":"2014-06-18T13:49:24","date_gmt":"2014-06-18T10:49:24","guid":{"rendered":"https:\/\/www.enerjigazetesi.ist\/?p=28138"},"modified":"2014-06-18T13:49:24","modified_gmt":"2014-06-18T10:49:24","slug":"intersolar-odulu-ibc-solarin-oldu","status":"publish","type":"post","link":"https:\/\/www.enerjigazetesi.ist\/en\/intersolar-odulu-ibc-solarin-oldu\/","title":{"rendered":"(Turkish) Intersolar \u00d6d\u00fcl\u00fc IBC Solar\u2019\u0131n Oldu!"},"content":{"rendered":"<p class=\"qtranxs-available-languages-message qtranxs-available-languages-message-en\">Sorry, this entry is only available in <a href=\"https:\/\/www.enerjigazetesi.ist\/tr\/wp-json\/wp\/v2\/posts\/28138\" class=\"qtranxs-available-language-link qtranxs-available-language-link-tr\" title=\"Turkish\">Turkish<\/a>. For the sake of viewer convenience, the content is shown below in the alternative language. You may click the link to switch the active language.<\/p><p><\/p>\n<p style=\"text-align: left;\" align=\"center\"><span style=\"color: #000000;\"><em><b><span style=\"font-family: 'Verdana','sans-serif'; font-size: 9pt;\">\u00a0<\/span><\/b><\/em><span style=\"font-size: medium;\"><em><b><span style=\"font-family: 'Arial','sans-serif';\">Avrupa\u2019n\u0131n en b\u00fcy\u00fck g\u00fcne\u015f enerjisi fuar\u0131 olarak kabul edilen INTERSOLAR 2014,\u00a04-6 Haziran tarihleri aras\u0131nda M\u00fcnih\u2019te ger\u00e7ekle\u015ftirildi. Fuar kapsam\u0131nda d\u00fczenlenen yar\u0131\u015fmada IBC SOLAR, \u201cAvrupa G\u00fcne\u015f Projeleri\u201d kategorisinde 2014 Intersolar \u00d6d\u00fcl\u00fc\u2019n\u00fcn sahibi oldu.<\/span><\/b><\/em><\/span><\/span><\/p>\n<p style=\"text-align: justify;\"><span style=\"color: #000000;\"><span style=\"font-family: 'Arial','sans-serif'; font-size: 9pt;\">G\u00fcne\u015f enerjisi sistemlerinde d\u00fcnya liderlerinden biri olan IBC SOLAR, 2013 y\u0131l\u0131nda tamamlad\u0131\u011f\u0131 H\u00f6lzengraben City Solar Park isimli projesiyle \u00f6d\u00fcle lay\u0131k g\u00f6r\u00fcld\u00fc. \u00d6d\u00fcll\u00fc projenin EPC tedarik\u00e7isi olan firma, \u00f6z-t\u00fcketim amac\u0131yla \u00fcretim yapan santralin planlama, m\u00fchendislik, tedarik ve in\u015faat\u0131n\u0131 ger\u00e7ekle\u015ftirdi.<a href=\"https:\/\/www.enerjigazetesi.ist\/wp-content\/uploads\/2014\/06\/intersolar-odulu-ibc-solarin-oldu.jpg\"><img loading=\"lazy\" class=\"alignright size-medium wp-image-28143\" src=\"https:\/\/www.enerjigazetesi.ist\/wp-content\/uploads\/2014\/06\/intersolar-odulu-ibc-solarin-oldu-300x198.jpg\" alt=\"intersolar-odulu-ibc-solarin-oldu\" width=\"300\" height=\"198\" srcset=\"https:\/\/www.enerjigazetesi.ist\/wp-content\/uploads\/2014\/06\/intersolar-odulu-ibc-solarin-oldu-300x198.jpg 300w, https:\/\/www.enerjigazetesi.ist\/wp-content\/uploads\/2014\/06\/intersolar-odulu-ibc-solarin-oldu-500x330.jpg 500w, https:\/\/www.enerjigazetesi.ist\/wp-content\/uploads\/2014\/06\/intersolar-odulu-ibc-solarin-oldu-75x50.jpg 75w, https:\/\/www.enerjigazetesi.ist\/wp-content\/uploads\/2014\/06\/intersolar-odulu-ibc-solarin-oldu.jpg 600w\" sizes=\"(max-width: 300px) 100vw, 300px\" \/><\/a><\/span><\/span><\/p>\n<p style=\"text-align: justify;\"><span style=\"color: #000000;\"><span style=\"font-family: 'Arial','sans-serif'; font-size: 9pt;\">6.4 MWp kurulu g\u00fcce sahip tesisin \u00f6d\u00fcl almas\u0131ndaki en \u00f6nemli etken, IBC SOLAR\u2019\u0131n uygulad\u0131\u011f\u0131 yenilik\u00e7i teknik uygulamalar oldu. \u00d6zellikle ticari i\u015fletmelerin enerji t\u00fcketiminde ciddi avantajlar sa\u011flayan Do\u011fu-Bat\u0131 y\u00f6nelimli paneller, j\u00fcrinin takdirini kazand\u0131. Panellerin bu \u015fekilde yerle\u015ftirilmesiyle sistem, enerji \u00fcretimini, t\u00fcketimin daha yo\u011fun oldu\u011fu sabah ve ak\u015fam saatlerine kayd\u0131r\u0131yor. B\u00f6ylece tesis, i\u015fletmenin enerji t\u00fcketim yo\u011funlu\u011funu \u00e7ok daha verimli kar\u015f\u0131l\u0131yor. \u0130\u015fletmelerin enerji t\u00fcketim profili dikkate al\u0131narak koordine edilen \u00fcretim, do\u011frudan-t\u00fcketim amac\u0131yla \u00fcretilen enerjinin g\u00fcn i\u00e7erisindeki da\u011f\u0131l\u0131m orant\u0131s\u0131 baz al\u0131nd\u0131\u011f\u0131nda santralin verimi art\u0131yor.<\/span><\/span><\/p>\n<p style=\"text-align: justify;\"><span style=\"color: #000000;\"><span style=\"font-family: 'Arial','sans-serif'; font-size: 9pt;\">Tesisin bir k\u0131sm\u0131 bireysel fon yat\u0131r\u0131mc\u0131lar\u0131na sat\u0131l\u0131rken, 3 MWp\u2019lik k\u0131sm\u0131 ise i\u00e7 t\u00fcketim ihtiya\u00e7lar\u0131n\u0131 kar\u015f\u0131lamak \u00fczere tesis yak\u0131n\u0131ndaki iki ticari i\u015fletme taraf\u0131ndan sat\u0131n al\u0131nd\u0131.<\/span><\/span><\/p>\n<p style=\"text-align: justify;\"><span style=\"color: #000000;\"><span style=\"font-family: 'Arial','sans-serif'; font-size: 9pt;\">IBC SOLAR AG Y\u00f6netim Kurulu \u00dcyesi J\u00f6rg Eggersdorfer, sekt\u00f6r\u00fcn en \u00f6nemli \u00f6d\u00fcl\u00fc say\u0131lan Intersolar \u00d6d\u00fcl\u00fc\u2019n\u00fc kazanmaktan dolay\u0131 duyduklar\u0131 gururu dile getirerek; \u201cH\u00f6lzengraben Solar Park projesi ile Alman g\u00fcne\u015f enerjisinin gelecekte nas\u0131l g\u00f6r\u00fcnece\u011fini ispatlaman\u0131n ilk ad\u0131m\u0131n\u0131 att\u0131k.\u201d dedi.<\/span><\/span><\/p>\n<p style=\"text-align: justify;\"><span style=\"color: #000000;\"><span style=\"font-family: 'Arial','sans-serif'; font-size: 9pt;\">IBC SOLAR T\u00fcrkiye Genel M\u00fcd\u00fcr\u00fc Hayri Bali ise, \u00f6d\u00fcl kazanan bu yeni uygulamay\u0131 T\u00fcrkiye\u2019ye adapte etme \u00fczerine yapt\u0131klar\u0131 \u00e7al\u0131\u015fmalar\u0131 anlatt\u0131: \u201cT\u00fcrkiye\u2019deki yasal d\u00fczenlemeler nedeniyle g\u00fcne\u015f enerjisi santralleri (GES) kurulabilecek araziler k\u0131s\u0131tl\u0131\u2026 \u00d6rne\u011fin tar\u0131m arazileri \u00fczerine GES kurulam\u0131yor. Bu yeni uygulama sayesinde s\u0131n\u0131rl\u0131 alanlardan maksimum verimi almak m\u00fcmk\u00fcn. Bu sebeple uygulama T\u00fcrkiye i\u00e7in de avantajl\u0131 bir \u00e7\u00f6z\u00fcmd\u00fcr ve biz de bu konu \u00fczerinde \u00e7al\u0131\u015f\u0131yoruz.\u201d<\/span><\/span><\/p>\n<p style=\"text-align: justify;\">Yay\u0131nc\u0131: <a href=\"https:\/\/www.enerjigazetesi.ist\" target=\"_blank\">Enerji Gazetesi<\/a><\/p>\n<p><\/p>","protected":false},"excerpt":{"rendered":"<p>Sorry, this entry is only available in Turkish. For the sake of viewer convenience, the content is shown below in the alternative language. You may click the link to switch the active language. \u00a0Avrupa\u2019n\u0131n en b\u00fcy\u00fck g\u00fcne\u015f enerjisi fuar\u0131 olarak kabul edilen INTERSOLAR 2014,\u00a04-6 Haziran tarihleri aras\u0131nda M\u00fcnih\u2019te ger\u00e7ekle\u015ftirildi. Fuar kapsam\u0131nda d\u00fczenlenen yar\u0131\u015fmada IBC SOLAR, [&hellip;]<\/p>\n","protected":false},"author":1,"featured_media":28143,"comment_status":"open","ping_status":"open","sticky":false,"template":"","format":"standard","meta":[],"categories":[53,49],"tags":[15974,15973,63,67,1009,165,227,13,5858,10397,2399,15972,15975,1190],"views":911,"_links":{"self":[{"href":"https:\/\/www.enerjigazetesi.ist\/en\/wp-json\/wp\/v2\/posts\/28138"}],"collection":[{"href":"https:\/\/www.enerjigazetesi.ist\/en\/wp-json\/wp\/v2\/posts"}],"about":[{"href":"https:\/\/www.enerjigazetesi.ist\/en\/wp-json\/wp\/v2\/types\/post"}],"author":[{"embeddable":true,"href":"https:\/\/www.enerjigazetesi.ist\/en\/wp-json\/wp\/v2\/users\/1"}],"replies":[{"embeddable":true,"href":"https:\/\/www.enerjigazetesi.ist\/en\/wp-json\/wp\/v2\/comments?post=28138"}],"version-history":[{"count":1,"href":"https:\/\/www.enerjigazetesi.ist\/en\/wp-json\/wp\/v2\/posts\/28138\/revisions"}],"predecessor-version":[{"id":28144,"href":"https:\/\/www.enerjigazetesi.ist\/en\/wp-json\/wp\/v2\/posts\/28138\/revisions\/28144"}],"wp:featuredmedia":[{"embeddable":true,"href":"https:\/\/www.enerjigazetesi.ist\/en\/wp-json\/wp\/v2\/media\/28143"}],"wp:attachment":[{"href":"https:\/\/www.enerjigazetesi.ist\/en\/wp-json\/wp\/v2\/media?parent=28138"}],"wp:term":[{"taxonomy":"category","embeddable":true,"href":"https:\/\/www.enerjigazetesi.ist\/en\/wp-json\/wp\/v2\/categories?post=28138"},{"taxonomy":"post_tag","embeddable":true,"href":"https:\/\/www.enerjigazetesi.ist\/en\/wp-json\/wp\/v2\/tags?post=28138"}],"curies":[{"name":"wp","href":"https:\/\/api.w.org\/{rel}","templated":true}]}}