{"id":28119,"date":"2014-06-17T22:12:18","date_gmt":"2014-06-17T19:12:18","guid":{"rendered":"https:\/\/www.enerjigazetesi.ist\/?p=28119"},"modified":"2014-06-17T22:12:36","modified_gmt":"2014-06-17T19:12:36","slug":"karadeniz-holdingden-ganaya-iki-adet-yuzer-enerji-santrali","status":"publish","type":"post","link":"https:\/\/www.enerjigazetesi.ist\/en\/karadeniz-holdingden-ganaya-iki-adet-yuzer-enerji-santrali\/","title":{"rendered":"(Turkish) Karadeniz Holding&#8217;den, Gana\u2019ya \u0130ki Adet Y\u00fczer Enerji Santrali&#8230;"},"content":{"rendered":"<p class=\"qtranxs-available-languages-message qtranxs-available-languages-message-en\">Sorry, this entry is only available in <a href=\"https:\/\/www.enerjigazetesi.ist\/tr\/wp-json\/wp\/v2\/posts\/28119\" class=\"qtranxs-available-language-link qtranxs-available-language-link-tr\" title=\"Turkish\">Turkish<\/a>. For the sake of viewer convenience, the content is shown below in the alternative language. You may click the link to switch the active language.<\/p><p><strong>Karadeniz Holding, Gana\u2019ya 10 y\u0131l s\u00fcreyle iki adet toplam 450 MW\u2019l\u0131k y\u00fczer enerji santrali g\u00f6ndermek \u00fczere anla\u015fma sa\u011flad\u0131.<span id=\"more-65550\"><\/span> Karadeniz Holding Y\u00f6netim Kurulu Ba\u015fkan\u0131 Orhan Karadeniz, Enerji Gazetecileri Derne\u011fi (EGAD) \u00fcyeleri ile bir araya geldi\u011fi d\u00fcn ak\u015famki toplant\u0131da Gana\u2019ya 225 MW\u2019l\u0131k ilk geminin yedi ay sonra, ikinci geminin ise 12 ay sonra g\u00f6nderilmesinin planland\u0131\u011f\u0131n\u0131 s\u00f6yledi. Y\u00f6netim Kurulu Ba\u015fkan\u0131 Orhan Karadeniz gemilerin ilk olarak fuel oil kullanaca\u011f\u0131n\u0131 daha sonra do\u011falgaza da ge\u00e7ebilece\u011fini belirtti. Karadeniz, \u201c10 y\u0131ll\u0131k anla\u015fmam\u0131z\u0131n sonunda 10 y\u0131l daha s\u00fcreyi uzatabiliriz. Hatta Gana\u2019dan \u00e7evre \u00fclkelere de elektrik satma olas\u0131l\u0131\u011f\u0131m\u0131z olabilir\u201d dedi.<\/strong><\/p>\n<p>Afrika pazar\u0131na yak\u0131ndan takip ettiklerini belirten Karadeniz, \u201cAfrika\u2019da elektrik pazar\u0131nda acil ihtiya\u00e7 olarak g\u00f6r\u00fclen en az 100,000 MW\u2019l\u0131k bir bo\u015fluk s\u00f6z konus<a href=\"https:\/\/www.enerjigazetesi.ist\/wp-content\/uploads\/2014\/06\/karadeniz-holdingden-ganaya-iki-adet-yuzer-enerji-santrali.jpg\"><img loading=\"lazy\" class=\"alignleft size-medium wp-image-28120\" src=\"https:\/\/www.enerjigazetesi.ist\/wp-content\/uploads\/2014\/06\/karadeniz-holdingden-ganaya-iki-adet-yuzer-enerji-santrali-300x193.jpg\" alt=\"karadeniz-holdingden-ganaya-iki-adet-yuzer-enerji-santrali\" width=\"300\" height=\"193\" srcset=\"https:\/\/www.enerjigazetesi.ist\/wp-content\/uploads\/2014\/06\/karadeniz-holdingden-ganaya-iki-adet-yuzer-enerji-santrali-300x193.jpg 300w, https:\/\/www.enerjigazetesi.ist\/wp-content\/uploads\/2014\/06\/karadeniz-holdingden-ganaya-iki-adet-yuzer-enerji-santrali-500x321.jpg 500w, https:\/\/www.enerjigazetesi.ist\/wp-content\/uploads\/2014\/06\/karadeniz-holdingden-ganaya-iki-adet-yuzer-enerji-santrali-77x50.jpg 77w, https:\/\/www.enerjigazetesi.ist\/wp-content\/uploads\/2014\/06\/karadeniz-holdingden-ganaya-iki-adet-yuzer-enerji-santrali.jpg 600w\" sizes=\"(max-width: 300px) 100vw, 300px\" \/><\/a>u. Bu yat\u0131r\u0131m\u0131n yap\u0131lmas\u0131 gerekiyor. Ayr\u0131ca bu b\u00f6lgedeki bir\u00e7ok \u00fclkede gaz ve petrol rezervleri var. Bunlar ortaya \u00e7\u0131kt\u0131k\u00e7a ve zenginlik artt\u0131k\u00e7a elektrik talebi de h\u0131zla artacakt\u0131r\u201d dedi.<\/p>\n<p>B\u00f6yle bir gemi yat\u0131r\u0131m\u0131n\u0131n MW ba\u015f\u0131na ortalama 1.5 milyon euroya mal oldu\u011funu belirten Karadeniz, \u201cGana\u2019ya g\u00f6nderece\u011fimiz gemilerin finansman\u0131 i\u00e7in yerli ve yabanc\u0131 bankalar ve exim kurulu\u015flar\u0131 ile g\u00f6r\u00fc\u015f\u00fcyoruz. Y\u00fczde 25 civar\u0131nda bir \u00f6zkaynak kullanaca\u011f\u0131m\u0131z\u0131 tahmin ediyorum. Finansman\u0131 da \u00fc\u00e7 ay i\u00e7inde kapatmay\u0131 hedefliyoruz\u201d diye konu\u015ftu.<\/p>\n<p>Karadeniz Holding 2009 y\u0131l\u0131ndan bu yana d\u00fcnyan\u0131n ilk y\u00fczer enerji gemisi filosunu olu\u015fturarak ba\u015fta Irak olmak \u00fczere, Pakistan ve L\u00fcbnan\u2019da projeler y\u00fcr\u00fct\u00fcyor. \u015eirketin sahip oldu\u011fu yedi geminin toplam kurulu g\u00fcc\u00fc 1,100 MW ve in\u015fa halinde de iki gemisi bulunuyor.<\/p>\n<p>Karadeniz Powership Enerji Gemileri projesi kapsam\u0131nda \u015fu anda yedi adet gemileri bulundu\u011funu ve bunlar\u0131n 1,100 MW\u2019l\u0131k kurulu g\u00fcce sahip oldu\u011funu belirten Karadeniz, \u201c\u015eu anda sekizinci ve dokuzuncu gemilerimizi in\u015fa ediyoruz. Bunlar tamamland\u0131\u011f\u0131nda kurulu g\u00fcc\u00fcm\u00fcz 1,500 MW\u2019\u0131 a\u015facak\u201d dedi.<\/p>\n<p><strong>Haberin Devam\u0131 i\u00e7in <a href=\"http:\/\/ekonomi.milliyet.com.tr\/gana-nin-elektrigini-turkler\/ekonomi\/detay\/1898399\/default.htm\" target=\"_blank\" rel=\"nofollow\">t\u0131klay\u0131n\u0131z&gt;&gt;&gt;<\/a><\/strong><\/p>\n<p>Kaynak: Milliyet<\/p>","protected":false},"excerpt":{"rendered":"<p>Sorry, this entry is only available in Turkish. For the sake of viewer convenience, the content is shown below in the alternative language. You may click the link to switch the active language.Karadeniz Holding, Gana\u2019ya 10 y\u0131l s\u00fcreyle iki adet toplam 450 MW\u2019l\u0131k y\u00fczer enerji santrali g\u00f6ndermek \u00fczere anla\u015fma sa\u011flad\u0131. Karadeniz Holding Y\u00f6netim Kurulu Ba\u015fkan\u0131 [&hellip;]<\/p>\n","protected":false},"author":1,"featured_media":28120,"comment_status":"open","ping_status":"open","sticky":false,"template":"","format":"standard","meta":[],"categories":[51,53],"tags":[1709,63,15965,67,1009,165,1975,15966,3624,15967,59,1286,15964],"views":1645,"_links":{"self":[{"href":"https:\/\/www.enerjigazetesi.ist\/en\/wp-json\/wp\/v2\/posts\/28119"}],"collection":[{"href":"https:\/\/www.enerjigazetesi.ist\/en\/wp-json\/wp\/v2\/posts"}],"about":[{"href":"https:\/\/www.enerjigazetesi.ist\/en\/wp-json\/wp\/v2\/types\/post"}],"author":[{"embeddable":true,"href":"https:\/\/www.enerjigazetesi.ist\/en\/wp-json\/wp\/v2\/users\/1"}],"replies":[{"embeddable":true,"href":"https:\/\/www.enerjigazetesi.ist\/en\/wp-json\/wp\/v2\/comments?post=28119"}],"version-history":[{"count":1,"href":"https:\/\/www.enerjigazetesi.ist\/en\/wp-json\/wp\/v2\/posts\/28119\/revisions"}],"predecessor-version":[{"id":28121,"href":"https:\/\/www.enerjigazetesi.ist\/en\/wp-json\/wp\/v2\/posts\/28119\/revisions\/28121"}],"wp:featuredmedia":[{"embeddable":true,"href":"https:\/\/www.enerjigazetesi.ist\/en\/wp-json\/wp\/v2\/media\/28120"}],"wp:attachment":[{"href":"https:\/\/www.enerjigazetesi.ist\/en\/wp-json\/wp\/v2\/media?parent=28119"}],"wp:term":[{"taxonomy":"category","embeddable":true,"href":"https:\/\/www.enerjigazetesi.ist\/en\/wp-json\/wp\/v2\/categories?post=28119"},{"taxonomy":"post_tag","embeddable":true,"href":"https:\/\/www.enerjigazetesi.ist\/en\/wp-json\/wp\/v2\/tags?post=28119"}],"curies":[{"name":"wp","href":"https:\/\/api.w.org\/{rel}","templated":true}]}}