{"id":28103,"date":"2014-06-17T15:01:49","date_gmt":"2014-06-17T12:01:49","guid":{"rendered":"https:\/\/www.enerjigazetesi.ist\/?p=28103"},"modified":"2014-06-17T15:01:49","modified_gmt":"2014-06-17T12:01:49","slug":"yildiz-verimlilik-calismalari-ile-yillik-15-milyar-tl-enerji-tasarrufu","status":"publish","type":"post","link":"https:\/\/www.enerjigazetesi.ist\/en\/yildiz-verimlilik-calismalari-ile-yillik-15-milyar-tl-enerji-tasarrufu\/","title":{"rendered":"(Turkish) Y\u0131ld\u0131z: Verimlilik \u00c7al\u0131\u015fmalar\u0131 \u0130le Y\u0131ll\u0131k 15 Milyar TL Enerji Tasarrufu!"},"content":{"rendered":"<p class=\"qtranxs-available-languages-message qtranxs-available-languages-message-en\">Sorry, this entry is only available in <a href=\"https:\/\/www.enerjigazetesi.ist\/tr\/wp-json\/wp\/v2\/posts\/28103\" class=\"qtranxs-available-language-link qtranxs-available-language-link-tr\" title=\"Turkish\">Turkish<\/a>. For the sake of viewer convenience, the content is shown below in the alternative language. You may click the link to switch the active language.<\/p><p><strong>Enerji ve Tabii Kaynaklar Bakan\u0131 Taner Y\u0131ld\u0131z, T\u00fcrkiye\u2019nin 2023 y\u0131l\u0131 hedefleri do\u011frultusunda her sekt\u00f6rde yap\u0131lan enerji verimlili\u011fi \u00e7al\u0131\u015fmalar\u0131 sonucunda y\u0131ll\u0131k yakla\u015f\u0131k 15 milyar TL tasarruf sa\u011flanabilece\u011fini vurgulad\u0131. Y\u0131ld\u0131z, \u0130stanbul\u2019da 27 Haziran\u2019da yapacaklar\u0131 bir lansman ile \u2018Enerji Tak\u0131m\u0131\u2019 ad\u0131n\u0131 verdikleri \u2018Ula\u015ft\u0131rmada Enerji Verimlili\u011fi\u2019 kampanyas\u0131n\u0131 ba\u015flatacaklar\u0131n\u0131 a\u00e7\u0131klad\u0131.<\/strong><\/p>\n<p>Taner Y\u0131ld\u0131z, Bakanl\u0131kta yap\u0131lan \u2018Enerji verimlili\u011finde yeni te\u015fvik ve uygulamalar\u2019 konulu toplant\u0131da; sanayide, konutlarda, kamuda, sokak ayd\u0131nlatmalar\u0131 ve t\u00fcm alanlarda \u00f6l\u00e7\u00fclebilen de\u011ferlerle ilgili 2023 y\u0131l\u0131na kadar sa\u011flanacak tasarruf oranlar\u0131n\u0131 bildirdi. Hedef g\u00f6sterilen tarihe kad<a href=\"https:\/\/www.enerjigazetesi.ist\/wp-content\/uploads\/2014\/02\/bakan-yildiz-enerji-karisimimiz-degisecek.jpg\"><img loading=\"lazy\" class=\"alignleft size-medium wp-image-22617\" src=\"https:\/\/www.enerjigazetesi.ist\/wp-content\/uploads\/2014\/02\/bakan-yildiz-enerji-karisimimiz-degisecek-300x206.jpg\" alt=\"bakan-yildiz\" width=\"300\" height=\"206\" srcset=\"https:\/\/www.enerjigazetesi.ist\/wp-content\/uploads\/2014\/02\/bakan-yildiz-enerji-karisimimiz-degisecek-300x206.jpg 300w, https:\/\/www.enerjigazetesi.ist\/wp-content\/uploads\/2014\/02\/bakan-yildiz-enerji-karisimimiz-degisecek-72x50.jpg 72w, https:\/\/www.enerjigazetesi.ist\/wp-content\/uploads\/2014\/02\/bakan-yildiz-enerji-karisimimiz-degisecek.jpg 392w\" sizes=\"(max-width: 300px) 100vw, 300px\" \/><\/a>ar sanayide sa\u011flanacak enerji tasarrufu; demir \u00e7elik sekt\u00f6r\u00fcnde 8,4 milyar TL, \u00e7imento sekt\u00f6r\u00fcnde 4,2 milyon TL, petrokimya sekt\u00f6r\u00fcnde 3 milyar TL, seramik sekt\u00f6r\u00fcnde 700 milyon TL olarak tespit edildi\u011fini kaydeden Bakan Y\u0131ld\u0131z, t\u00fcm sanayi sekt\u00f6r\u00fcne bak\u0131ld\u0131\u011f\u0131nda 10 y\u0131lda \u00fclke ekonomisine 65 milyar TL katk\u0131 sa\u011flanaca\u011f\u0131n\u0131 s\u00f6yledi.<\/p>\n<p>Y\u0131ld\u0131z, \u201cBu nedenle, sanayicimizin desteklenmesi amac\u0131yla sanayide enerji verimlili\u011fi \u00e7al\u0131\u015fmalar\u0131n\u0131n te\u015fvik edilmesi h\u00fck\u00fcmetimiz taraf\u0131ndan karara ba\u011flanm\u0131\u015ft\u0131r. Bu ama\u00e7la ald\u0131\u011f\u0131m\u0131z Bakanlar Kurulu Karar\u0131 (9 May\u0131s 2014) ile baz\u0131 enerji yat\u0131r\u0131mlar\u0131n\u0131n te\u015fvik edilmesi kararla\u015ft\u0131r\u0131lm\u0131\u015ft\u0131r. Te\u015fvik edilecek enerji yat\u0131r\u0131mlar\u0131 y\u0131ll\u0131k asgari 500 TEP (Ton E\u015fde\u011feri Petrol) enerji t\u00fcketimi olan mevcut imalat sanayi tesislerinde ger\u00e7ekle\u015ftirilecek, birim \u00fcr\u00fcn ba\u015f\u0131na en az y\u00fczde 20 oran\u0131nda enerji tasarrufu sa\u011flayan ve yat\u0131r\u0131m geri d\u00f6n\u00fc\u015f s\u00fcresi azami 5 y\u0131l olan enerji verimlili\u011fine y\u00f6nelik yat\u0131r\u0131mlar, at\u0131k \u0131s\u0131 kaynakl\u0131 olarak, bir tesisteki at\u0131k \u0131s\u0131dan geri kazan\u0131m yolu ile elektrik \u00fcretimine y\u00f6nelik yat\u0131r\u0131mlar (do\u011falgaza dayal\u0131 elektrik \u00fcretim tesisleri hari\u00e7), bu karar kapsam\u0131nda ayr\u0131ca; asgari 50 Milyon TL tutar\u0131ndaki, s\u0131v\u0131la\u015ft\u0131r\u0131lm\u0131\u015f do\u011fal gaz (LNG) yat\u0131r\u0131mlar\u0131 ve yer alt\u0131 do\u011fal gaz depolama yat\u0131r\u0131mlar\u0131, yap\u0131laca\u011f\u0131 b\u00f6lgeye bak\u0131lmaks\u0131z\u0131n 5. b\u00f6lgede yap\u0131lacak olan yat\u0131r\u0131mlara sa\u011flanan te\u015fviklerden yararland\u0131r\u0131lacakt\u0131r. Faydalan\u0131lacak 5. b\u00f6lge te\u015fvikleri ise Katma De\u011fer Vergisi (KDV) istisnas\u0131, G\u00fcmr\u00fck Vergisi Muafiyeti, vergi indirimi,sigorta primi i\u015fveren hissesi deste\u011fi, faiz deste\u011fi, yat\u0131r\u0131m yeri tahsisi.\u201d dedi.<\/p>\n<p><strong>150 KAMU B\u0130NASINDA ENERJ\u0130 VER\u0130ML\u0130L\u0130\u011e\u0130 ET\u00dcD\u00dc YAPILDI<\/strong><\/p>\n<p>Taner Y\u0131ld\u0131z, \u015fu ana kadar Enerji ve Tabii Kaynaklar Bakanl\u0131\u011f\u0131 taraf\u0131ndan 150 kamu binas\u0131n\u0131n enerji verimlili\u011fi et\u00fcd\u00fc yap\u0131ld\u0131\u011f\u0131na dikkat \u00e7ekerek, \u015funlar\u0131 dile getirdi:<\/p>\n<p>\u201cBu et\u00fctlerin h\u0131zl\u0131 bir \u015fekilde yayg\u0131nla\u015ft\u0131r\u0131lmas\u0131 amac\u0131yla bu y\u0131l b\u00fct\u00e7eye 4 milyon TL \u00f6denek aktar\u0131lm\u0131\u015ft\u0131r. Enerji verimlili\u011fi et\u00fctlerinin daha h\u0131zl\u0131 \u015fekilde yap\u0131lmas\u0131 ve uygulamas\u0131n\u0131n ger\u00e7ekle\u015ftirilmesi i\u00e7in \u00e7al\u0131\u015fmalar devam etmektedir. Bu \u00e7al\u0131\u015fmalar Kamu b\u00fct\u00e7esi ile devam etmekle birlikte s\u00fcreci h\u0131zland\u0131rmak ad\u0131na alternatif bir y\u00f6ntem olarak \u00f6zel sekt\u00f6r eliyle et\u00fctlerin yap\u0131lmas\u0131 sa\u011flanacakt\u0131r. Enerji Performans S\u00f6zle\u015fmesi uygulamalar\u0131n\u0131n \u00f6n\u00fcn\u00fc a\u00e7mak i\u00e7in yap\u0131lan yasal d\u00fczenlemeler Bakanl\u0131\u011f\u0131m\u0131z, Maliye Bakanl\u0131\u011f\u0131 ve Kalk\u0131nma Bakanl\u0131\u011f\u0131 taraf\u0131ndan tamamlanm\u0131\u015f olup Bakanlar Kurulu imzas\u0131ndad\u0131r.\u201d<\/p>\n<p><strong>GENEL AYDINLATMADA LED\u2019L\u0130 TASARRUF<\/strong><\/p>\n<p>Bakan Y\u0131ld\u0131z, genel ayd\u0131nlatmada enerji verimlili\u011fini <span style=\"color: #000000; line-height: 1.7; font-weight: bold; border-bottom-color: #ff0000; border-bottom-width: 3px; border-bottom-style: double; cursor: pointer;\">sa\u011flamak<\/span> \u00fczere de, LED teknolojisinin sa\u011flad\u0131\u011f\u0131 avantajlardan yararlanmak amac\u0131yla mevcut ayd\u0131nlatma sistemlerinin bu teknoloji ile yenilenmesine karar verildi\u011fini belirtti.<br \/>\nAyr\u0131ca, genel ayd\u0131nlatma k\u0131sm\u0131nda yap\u0131lacak d\u00f6n\u00fc\u015f\u00fcm\u00fcn; sadece ampullerin LED teknolojisi ile de\u011fi\u015fimi \u015feklinde de\u011fil t\u00fcm sistemin (direk aral\u0131klar\u0131, direk uzunluklar\u0131 vebenzeri) estetik, g\u00fcvenlik ve verimlilik a\u00e7\u0131s\u0131ndan revizyonu \u015feklinde ger\u00e7ekle\u015fece\u011fi bilgisini payla\u015fan Y\u0131ld\u0131z, \u015funlar\u0131 aktard\u0131:<\/p>\n<p>\u201cLED d\u00f6n\u00fc\u015f\u00fcm projesi, belirledi\u011fimiz stratejiler do\u011frultusunda bir \u00f6nceliklendirmeye g\u00f6re ba\u015flanacak ve \u00f6n\u00fcm\u00fczdeki 3-4 y\u0131l i\u00e7erisinde tamamlanm\u0131\u015f olacakt\u0131r. Bu konudaki mevzuat \u00e7al\u0131\u015fmalar\u0131n\u0131n tamamlanm\u0131\u015f oldu\u011funu da belirtmek isterim. \u00dclkemizde toplam 6 milyon adet armat\u00fcr var. Sadece armat\u00fcrlerin de\u011fi\u015fimi i\u00e7in yakla\u015f\u0131k 3 milyar liral\u0131k yat\u0131r\u0131m yap\u0131lacak. Bu y\u0131l sokak ayd\u0131nlatmalar\u0131 i\u00e7in devletin kasas\u0131ndan 1.2 milyar lira para \u00e7\u0131kacak. Bu \u00e7al\u0131\u015fmalar\u0131m\u0131zdan sonra bu paran\u0131n yar\u0131 yar\u0131ya d\u00fc\u015fece\u011fini hesapl\u0131yoruz. Yani 600 milyon TL tasarruf edilecek. Yap\u0131lacak yat\u0131r\u0131m kendisini 3.5-4 y\u0131lda amorti edecek.\u201d<\/p>\n<p><strong>\u201cENERJ\u0130 TAKIMI OLU\u015eTURUYORUZ\u201d<\/strong><\/p>\n<p>Bakan Y\u0131ld\u0131z, enerji verimlili\u011fi k\u00fclt\u00fcr\u00fcn\u00fc olu\u015fturmak i\u00e7in \u015fu ana kadar; \u2018Enerji Han\u0131m\u2019, \u2018Enerji \u00c7ocuk\u2019, \u2018Sanayide Enerji Verimlili\u011fi\u2019 uygulamalar\u0131n\u0131 hayata ge\u00e7irdiklerini hat\u0131rlatarak, \u015fimdi de 27 Haziran\u2019da \u0130stanbul\u2019da yapacaklar\u0131 bir lansman ile &#8216;Ula\u015ft\u0131rmada Enerji Verimlili\u011fi&#8217; kampanyas\u0131n\u0131 ba\u015flatacaklar\u0131n\u0131, bu d\u00f6rt ayakl\u0131 yap\u0131ya da &#8216;Enerji Tak\u0131m\u0131&#8217; ad\u0131n\u0131 verdiklerini s\u00f6zlerine ekledi.<\/p>\n<p>Kaynak: <a href=\"http:\/\/www.haberyurdum.com\/yildiz-verimlilik-calismalari-yillik-15-milyar-tl-enerji-tasarrufu-saglayacak-520903h.html\" target=\"_blank\">Haber Yurdum<\/a><\/p>","protected":false},"excerpt":{"rendered":"<p>Sorry, this entry is only available in Turkish. For the sake of viewer convenience, the content is shown below in the alternative language. You may click the link to switch the active language.Enerji ve Tabii Kaynaklar Bakan\u0131 Taner Y\u0131ld\u0131z, T\u00fcrkiye\u2019nin 2023 y\u0131l\u0131 hedefleri do\u011frultusunda her sekt\u00f6rde yap\u0131lan enerji verimlili\u011fi \u00e7al\u0131\u015fmalar\u0131 sonucunda y\u0131ll\u0131k yakla\u015f\u0131k 15 milyar [&hellip;]<\/p>\n","protected":false},"author":1,"featured_media":3287,"comment_status":"open","ping_status":"open","sticky":false,"template":"","format":"standard","meta":[],"categories":[53,52],"tags":[710,63,67,1009,165,15946,103,12,12966,1155,487,667,15945],"views":654,"_links":{"self":[{"href":"https:\/\/www.enerjigazetesi.ist\/en\/wp-json\/wp\/v2\/posts\/28103"}],"collection":[{"href":"https:\/\/www.enerjigazetesi.ist\/en\/wp-json\/wp\/v2\/posts"}],"about":[{"href":"https:\/\/www.enerjigazetesi.ist\/en\/wp-json\/wp\/v2\/types\/post"}],"author":[{"embeddable":true,"href":"https:\/\/www.enerjigazetesi.ist\/en\/wp-json\/wp\/v2\/users\/1"}],"replies":[{"embeddable":true,"href":"https:\/\/www.enerjigazetesi.ist\/en\/wp-json\/wp\/v2\/comments?post=28103"}],"version-history":[{"count":1,"href":"https:\/\/www.enerjigazetesi.ist\/en\/wp-json\/wp\/v2\/posts\/28103\/revisions"}],"predecessor-version":[{"id":28104,"href":"https:\/\/www.enerjigazetesi.ist\/en\/wp-json\/wp\/v2\/posts\/28103\/revisions\/28104"}],"wp:featuredmedia":[{"embeddable":true,"href":"https:\/\/www.enerjigazetesi.ist\/en\/wp-json\/wp\/v2\/media\/3287"}],"wp:attachment":[{"href":"https:\/\/www.enerjigazetesi.ist\/en\/wp-json\/wp\/v2\/media?parent=28103"}],"wp:term":[{"taxonomy":"category","embeddable":true,"href":"https:\/\/www.enerjigazetesi.ist\/en\/wp-json\/wp\/v2\/categories?post=28103"},{"taxonomy":"post_tag","embeddable":true,"href":"https:\/\/www.enerjigazetesi.ist\/en\/wp-json\/wp\/v2\/tags?post=28103"}],"curies":[{"name":"wp","href":"https:\/\/api.w.org\/{rel}","templated":true}]}}