{"id":27946,"date":"2014-06-13T15:48:06","date_gmt":"2014-06-13T12:48:06","guid":{"rendered":"https:\/\/www.enerjigazetesi.ist\/?p=27946"},"modified":"2014-06-13T15:48:06","modified_gmt":"2014-06-13T12:48:06","slug":"iraktaki-gelismeler-petrol-fiyatlarini-yukseltiyor","status":"publish","type":"post","link":"https:\/\/www.enerjigazetesi.ist\/en\/iraktaki-gelismeler-petrol-fiyatlarini-yukseltiyor\/","title":{"rendered":"(Turkish) Irak\u2019taki Geli\u015fmeler Petrol Fiyatlar\u0131n\u0131 Y\u00fckseltiyor&#8230;"},"content":{"rendered":"<p class=\"qtranxs-available-languages-message qtranxs-available-languages-message-en\">Sorry, this entry is only available in <a href=\"https:\/\/www.enerjigazetesi.ist\/tr\/wp-json\/wp\/v2\/posts\/27946\" class=\"qtranxs-available-language-link qtranxs-available-language-link-tr\" title=\"Turkish\">Turkish<\/a>. For the sake of viewer convenience, the content is shown below in the alternative language. You may click the link to switch the active language.<\/p><p><strong>\u0130ki Irak \u015fehrinin militanlar taraf\u0131ndan ele ge\u00e7irilmesinin piyasan\u0131n \u00fclkenin petrol ihracat\u0131na duydu\u011fu g\u00fcveni sarsmas\u0131n\u0131n ard\u0131ndan petrol fiyat\u0131 y\u00fckseli\u015fe ge\u00e7ti.<\/strong><span id=\"more-65462\"><\/span><\/p>\n<p><a href=\"https:\/\/www.enerjigazetesi.ist\/wp-content\/uploads\/2014\/06\/Irak-petrol\u00fc.jpg\"><img loading=\"lazy\" class=\"alignright size-medium wp-image-27947\" src=\"https:\/\/www.enerjigazetesi.ist\/wp-content\/uploads\/2014\/06\/Irak-petrol\u00fc-300x164.jpg\" alt=\"Irak-petrol\u00fc\" width=\"300\" height=\"164\" srcset=\"https:\/\/www.enerjigazetesi.ist\/wp-content\/uploads\/2014\/06\/Irak-petrol\u00fc-300x164.jpg 300w, https:\/\/www.enerjigazetesi.ist\/wp-content\/uploads\/2014\/06\/Irak-petrol\u00fc-500x273.jpg 500w, https:\/\/www.enerjigazetesi.ist\/wp-content\/uploads\/2014\/06\/Irak-petrol\u00fc-80x43.jpg 80w, https:\/\/www.enerjigazetesi.ist\/wp-content\/uploads\/2014\/06\/Irak-petrol\u00fc.jpg 803w\" sizes=\"(max-width: 300px) 100vw, 300px\" \/><\/a>Brent petrol\u00fcn varil fiyat\u0131 112.29 dolar\u0131 g\u00f6rd\u00fc. Bu fiyat 2014\u2032te g\u00f6r\u00fclen en y\u00fcksek fiyat\u0131n yaln\u0131zca 10 sent alt\u0131nda. Bat\u0131 Teksas tipi ham petrol\u00fcn fiyat\u0131 ise Eyl\u00fcl 2013\u2032ten bu yana ilk kez 106 dolar\u0131n \u00fcst\u00fcne t\u0131rmand\u0131.<\/p>\n<p>Irak\u2019\u0131n ham petrol ihracat\u0131 Musul ve Tikrit\u2019e ger\u00e7ekle\u015ftirilen sald\u0131r\u0131lardan hen\u00fcz pek etkilenmese de fiyatlar \u015fiddet olaylar\u0131n\u0131n \u00fclkedeki \u00fcretimin \u00e7o\u011funlu\u011funun yap\u0131ld\u0131\u011f\u0131 g\u00fcneye de yay\u0131labilece\u011fi endi\u015fesi ile y\u00fckseldi.<\/p>\n<p>Norve\u00e7\u2019te faaliyet g\u00f6steren DNB Markets petrol analisti Torbjorn Kjus konu hakk\u0131nda, \u201cFiyat \u015fu an 2 dolar y\u00fckseldi ama \u015fiddet olaylar\u0131n\u0131n g\u00fcneye de s\u0131\u00e7ramas\u0131 gibi geli\u015fmeler ya\u015fan\u0131rsa \u00e7ok daha fazla y\u00fckselebilir,\u201d diye konu\u015ftu.<\/p>\n<p>\u00c7ar\u015famba g\u00fcn\u00fc Viyana\u2019da yap\u0131lan OPEC toplant\u0131s\u0131nda konu\u015fan Irak Petrol Bakan\u0131 Abdul Kerim Luaiby Irak\u2019\u0131n g\u00fcneyindeki petrol \u00fcretim alanlar\u0131n\u0131n \u2018\u00e7ok \u00e7ok g\u00fcvenli\u2019 oldu\u011funu s\u00f6ylemi\u015fti. Commerzbank analistleri ise Ba\u011fdat\u2019taki h\u00fck\u00fcmetin \u00fclkenin b\u00fcy\u00fck b\u00f6l\u00fcm\u00fcndeki kontrol\u00fcn\u00fc giderek yitirdi\u011fini belirterek Luaibly\u2019nin a\u00e7\u0131klamalar\u0131n\u0131n \u2018neredeyse abs\u00fcrd\u2019 g\u00f6r\u00fcnd\u00fc\u011f\u00fc s\u00f6yledi.<\/p>\n<p>Devam\u0131 i\u00e7in <a href=\"http:\/\/www.wsj.com.tr\/article\/SB10001424052702303373004579620122651292590.html\" target=\"_blank\" rel=\"nofollow\">t\u0131klay\u0131n\u0131z<\/a>.<\/p>","protected":false},"excerpt":{"rendered":"<p>Sorry, this entry is only available in Turkish. For the sake of viewer convenience, the content is shown below in the alternative language. You may click the link to switch the active language.\u0130ki Irak \u015fehrinin militanlar taraf\u0131ndan ele ge\u00e7irilmesinin piyasan\u0131n \u00fclkenin petrol ihracat\u0131na duydu\u011fu g\u00fcveni sarsmas\u0131n\u0131n ard\u0131ndan petrol fiyat\u0131 y\u00fckseli\u015fe ge\u00e7ti. Brent petrol\u00fcn varil fiyat\u0131 [&hellip;]<\/p>\n","protected":false},"author":1,"featured_media":27947,"comment_status":"open","ping_status":"open","sticky":false,"template":"","format":"standard","meta":[],"categories":[53,44],"tags":[1591,14575,4846,6007,15860,15861,15717,59,347,628],"views":760,"_links":{"self":[{"href":"https:\/\/www.enerjigazetesi.ist\/en\/wp-json\/wp\/v2\/posts\/27946"}],"collection":[{"href":"https:\/\/www.enerjigazetesi.ist\/en\/wp-json\/wp\/v2\/posts"}],"about":[{"href":"https:\/\/www.enerjigazetesi.ist\/en\/wp-json\/wp\/v2\/types\/post"}],"author":[{"embeddable":true,"href":"https:\/\/www.enerjigazetesi.ist\/en\/wp-json\/wp\/v2\/users\/1"}],"replies":[{"embeddable":true,"href":"https:\/\/www.enerjigazetesi.ist\/en\/wp-json\/wp\/v2\/comments?post=27946"}],"version-history":[{"count":1,"href":"https:\/\/www.enerjigazetesi.ist\/en\/wp-json\/wp\/v2\/posts\/27946\/revisions"}],"predecessor-version":[{"id":27948,"href":"https:\/\/www.enerjigazetesi.ist\/en\/wp-json\/wp\/v2\/posts\/27946\/revisions\/27948"}],"wp:featuredmedia":[{"embeddable":true,"href":"https:\/\/www.enerjigazetesi.ist\/en\/wp-json\/wp\/v2\/media\/27947"}],"wp:attachment":[{"href":"https:\/\/www.enerjigazetesi.ist\/en\/wp-json\/wp\/v2\/media?parent=27946"}],"wp:term":[{"taxonomy":"category","embeddable":true,"href":"https:\/\/www.enerjigazetesi.ist\/en\/wp-json\/wp\/v2\/categories?post=27946"},{"taxonomy":"post_tag","embeddable":true,"href":"https:\/\/www.enerjigazetesi.ist\/en\/wp-json\/wp\/v2\/tags?post=27946"}],"curies":[{"name":"wp","href":"https:\/\/api.w.org\/{rel}","templated":true}]}}