{"id":27792,"date":"2014-06-11T13:48:10","date_gmt":"2014-06-11T10:48:10","guid":{"rendered":"https:\/\/www.enerjigazetesi.ist\/?p=27792"},"modified":"2014-06-11T14:03:06","modified_gmt":"2014-06-11T11:03:06","slug":"betek-boyadan-iklim-degisikligi-icin-karbon-ayak-izi-hesaplamasi","status":"publish","type":"post","link":"https:\/\/www.enerjigazetesi.ist\/en\/betek-boyadan-iklim-degisikligi-icin-karbon-ayak-izi-hesaplamasi\/","title":{"rendered":"(Turkish) Betek Boya&#8217;dan \u0130klim De\u011fi\u015fikli\u011fi \u0130\u00e7in Karbon Ayak \u0130zi Hesaplamas\u0131&#8230;"},"content":{"rendered":"<p class=\"qtranxs-available-languages-message qtranxs-available-languages-message-en\">Sorry, this entry is only available in <a href=\"https:\/\/www.enerjigazetesi.ist\/tr\/wp-json\/wp\/v2\/posts\/27792\" class=\"qtranxs-available-language-link qtranxs-available-language-link-tr\" title=\"Turkish\">Turkish<\/a>. For the sake of viewer convenience, the content is shown below in the alternative language. You may click the link to switch the active language.<\/p><p><\/p>\n<p style=\"text-align: left;\" align=\"center\"><strong><span style=\"font-family: 'Verdana','sans-serif';\">Betek Boya, faaliyet g\u00f6sterdi\u011fi alanlarda sera gaz\u0131 envanteri olu\u015fturarak iklim de\u011fi\u015fikli\u011fi ile m\u00fccadele konusunda b\u00fcy\u00fck bir ad\u0131m att\u0131. <\/span><span style=\"font-family: 'Verdana','sans-serif';\">K\u00fcresel iklim de\u011fi\u015fikli\u011finin insanl\u0131\u011fa yaratt\u0131\u011f\u0131 sorunlar\u0131n bilincinde olan <span style=\"font-family: 'Verdana','sans-serif';\">Betek Boya<\/span>, bu anlay\u0131\u015fla <\/span><a style=\"background-repeat: no-repeat;\" name=\"_GoBack\"><\/a>2013 y\u0131l\u0131nda ISO 14064-1 standard\u0131na g\u00f6re hesaplad\u0131\u011f\u0131 Sera Gaz\u0131 Emisyon Raporu\u201dnu akredite kurum olarak TSE\u2019ye do\u011frulatt\u0131.<\/strong><\/p>\n<p>2013 y\u0131l\u0131nda ISO 14064-1:2007 standard\u0131 kapsam\u0131nda kurulu\u015f s\u0131n\u0131rlar\u0131n\u0131 belirleyen ve kurulu\u015f kapsam\u0131na T\u00fcrkiye\u2019deki b\u00fct\u00fcn faaliyet alanlar\u0131n\u0131 alan <em><span style=\"font-family: 'Verdana','sans-serif';\">Betek Boya; Ge<a href=\"https:\/\/www.enerjigazetesi.ist\/wp-content\/uploads\/2014\/06\/betek-boyadan-iklim-degisikligi-icin-karbon-ayak-izi-hesaplamasi.jpg\"><img loading=\"lazy\" class=\"alignright size-medium wp-image-27793\" src=\"https:\/\/www.enerjigazetesi.ist\/wp-content\/uploads\/2014\/06\/betek-boyadan-iklim-degisikligi-icin-karbon-ayak-izi-hesaplamasi-300x223.jpg\" alt=\"betek-boyadan-iklim-degisikligi-icin-karbon-ayak-izi-hesaplamasi\" width=\"300\" height=\"223\" srcset=\"https:\/\/www.enerjigazetesi.ist\/wp-content\/uploads\/2014\/06\/betek-boyadan-iklim-degisikligi-icin-karbon-ayak-izi-hesaplamasi-300x223.jpg 300w, https:\/\/www.enerjigazetesi.ist\/wp-content\/uploads\/2014\/06\/betek-boyadan-iklim-degisikligi-icin-karbon-ayak-izi-hesaplamasi-500x371.jpg 500w, https:\/\/www.enerjigazetesi.ist\/wp-content\/uploads\/2014\/06\/betek-boyadan-iklim-degisikligi-icin-karbon-ayak-izi-hesaplamasi-67x50.jpg 67w, https:\/\/www.enerjigazetesi.ist\/wp-content\/uploads\/2014\/06\/betek-boyadan-iklim-degisikligi-icin-karbon-ayak-izi-hesaplamasi.jpg 600w\" sizes=\"(max-width: 300px) 100vw, 300px\" \/><\/a>nel M\u00fcd\u00fcrl\u00fc\u011f\u00fcn\u00fcn, Gebze\u2019deki iki fabrikas\u0131n\u0131n, Kayseri\u2019deki fabrikas\u0131n\u0131n ve 12 B\u00f6lge M\u00fcd\u00fcrl\u00fc\u011f\u00fc\u2019<\/span><\/em>n\u00fcn karbon ayak izini hesap kapsam\u0131na ald\u0131. Bu do\u011frultuda yapt\u0131\u011f\u0131 \u00e7al\u0131\u015fmalarla <strong><span style=\"font-family: 'Verdana','sans-serif';\">Betek Boya<\/span><\/strong>\u2019n\u0131n 2013 y\u0131l\u0131nda tamamlad\u0131\u011f\u0131 <strong><span style=\"font-family: 'Verdana','sans-serif';\">\u201cSera Gaz\u0131 Emisyon Raporu\u201d<\/span><\/strong> 2014 y\u0131l\u0131nda TSE taraf\u0131ndan <strong><span style=\"font-family: 'Verdana','sans-serif';\">\u201cMAKUL G\u00dcVEN SEV\u0130YES\u0130NDE\u201d<\/span><\/strong> do\u011fruland\u0131. Bundan sonraki y\u0131llarda sera gaz\u0131 emisyonlar\u0131n\u0131 \u201cEnerji Y\u00f6netim Sistemi\u201d hedefleri ile uyumlu olarak azaltma karar\u0131 alan <strong><span style=\"font-family: 'Verdana','sans-serif';\">Betek Boya<\/span><\/strong>, iklim de\u011fi\u015fikli\u011fi ile m\u00fccadelede d\u00fc\u015f\u00fck karbon ekonomisine ge\u00e7i\u015f sa\u011flayarak \u00f6nemli bir ad\u0131m atm\u0131\u015f oldu.<\/p>\n<p>Sundu\u011fu hizmet a\u011f\u0131n\u0131 s\u00fcrekli b\u00fcy\u00fctt\u00fc\u011f\u00fc i\u00e7in enerji ihtiyac\u0131 da her ge\u00e7en g\u00fcn artan <strong><span style=\"font-family: 'Verdana','sans-serif';\">Betek Boya<\/span><\/strong>, ger\u00e7ekle\u015ftirdi\u011fi bu \u00f6rnek \u00e7al\u0131\u015fmayla enerji t\u00fcketiminin ve dolay\u0131s\u0131yla sera gaz\u0131 emisyonlar\u0131n\u0131n azalt\u0131lmas\u0131n\u0131 hedefliyor.\u00a0 Enerjiden tasarruf sa\u011flayarak yak\u0131tta d\u0131\u015fa ba\u011f\u0131ml\u0131l\u0131k nedeniyle cari a\u00e7\u0131\u011f\u0131n azalmas\u0131na da katk\u0131 sa\u011flayacak olan Betek Boya, bu \u00e7al\u0131\u015fmas\u0131yla sekt\u00f6rdeki di\u011fer firmalara da \u00f6rnek te\u015fkil edecek.<\/p>\n<p>Konuyla ilgili a\u00e7\u0131klama yapan Betek Pazarlama Genel M\u00fcd\u00fcr Yard\u0131mc\u0131s\u0131 G\u00fclay Dindoruk \u201cEnerji ve Tabii Kaynaklar Bakanl\u0131\u011f\u0131 verilerine g\u00f6re T\u00fcrkiye\u2019de enerjinin %37\u2019si binalarda, %32\u2019si sanayide, %20\u2019si ula\u015f\u0131mda ve %11\u2019i tar\u0131mda kullan\u0131l\u0131yor. Bu \u00e7er\u00e7evede, toplam enerji t\u00fcketiminde binalardan sonra ikinci en b\u00fcy\u00fck paya sahip sanayi sekt\u00f6r\u00fcnde sera gaz\u0131 emisyonlar\u0131n\u0131 azaltmak i\u00e7in harekete ge\u00e7en \u00c7evre ve \u015eehircilik Bakanl\u0131\u011f\u0131 da, enerjinin yo\u011fun olarak t\u00fcketildi\u011fi \u00e7imento, demir &#8211; \u00e7elik, cam vb. sekt\u00f6rleri \u00f6ncelikli olmak \u00fczere sera gaz\u0131 emisyon raporu uygulamas\u0131n\u0131 ba\u015flatt\u0131. Biz her ne kadar \u00fcretim faaliyetlerimizde enerjiyi yo\u011fun olarak kullanmasak da gelecek nesillere daha iyi bir d\u00fcnya b\u0131rakmak ad\u0131na \u201c Sera Gaz\u0131 Emisyon Raporumuzu haz\u0131rlad\u0131k ve do\u011frulatt\u0131k. Bundan sonra da her y\u0131l d\u00fczenli olarak Enerji Y\u00f6netim Sistemi hedeflerimiz do\u011frultusunda enerjiyi olabildi\u011fince verimli kullan\u0131p sera gaz\u0131 emisyonunu m\u00fcmk\u00fcn olan en d\u00fc\u015f\u00fck seviyelere d\u00fc\u015f\u00fcrmek i\u00e7in \u00e7al\u0131\u015fmalar\u0131m\u0131z\u0131 s\u00fcrd\u00fcrece\u011fiz.\u201d<\/p>\n<p>Sera gazlar\u0131n\u0131n zararl\u0131 etkilerini azaltmak i\u00e7in yap\u0131lacak en etkili \u00e7\u00f6z\u00fcm\u00fcn, binalarda \u0131s\u0131 yal\u0131t\u0131m\u0131 yapmaktan ge\u00e7ti\u011fini de s\u00f6zlerine ekleyen <strong><span style=\"font-family: 'Verdana','sans-serif';\">Dindoruk,<\/span><\/strong> \u201cBetek olarak enerji tasarrufunda en \u00f6nemli kalemlerden biri olan \u0131s\u0131 yal\u0131t\u0131m\u0131n\u0131 \u00fclkemizin geli\u015fimi ile b\u00fct\u00fcnle\u015fen bir sosyal sorumluluk projesi olarak g\u00f6r\u00fcyoruz. Bu do\u011frultuda yapt\u0131\u011f\u0131m\u0131z \u00e7al\u0131\u015fmalarla da Betek Boya \u00e7at\u0131s\u0131 alt\u0131nda bulunan t\u00fcm yal\u0131t\u0131m \u00fcr\u00fcnlerimizle 2003 \u2013 2013 y\u0131llar\u0131 aras\u0131nda \u00fclkemizin 2,9 milyon ton karbondioksit e\u015fde\u011feri sera gaz\u0131 sal\u0131m\u0131 tasarruf etmesini sa\u011flad\u0131k. \u00a0Bu rakamlara bakt\u0131\u011f\u0131m\u0131zda da \u0131s\u0131 yal\u0131t\u0131m\u0131n sera gaz\u0131 sal\u0131m\u0131nda ne kadar \u00f6nemli oldu\u011funu g\u00f6r\u00fcyoruz. \u201c dedi.<\/p>\n<p>D\u00fcnyam\u0131z\u0131 gelecek nesillere aktarma sorumlulu\u011fu ile do\u011fal kaynaklar\u0131n s\u00fcrd\u00fcr\u00fclebilirli\u011fi,\u00a0 sera gaz\u0131 sal\u0131m\u0131n\u0131n azalt\u0131lmas\u0131 ve enerji t\u00fcketiminin d\u00fc\u015f\u00fcr\u00fclmesi i\u00e7in sadece \u015firket i\u00e7inde de\u011fil t\u00fcm T\u00fcrkiye \u00e7ap\u0131nda enerji verimlili\u011fi alan\u0131nda \u00e7al\u0131\u015fmay\u0131 misyon olarak benimseyen <strong><span style=\"font-family: 'Verdana','sans-serif';\">Betek Boya<\/span><\/strong>, k\u00fcresel iklim de\u011fi\u015fikli\u011fi konusunda yenilik\u00e7i \u00e7al\u0131\u015fmalar\u0131na devam edecek.<\/p>\n<p>Yay\u0131nc\u0131: <a href=\"https:\/\/www.enerjigazetesi.ist\" target=\"_blank\">Enerji Gazetesi<\/a><\/p>","protected":false},"excerpt":{"rendered":"<p>Sorry, this entry is only available in Turkish. For the sake of viewer convenience, the content is shown below in the alternative language. You may click the link to switch the active language. Betek Boya, faaliyet g\u00f6sterdi\u011fi alanlarda sera gaz\u0131 envanteri olu\u015fturarak iklim de\u011fi\u015fikli\u011fi ile m\u00fccadele konusunda b\u00fcy\u00fck bir ad\u0131m att\u0131. K\u00fcresel iklim de\u011fi\u015fikli\u011finin insanl\u0131\u011fa [&hellip;]<\/p>\n","protected":false},"author":1,"featured_media":27793,"comment_status":"open","ping_status":"open","sticky":false,"template":"","format":"standard","meta":[],"categories":[53,52],"tags":[15768,63,67,1009,165,12,10019,1999,4497,15769],"views":833,"_links":{"self":[{"href":"https:\/\/www.enerjigazetesi.ist\/en\/wp-json\/wp\/v2\/posts\/27792"}],"collection":[{"href":"https:\/\/www.enerjigazetesi.ist\/en\/wp-json\/wp\/v2\/posts"}],"about":[{"href":"https:\/\/www.enerjigazetesi.ist\/en\/wp-json\/wp\/v2\/types\/post"}],"author":[{"embeddable":true,"href":"https:\/\/www.enerjigazetesi.ist\/en\/wp-json\/wp\/v2\/users\/1"}],"replies":[{"embeddable":true,"href":"https:\/\/www.enerjigazetesi.ist\/en\/wp-json\/wp\/v2\/comments?post=27792"}],"version-history":[{"count":6,"href":"https:\/\/www.enerjigazetesi.ist\/en\/wp-json\/wp\/v2\/posts\/27792\/revisions"}],"predecessor-version":[{"id":27800,"href":"https:\/\/www.enerjigazetesi.ist\/en\/wp-json\/wp\/v2\/posts\/27792\/revisions\/27800"}],"wp:featuredmedia":[{"embeddable":true,"href":"https:\/\/www.enerjigazetesi.ist\/en\/wp-json\/wp\/v2\/media\/27793"}],"wp:attachment":[{"href":"https:\/\/www.enerjigazetesi.ist\/en\/wp-json\/wp\/v2\/media?parent=27792"}],"wp:term":[{"taxonomy":"category","embeddable":true,"href":"https:\/\/www.enerjigazetesi.ist\/en\/wp-json\/wp\/v2\/categories?post=27792"},{"taxonomy":"post_tag","embeddable":true,"href":"https:\/\/www.enerjigazetesi.ist\/en\/wp-json\/wp\/v2\/tags?post=27792"}],"curies":[{"name":"wp","href":"https:\/\/api.w.org\/{rel}","templated":true}]}}