{"id":27689,"date":"2014-06-09T13:12:15","date_gmt":"2014-06-09T10:12:15","guid":{"rendered":"https:\/\/www.enerjigazetesi.ist\/?p=27689"},"modified":"2014-06-09T13:12:15","modified_gmt":"2014-06-09T10:12:15","slug":"kuzey-irak-petrolunu-tasiyan-tanker-atlantik-okyanusunda","status":"publish","type":"post","link":"https:\/\/www.enerjigazetesi.ist\/en\/kuzey-irak-petrolunu-tasiyan-tanker-atlantik-okyanusunda\/","title":{"rendered":"(Turkish) Kuzey Irak Petrol\u00fcn\u00fc Ta\u015f\u0131yan Tanker Atlantik Okyanusu\u2019nda&#8230;"},"content":{"rendered":"<p class=\"qtranxs-available-languages-message qtranxs-available-languages-message-en\">Sorry, this entry is only available in <a href=\"https:\/\/www.enerjigazetesi.ist\/tr\/wp-json\/wp\/v2\/posts\/27689\" class=\"qtranxs-available-language-link qtranxs-available-language-link-tr\" title=\"Turkish\">Turkish<\/a>. For the sake of viewer convenience, the content is shown below in the alternative language. You may click the link to switch the active language.<\/p><p><strong>Batt\u0131\u011f\u0131 y\u00f6n\u00fcnde haberlerle g\u00fcndemde olan Marshall Adalar\u0131\u2019na ait bayra\u011f\u0131 bulunan gemiyle \u0130talya yolculu\u011funa \u00e7\u0131kan Kuzey Irak petrol\u00fc, ABD\u2019nin ve Ba\u011fdat\u2019\u0131n engelleri sonras\u0131 halen okyanus a\u00e7\u0131klar\u0131nda dola\u015f\u0131yor. Kuzey Irak\u2019tan Ceyhan\u2019a g\u00f6nderildikten sonra tankerle yola \u00e7\u0131kan petrol, okyanusta kald\u0131. \u0130talya\u2019ya gitmek i\u00e7in yola \u00e7\u0131kan, ancak, Ba\u011fdat y\u00f6netimi ve ABD\u2019nin de giri\u015fimleri sonucu potansiyel al\u0131c\u0131lar\u0131yla bulu\u015famayan K\u00fcrt petrol\u00fc, Fas k\u0131y\u0131lar\u0131nda da uzun s\u00fcre kalamad\u0131. Petrol sat\u0131\u015f\u0131n\u0131 denetim alt\u0131na almakta kararl\u0131 olan Ba\u011fdat y\u00f6netimi ise T\u00fcrkiye aleyhine a\u00e7t\u0131\u011f\u0131 tahkim davas\u0131nda kendi hakemini atad\u0131. T\u00fcrkiye\u2019nin de kendi hakemini g\u00f6ndermesinin ard\u0131ndan tahkim davas\u0131 ba\u011f\u0131ms\u0131z uzmanlar\u0131n da kat\u0131l\u0131m\u0131yla g\u00f6r\u00fclmeye ba\u015flanacak.<\/strong><\/p>\n<p>K\u00fcrt y\u00f6netimi taraf\u0131ndan Irak merkezi y\u00f6n<a href=\"https:\/\/www.enerjigazetesi.ist\/wp-content\/uploads\/2014\/06\/kuzey-irak-petrolunu-tasiyan-tanker-atlantik-okyanusunda.jpg\"><img loading=\"lazy\" class=\"alignleft size-medium wp-image-27690\" src=\"https:\/\/www.enerjigazetesi.ist\/wp-content\/uploads\/2014\/06\/kuzey-irak-petrolunu-tasiyan-tanker-atlantik-okyanusunda-300x200.jpg\" alt=\"kuzey-irak-petrolunu-tasiyan-tanker-atlantik-okyanusunda\" width=\"300\" height=\"200\" srcset=\"https:\/\/www.enerjigazetesi.ist\/wp-content\/uploads\/2014\/06\/kuzey-irak-petrolunu-tasiyan-tanker-atlantik-okyanusunda-300x200.jpg 300w, https:\/\/www.enerjigazetesi.ist\/wp-content\/uploads\/2014\/06\/kuzey-irak-petrolunu-tasiyan-tanker-atlantik-okyanusunda-500x334.jpg 500w, https:\/\/www.enerjigazetesi.ist\/wp-content\/uploads\/2014\/06\/kuzey-irak-petrolunu-tasiyan-tanker-atlantik-okyanusunda-74x50.jpg 74w, https:\/\/www.enerjigazetesi.ist\/wp-content\/uploads\/2014\/06\/kuzey-irak-petrolunu-tasiyan-tanker-atlantik-okyanusunda.jpg 600w\" sizes=\"(max-width: 300px) 100vw, 300px\" \/><\/a>etiminin itiraz\u0131na ra\u011fmen Ceyhan\u2019a g\u00f6nderilen petrol iki hafta \u00f6nce United Leadership adl\u0131 tankere y\u00fcklendi. Son olarak Fas\u2019\u0131n Muhammediye liman\u0131na demirleyen tanker, y\u00fck\u00fcn\u00fc burada da bo\u015faltamad\u0131. \u0130ki g\u00fcn demir atan tanker daha sonra Fas\u2019tan uzakla\u015ft\u0131.<\/p>\n<h2>\u00c7\u0131k\u0131\u015f rotas\u0131 \u0130talya<\/h2>\n<p>Kay\u0131tlara g\u00f6re Ceyhan\u2019dan Sicilya\u2019ya gitmek i\u00e7in yola \u00e7\u0131kan geminin, son konumu itibar\u0131yla Atlantik Okyanusu a\u00e7\u0131klar\u0131nda oldu\u011fu belirtildi. Tankerin y\u00fck\u00fcn\u00fc nereye bo\u015faltaca\u011f\u0131 sorusu belirsizli\u011fini konuyor. Sekt\u00f6r kaynaklar\u0131ndan edinilen bilgiye g\u00f6re potansiyel al\u0131c\u0131lar, T\u00fcrkiye aleyhinde tahkim ba\u015fvurusunda bulunan Ba\u011fdat y\u00f6netiminin, kendileri i\u00e7in de benzer bir s\u00fcre\u00e7 ba\u015flataca\u011f\u0131nden endi\u015feli. Ba\u011fdat y\u00f6netiminin, Avrupa\u2019daki potansiyel al\u0131c\u0131lar\u0131 da izleyebilmek i\u00e7in \u00f6nlem ald\u0131\u011f\u0131 belirtildi. Ceyhan\u2019\u0131n depolama kapasitesi s\u0131n\u0131rl\u0131 oldu\u011fu ve Kuzey Irak\u2019tan petrol ihrac\u0131 devam etti\u011fi i\u00e7in petrol\u00fcn bir s\u00fcre daha uluslararas\u0131 sularda, tankerde kalabilece\u011fi tahmin ediliyor.<\/p>\n<p>Bu arada Kuzey Irak petrol\u00fcnde 2. tanker de denize a\u00e7\u0131ld\u0131. \u0130kinci sevkiyat Malta bayrakl\u0131 Seamusic tankeri ile yola \u00e7\u0131kt\u0131.<\/p>\n<p>Haberin Devam\u0131 i\u00e7in <a href=\"http:\/\/ekonomi.milliyet.com.tr\/kuzey-irak-petrolu-okyanusta\/ekonomi\/detay\/1894175\/default.htm\" target=\"_blank\" rel=\"nofollow\">t\u0131klay\u0131n\u0131z&gt;&gt;&gt;<\/a><\/p>\n<p>Kaynak: Milliyet<\/p>","protected":false},"excerpt":{"rendered":"<p>Sorry, this entry is only available in Turkish. For the sake of viewer convenience, the content is shown below in the alternative language. You may click the link to switch the active language.Batt\u0131\u011f\u0131 y\u00f6n\u00fcnde haberlerle g\u00fcndemde olan Marshall Adalar\u0131\u2019na ait bayra\u011f\u0131 bulunan gemiyle \u0130talya yolculu\u011funa \u00e7\u0131kan Kuzey Irak petrol\u00fc, ABD\u2019nin ve Ba\u011fdat\u2019\u0131n engelleri sonras\u0131 halen [&hellip;]<\/p>\n","protected":false},"author":1,"featured_media":27690,"comment_status":"open","ping_status":"open","sticky":false,"template":"","format":"standard","meta":[],"categories":[53,44],"tags":[1198,15681,1535,63,67,1009,165,15682,7853,7338,746,59,11997,15683,846],"views":1055,"_links":{"self":[{"href":"https:\/\/www.enerjigazetesi.ist\/en\/wp-json\/wp\/v2\/posts\/27689"}],"collection":[{"href":"https:\/\/www.enerjigazetesi.ist\/en\/wp-json\/wp\/v2\/posts"}],"about":[{"href":"https:\/\/www.enerjigazetesi.ist\/en\/wp-json\/wp\/v2\/types\/post"}],"author":[{"embeddable":true,"href":"https:\/\/www.enerjigazetesi.ist\/en\/wp-json\/wp\/v2\/users\/1"}],"replies":[{"embeddable":true,"href":"https:\/\/www.enerjigazetesi.ist\/en\/wp-json\/wp\/v2\/comments?post=27689"}],"version-history":[{"count":1,"href":"https:\/\/www.enerjigazetesi.ist\/en\/wp-json\/wp\/v2\/posts\/27689\/revisions"}],"predecessor-version":[{"id":27691,"href":"https:\/\/www.enerjigazetesi.ist\/en\/wp-json\/wp\/v2\/posts\/27689\/revisions\/27691"}],"wp:featuredmedia":[{"embeddable":true,"href":"https:\/\/www.enerjigazetesi.ist\/en\/wp-json\/wp\/v2\/media\/27690"}],"wp:attachment":[{"href":"https:\/\/www.enerjigazetesi.ist\/en\/wp-json\/wp\/v2\/media?parent=27689"}],"wp:term":[{"taxonomy":"category","embeddable":true,"href":"https:\/\/www.enerjigazetesi.ist\/en\/wp-json\/wp\/v2\/categories?post=27689"},{"taxonomy":"post_tag","embeddable":true,"href":"https:\/\/www.enerjigazetesi.ist\/en\/wp-json\/wp\/v2\/tags?post=27689"}],"curies":[{"name":"wp","href":"https:\/\/api.w.org\/{rel}","templated":true}]}}