{"id":27686,"date":"2014-06-09T13:03:52","date_gmt":"2014-06-09T10:03:52","guid":{"rendered":"https:\/\/www.enerjigazetesi.ist\/?p=27686"},"modified":"2014-06-09T13:04:15","modified_gmt":"2014-06-09T10:04:15","slug":"cesmede-insasi-devam-eden-resler-tepkilere-neden-oluyor","status":"publish","type":"post","link":"https:\/\/www.enerjigazetesi.ist\/en\/cesmede-insasi-devam-eden-resler-tepkilere-neden-oluyor\/","title":{"rendered":"(Turkish) \u00c7e\u015fme\u2019de, \u0130n\u015fas\u0131 Devam Eden RES\u2019ler Tepkilere Neden Oluyor!"},"content":{"rendered":"<p class=\"qtranxs-available-languages-message qtranxs-available-languages-message-en\">Sorry, this entry is only available in <a href=\"https:\/\/www.enerjigazetesi.ist\/tr\/wp-json\/wp\/v2\/posts\/27686\" class=\"qtranxs-available-language-link qtranxs-available-language-link-tr\" title=\"Turkish\">Turkish<\/a>. For the sake of viewer convenience, the content is shown below in the alternative language. You may click the link to switch the active language.<\/p><p><strong>Enerjisinin y\u00fczde 70\u2019ten fazlas\u0131n\u0131 ithal eden T\u00fcrkiye, son y\u0131llarda d\u0131\u015fa ba\u011f\u0131ml\u0131l\u0131\u011f\u0131n\u0131 azaltmak i\u00e7in yerli kaynaklara y\u00f6neliyor. Ancak al\u0131nan acele kamula\u015ft\u0131rma kararlar\u0131 ve \u00c7ED onay\u0131 olmadan yap\u0131lan yat\u0131r\u0131mlar, baz\u0131 sivil toplum \u00f6rg\u00fctleri ve b\u00f6lge sakinlerinin tepkisini \u00e7ekiyor.<\/strong><span id=\"more-65286\"><\/span><\/p>\n<p>T\u00fcrkiye, b\u00fcy\u00fck oranda d\u0131\u015fa ba\u011f\u0131ml\u0131 oldu\u011fu enerjide bir yandan yerli kaynaklara y\u00f6nelmeye \u00e7al\u0131\u015f\u0131yor. Fakat enerji yat\u0131r\u0131mlar\u0131ndaki yanl\u0131\u015f uygulamalar, d\u0131\u015fa ba\u011f\u0131ml\u0131l\u0131ktan daha b\u00fcy\u00fck sorunlar\u0131n ortaya \u00e7\u0131kmas\u0131na neden oluyor. Karadeniz b\u00f6lgesinde, \u00f6zellikle derelerin \u00fczerinde in\u015fa edilen k\u00fc\u00e7\u00fck \u00f6l\u00e7ekli hidrolik santraller (HES) son y\u0131llarda tart\u0131<a href=\"https:\/\/www.enerjigazetesi.ist\/wp-content\/uploads\/2014\/06\/cesmede-insasi-devam-eden-resler-tepkilere-neden-oluyor.jpg\"><img loading=\"lazy\" class=\"alignright size-medium wp-image-27687\" src=\"https:\/\/www.enerjigazetesi.ist\/wp-content\/uploads\/2014\/06\/cesmede-insasi-devam-eden-resler-tepkilere-neden-oluyor-300x209.jpg\" alt=\"cesmede-insasi-devam-eden-resler-tepkilere-neden-oluyor\" width=\"300\" height=\"209\" srcset=\"https:\/\/www.enerjigazetesi.ist\/wp-content\/uploads\/2014\/06\/cesmede-insasi-devam-eden-resler-tepkilere-neden-oluyor-300x209.jpg 300w, https:\/\/www.enerjigazetesi.ist\/wp-content\/uploads\/2014\/06\/cesmede-insasi-devam-eden-resler-tepkilere-neden-oluyor-500x349.jpg 500w, https:\/\/www.enerjigazetesi.ist\/wp-content\/uploads\/2014\/06\/cesmede-insasi-devam-eden-resler-tepkilere-neden-oluyor-71x50.jpg 71w, https:\/\/www.enerjigazetesi.ist\/wp-content\/uploads\/2014\/06\/cesmede-insasi-devam-eden-resler-tepkilere-neden-oluyor.jpg 565w\" sizes=\"(max-width: 300px) 100vw, 300px\" \/><\/a>\u015f\u0131l\u0131rken, HES\u2019lere kar\u015f\u0131 kitlesel bir tepki olu\u015ftu demek yanl\u0131\u015f olmaz. Baz\u0131 b\u00f6lgelerden r\u00fczg\u00e2r enerjisi santralleriyle (RES) ilgili \u015fik\u00e2yetler de y\u00fckseliyor. Son olarak T\u00fcrkiye\u2019nin turizm merkezlerinden biri olan \u00c7e\u015fme\u2019de, in\u015fas\u0131 devam eden RES\u2019ler tepkilere neden oldu.<\/p>\n<h2>Acele kamula\u015ft\u0131rma<\/h2>\n<p>Reuters\u2019\u0131n Evrim Ergin imzas\u0131 ta\u015f\u0131yan haberinde, yakla\u015f\u0131k 80 megavatl\u0131k (MW) be\u015f farkl\u0131 r\u00fczg\u00e2r santrali projesi y\u00fcr\u00fct\u00fclen \u00c7e\u015fme\u2019de ya\u015fanan s\u0131k\u0131nt\u0131lar g\u00fcndeme getiriliyor. \u00c7e\u015fme S\u00fcrd\u00fcr\u00fclebilir Ya\u015fam Platformu S\u00f6zc\u00fcs\u00fc Esen Fatma Kabaday\u0131, \u015funlar\u0131 s\u00f6yl\u00fcyor: \u201cBu b\u00f6lgede yap\u0131lacak santrallerle ilgili 2000\u2019li y\u0131llardan bu yana \u00e7al\u0131\u015fma yap\u0131lmas\u0131na ra\u011fmen, ge\u00e7ti\u011fimiz y\u0131l toprak sahiplerine \u2018acele kamula\u015ft\u0131rma\u2019 ile ilgili tebligatlar ula\u015ft\u0131r\u0131l\u0131nca halk\u0131n haberi oldu. Yap\u0131lacak projelerle ilgili halk yeterince bilgilendirilmedi. Bu projeler tek bir proje gibi g\u00f6z\u00fckmedi\u011fi i\u00e7in \u00c7ED raporu al\u0131nmas\u0131na gerek g\u00f6r\u00fclm\u00fcyor. Ancak \u00e7evreye etkileri bir b\u00fct\u00fcn olarak de\u011ferlendirilmeli ve ortak bir \u00c7ED raporu al\u0131nmal\u0131. Urla ve Karaburun\u2019da da ayn\u0131 sorunlar ya\u015fan\u0131yor.\u201d<\/p>\n<h2>Onlara 13 y\u0131l, bize 60 g\u00fcn<\/h2>\n<p>Konuyla ilgili sorular\u0131m\u0131z\u0131 yan\u0131tlayan Kabaday\u0131, s\u00fcrecin 2000 y\u0131l\u0131nda r\u00fczg\u00e2r \u00f6l\u00e7\u00fcm direklerinin kurulmas\u0131yla ba\u015flad\u0131\u011f\u0131n\u0131, 2008\u2019de de \u00fcretim lisanslar\u0131 verildi\u011fini hat\u0131rlatarak, \u015f\u00f6yle devam ediyor: \u201cAncak 2013\u2019te acele kamula\u015ft\u0131rma karar\u0131 gelene kadar kimse halka bir \u015fey s\u00f6ylemiyor. Acele kamula\u015ft\u0131rma tebligat\u0131 gelince, 60 g\u00fcn dava a\u00e7ma s\u00fcreniz var, t\u00fcm hakk\u0131n\u0131z bu. Onlar 13 y\u0131l \u00e7al\u0131\u015f\u0131yorlar, size tan\u0131nan s\u00fcre 60 g\u00fcn. Bir acele kamula\u015ft\u0131rma karar\u0131yla ilgili y\u00fcr\u00fctmeyi durdurma da ald\u0131k. Ge\u00e7en hafta yeni kamula\u015ft\u0131rma kararlar\u0131 \u00e7\u0131kt\u0131. Ger\u00e7ekten insanlar\u0131n kafas\u0131n\u0131n \u00fcst\u00fcnde, yerle\u015fimin ortas\u0131nda santraller var. Bu konuda bin ki\u015finin imzalad\u0131\u011f\u0131 bir dilek\u00e7e haz\u0131rlad\u0131k. Fakat yetkililer dilek\u00e7enin \u015fik\u00e2yet unsurlar\u0131 ta\u015f\u0131d\u0131\u011f\u0131n\u0131 ve tek tek verilmesi gerekti\u011fini belirterek kabul etmedi.\u201d<\/p>\n<h2>Projeler turizmi etkilemez<\/h2>\n<p>EPDK yetkilileri ise ge\u00e7ti\u011fimiz y\u0131l \u00c7e\u015fme\u2019de incelemelerde bulunduklar\u0131n\u0131 belirterek, \u201cBuras\u0131 yerle\u015fim alan\u0131m\u0131z diyorlar ama asl\u0131nda oras\u0131 bir tepe. Konut yap\u0131lmas\u0131 zor bir alan. Projeler turizm b\u00f6lgesiyle alakal\u0131 bir yerde de\u011fil. Yine de iktidar partisinin il\u00e7e ba\u015fkan\u0131 bile kar\u015f\u0131 \u00e7\u0131k\u0131yor. Lisanslar\u0131 \u00f6nceden verdik fakat trafo merkezi yeni yap\u0131ld\u0131\u011f\u0131 i\u00e7in i\u015flemler yeni yap\u0131l\u0131yor. \u00c7e\u015fme\u2019de santral say\u0131s\u0131 az. Ayr\u0131ca \u2018\u00c7ED gerekli de\u011fildir\u2019 karar\u0131 verilirken bile t\u00fcm ilgili kurulu\u015flar\u0131n g\u00f6r\u00fc\u015f\u00fc al\u0131n\u0131yor. Baz\u0131 HES projelerinde sonradan S\u0130T alan\u0131 ilan edilen oldu, bu projeler hayata ge\u00e7medi\u201d \u015feklinde konu\u015ftu.<\/p>\n<h2>\u201c\u00c7ED gerekli de\u011fildir\u201d belgesi<\/h2>\n<p>\u00c7e\u015fme\u2019de 16 MW\u2019l\u0131k r\u00fczg\u00e2r enerjisi yat\u0131r\u0131m\u0131 yapan ABK \u00c7e\u015fme R\u00fczgar Enerji\u2019nin avukat\u0131 Arsin Demir de \u00c7ED Y\u00f6netmeli\u011fi \u00e7er\u00e7evesinde t\u00fcrbin say\u0131s\u0131 20 ve \u00fczeri olan RES\u2019ler i\u00e7in \u00c7ED belgesi al\u0131nmas\u0131 gerekti\u011fi hat\u0131rlatmas\u0131 yaparak, proje i\u00e7in \u2018\u00c7ED gerekli de\u011fildir\u2019 belgeleri bulundu\u011funu s\u00f6yledi. B\u00f6lgenin 1. ve 2. derece do\u011fal S\u0130T alan\u0131 olmas\u0131 nedeniyle de do\u011fal hayat\u0131 korumak i\u00e7in \u00e7al\u0131\u015fmalar yapt\u0131klar\u0131n\u0131 belirten Demir, \u201c\u00c7e\u015fme\u2019de yap\u0131lmakta olan veya yap\u0131lacak projelerin tamam\u0131 tek bir proje olarak de\u011ferlendirilemez\u201d dedi.<\/p>\n<p>HaberinDevam\u0131 i\u00e7in <a href=\"http:\/\/www.hurriyet.com.tr\/ekonomi\/26570537.asp\" target=\"_blank\" rel=\"nofollow\">t\u0131klay\u0131n\u0131z&gt;&gt;&gt;<\/a><\/p>\n<p>Kaynak: H\u00fcrriyet<\/p>","protected":false},"excerpt":{"rendered":"<p>Sorry, this entry is only available in Turkish. For the sake of viewer convenience, the content is shown below in the alternative language. You may click the link to switch the active language.Enerjisinin y\u00fczde 70\u2019ten fazlas\u0131n\u0131 ithal eden T\u00fcrkiye, son y\u0131llarda d\u0131\u015fa ba\u011f\u0131ml\u0131l\u0131\u011f\u0131n\u0131 azaltmak i\u00e7in yerli kaynaklara y\u00f6neliyor. Ancak al\u0131nan acele kamula\u015ft\u0131rma kararlar\u0131 ve \u00c7ED [&hellip;]<\/p>\n","protected":false},"author":1,"featured_media":27687,"comment_status":"open","ping_status":"open","sticky":false,"template":"","format":"standard","meta":[],"categories":[53,50],"tags":[15677,12886,5135,15680,63,67,1009,165,750,35370,474,69,10278,16,231,15678,15679],"views":784,"_links":{"self":[{"href":"https:\/\/www.enerjigazetesi.ist\/en\/wp-json\/wp\/v2\/posts\/27686"}],"collection":[{"href":"https:\/\/www.enerjigazetesi.ist\/en\/wp-json\/wp\/v2\/posts"}],"about":[{"href":"https:\/\/www.enerjigazetesi.ist\/en\/wp-json\/wp\/v2\/types\/post"}],"author":[{"embeddable":true,"href":"https:\/\/www.enerjigazetesi.ist\/en\/wp-json\/wp\/v2\/users\/1"}],"replies":[{"embeddable":true,"href":"https:\/\/www.enerjigazetesi.ist\/en\/wp-json\/wp\/v2\/comments?post=27686"}],"version-history":[{"count":1,"href":"https:\/\/www.enerjigazetesi.ist\/en\/wp-json\/wp\/v2\/posts\/27686\/revisions"}],"predecessor-version":[{"id":27688,"href":"https:\/\/www.enerjigazetesi.ist\/en\/wp-json\/wp\/v2\/posts\/27686\/revisions\/27688"}],"wp:featuredmedia":[{"embeddable":true,"href":"https:\/\/www.enerjigazetesi.ist\/en\/wp-json\/wp\/v2\/media\/27687"}],"wp:attachment":[{"href":"https:\/\/www.enerjigazetesi.ist\/en\/wp-json\/wp\/v2\/media?parent=27686"}],"wp:term":[{"taxonomy":"category","embeddable":true,"href":"https:\/\/www.enerjigazetesi.ist\/en\/wp-json\/wp\/v2\/categories?post=27686"},{"taxonomy":"post_tag","embeddable":true,"href":"https:\/\/www.enerjigazetesi.ist\/en\/wp-json\/wp\/v2\/tags?post=27686"}],"curies":[{"name":"wp","href":"https:\/\/api.w.org\/{rel}","templated":true}]}}