{"id":2762,"date":"2012-10-12T09:23:50","date_gmt":"2012-10-12T06:23:50","guid":{"rendered":"https:\/\/www.enerjigazetesi.ist\/?p=2762"},"modified":"2012-10-12T09:41:14","modified_gmt":"2012-10-12T06:41:14","slug":"suriye-salteri-indirdi","status":"publish","type":"post","link":"https:\/\/www.enerjigazetesi.ist\/en\/suriye-salteri-indirdi\/","title":{"rendered":"(Turkish) Suriye Elektrik \u015ealterini \u0130ndirdi"},"content":{"rendered":"<p class=\"qtranxs-available-languages-message qtranxs-available-languages-message-en\">Sorry, this entry is only available in <a href=\"https:\/\/www.enerjigazetesi.ist\/tr\/wp-json\/wp\/v2\/posts\/2762\" class=\"qtranxs-available-language-link qtranxs-available-language-link-tr\" title=\"Turkish\">Turkish<\/a>. For the sake of viewer convenience, the content is shown below in the alternative language. You may click the link to switch the active language.<\/p><p><\/p>\n<h2 style=\"text-align: left;\">Enerji ve Tabii Kaynaklar Bakan\u0131 Taner Y\u0131ld\u0131z, Suriye\u2019nin T\u00fcrkiye\u2019den elektrik al\u0131m\u0131n\u0131 kendi iste\u011fiyle durdurdu\u011funu a\u00e7\u0131klad\u0131. Y\u0131ld\u0131z, \u201cSuriye t\u00fcketti\u011fi elektri\u011fin y\u00fczde 18-20\u2019sini T\u00fcrkiye\u2019den al\u0131yordu\u201d dedi.<\/h2>\n<p style=\"text-align: left;\">\u00a0<\/p>\n<div id=\"_Middle2\">\n<div id=\"_MiddleLeft2\"><img loading=\"lazy\" class=\"alignright size-medium wp-image-2763\" title=\"suriye-salteri-indirdi-2705788\" src=\"https:\/\/www.enerjigazetesi.ist\/wp-content\/uploads\/2012\/10\/suriye-salteri-indirdi-2705788-300x210.jpg\" alt=\"\" width=\"300\" height=\"210\" srcset=\"https:\/\/www.enerjigazetesi.ist\/wp-content\/uploads\/2012\/10\/suriye-salteri-indirdi-2705788-300x210.jpg 300w, https:\/\/www.enerjigazetesi.ist\/wp-content\/uploads\/2012\/10\/suriye-salteri-indirdi-2705788-71x50.jpg 71w, https:\/\/www.enerjigazetesi.ist\/wp-content\/uploads\/2012\/10\/suriye-salteri-indirdi-2705788.jpg 485w\" sizes=\"(max-width: 300px) 100vw, 300px\" \/>Enerji ve Tabii Kaynaklar Bakan\u0131 Taner Y\u0131ld\u0131z, Suriye\u2019nin bir hafta \u00f6nce, kendi tercihi do\u011frultusunda, T\u00fcrkiye\u2019den elektrik ak\u0131m\u0131n\u0131 tek tarafl\u0131 durdurdu\u011funu s\u00f6yledi.<br \/>\nY\u0131ld\u0131z, 3. T\u00fcrkiye Enerji Zirvesi\u2019ne kat\u0131lmak i\u00e7in geldi\u011fi Kayseri\u2019de bas\u0131n mensuplar\u0131n\u0131n sorular\u0131n\u0131 yan\u0131tlad\u0131. Suriye\u2019ye 15 ayd\u0131r \u00f6zel sekt\u00f6r marifetiyle 2.3 milyar kilowatt\/saat civar\u0131nda elektrik sat\u0131\u015f\u0131 yap\u0131ld\u0131\u011f\u0131n\u0131 belirten Y\u0131ld\u0131z, \u015fu bilgileri verdi:<br \/>\n\u201cBu bizim Suriye halk\u0131na her zaman yard\u0131mc\u0131 olabilmek i\u00e7in geli\u015ftirdi\u011fimiz bir politikayd\u0131. Tercih etmeleri durumunda b\u00fct\u00fcn Suriye halk\u0131n\u0131n yararlanmas\u0131 ad\u0131na bu kap\u0131n\u0131n a\u00e7\u0131k oldu\u011funu belirtiyoruz. Tabii kendileri almak isterlerse. Sat\u0131lan elektrik miktar\u0131 Suriye\u2019nin elektrik t\u00fcketiminin y\u00fczde 18-20\u2019lik birimini olu\u015fturuyordu.\u201d<br \/>\nSuriye\u2019ye elektri\u011fi veren Aksa Elektrik Y\u00f6netim Kurulu Ba\u015fkan Yard\u0131mc\u0131s\u0131 Ya\u015far Arslan, s\u00f6zle\u015fmenin devam etti\u011fini belirterek, \u201c\u00d6demeyle ilgili sorun yok. En son ge\u00e7en ay 1 y\u0131ll\u0131k yeni s\u00f6zle\u015fmeyi imzalad\u0131k. Suriye\u2019ye 500 MW\u2019l\u0131k elektrik g\u00f6nderiyorduk. Kesintinin nedeni Suriye\u2019nin elektrik da\u011f\u0131t\u0131m sistemindeki tahribat. Bu durumun giderilmesi halinde elektrik sat\u0131\u015f\u0131m\u0131z devam edecek. Biz istedikleri zaman elektrik g\u00f6ndermeye haz\u0131r\u0131z\u201d dedi.<br \/>\nAksa\u2019n\u0131n satt\u0131\u011f\u0131 elektrik, Suriye\u2019nin kuzey b\u00f6lgesine, \u00e7at\u0131\u015fmalar\u0131n da yo\u011fun oldu\u011fu Halep b\u00f6lgesine veriliyor. Suriye elektri\u011finin y\u00fczde 7\u2019sine kar\u015f\u0131l\u0131k gelen bu b\u00f6lgede \u015fu anda muhalif g\u00fc\u00e7ler a\u011f\u0131rl\u0131kl\u0131 olarak kontrol\u00fc elinde bulunduruyor.<strong>Rusya\u2019dan gaz al\u0131m\u0131 etkilenmeyecek<\/strong><br \/>\nEsenbo\u011fa Havaliman\u0131\u2019na indirilen Suriye u\u00e7a\u011f\u0131yla ilgili geli\u015fmelerin, Rusya-T\u00fcrkiye aras\u0131ndaki enerji al\u0131\u015fveri\u015fine etkisinin sorulmas\u0131 \u00fczerine Y\u0131ld\u0131z, do\u011falgaz al\u0131\u015fveri\u015finin siyasi geli\u015fmelerden ba\u011f\u0131ms\u0131z oldu\u011funu belirterek, \u201cRusya ve \u0130ran ile Suriye\u2019ye dair politikalar\u0131m\u0131z farkl\u0131 olabilir ama enerji sekt\u00f6r\u00fcndeki i\u015fbirli\u011fi bundan yal\u0131t\u0131lm\u0131\u015f olarak devam ediyor\u201d dedi.<br \/>\n\u0130ran\u2019dan gelen hatta ge\u00e7en hafta meydana gelen patlamayla gaz ak\u0131\u015f\u0131n\u0131n kesildi\u011fini, Azeri gaz\u0131n\u0131n da ayn\u0131 d\u00f6nemde kesintiye u\u011frad\u0131\u011f\u0131n\u0131 an\u0131msatan Y\u0131ld\u0131z, \u201cAzeri ve \u0130ran gaz\u0131 kesilince, Rusya bir telefon \u00fczerine, g\u00f6nderdi\u011fi gaz\u0131 1.5 kat artt\u0131rd\u0131. Gazprom ve Rus yetkililere te\u015fekk\u00fcr ediyorum\u201d dedi.<strong>\u0130ran\u2019a ambargo geni\u015flerse enerjiye olumsuz yans\u0131r<\/strong><br \/>\nY\u0131ld\u0131z, g\u00fcndemdeki konularla ilgili olarak sat\u0131rba\u015flar\u0131yla \u015funlar\u0131 s\u00f6yledi:<br \/>\n*\u00a0\u0130ran\u2019a uluslararas\u0131 ambargo geni\u015flerse,\u00a0 enerji al\u0131\u015fveri\u015fine olumsuz yans\u0131r.<br \/>\n*\u00a0OMV\u2019nin TANAP\u2019a kat\u0131lmas\u0131na s\u0131cak bak\u0131yoruz, karar Azerilerin.<br \/>\n*\u00a0EN\u0130\u2019nin G\u00fcney K\u0131br\u0131s ile petrol aramalar\u0131 i\u00e7in anla\u015fma yapmayaca\u011f\u0131na inan\u0131yorum, oras\u0131 ya da buras\u0131n\u0131 tercih edecek.<br \/>\n*\u00a0Bota\u015f 2013\u2019te zarar etmeyebilir.<br \/>\n*\u00a0Dicle ve Van G\u00f6l\u00fc b\u00f6lgeleri \u00e7\u0131kar\u0131ld\u0131\u011f\u0131nda elektrikte kay\u0131p-ka\u00e7ak oran\u0131 AB seviyelerinde.<br \/>\n*\u00a0Genelkurmay Ba\u015fkan\u0131n\u0131n s\u0131n\u0131r incelemelerinin petrol fiyatlar\u0131n\u0131 y\u00fckseltti\u011fi ele\u015ftirisi do\u011fru de\u011fil.<\/p>\n<\/div>\n<div id=\"_MiddleCenter2\">\n<div>\n<div id=\"divAdnetKeyword3\">\n<p><strong>N\u00fckleerde 4 \u00fclkeden 1\u2019i elenecekti, 5\u2019incisi geldi<\/strong><br \/>\nBakan Y\u0131ld\u0131z, \u201cBirle\u015fik Arap Emirlikleri (BAE) yetkilileri, Sinop\u2019ta yap\u0131lmas\u0131 planlanan n\u00fckleer santralin yap\u0131m\u0131n\u0131 G\u00fcney Kore\u2019nin \u00fcstlenmesi halinde kendilerinin de projeye ortak olabileceklerini s\u00f6ylediler\u201d dedi. Y\u0131ld\u0131z, ge\u00e7en ay yapt\u0131\u011f\u0131 a\u00e7\u0131klamada, \u201cEkimde 4 talip \u00fclkeden 1\u2019inin elenece\u011fini\u201d s\u00f6ylemi\u015fti. \u00c7in, Japonya, G\u00fcney Kore ve Kanada n\u00fckleer santral yap\u0131m\u0131na talip olmu\u015f, Mersin\u2019deki ilk santral\u0131n yap\u0131m i\u015fi ise Rusya\u2019ya verilmi\u015fti.<br \/>\nYat\u0131r\u0131m konusunda anla\u015f\u0131lmas\u0131 durumunda BAE\u2019nin Af\u015fin Elbistan\u2019a 5 milyar dolar sermaye aktaraca\u011f\u0131n\u0131, bunun da enerji alan\u0131nda T\u00fcrkiye\u2019ye gelen en b\u00fcy\u00fck Arap sermayesi olaca\u011f\u0131n\u0131 s\u00f6yledi.<\/p>\n<p>\u00a0<strong>Zam \u00f6nlemi Ba\u015fkent Gaz\u2019a\u00a030 milyon TL zarar ettirdi <\/strong><br \/>\nZam haberlerinin yay\u0131lmas\u0131n\u0131n ard\u0131ndan zams\u0131z fiyattan gaz almak isteyen Ankaral\u0131lar\u0131n Ba\u015fkent Gaz\u2019\u0131 30 milyon lira zarar ettirdi\u011fini belirten Y\u0131ld\u0131z, T\u00fcrkiye genelindeki gaz sat\u0131\u015f zarar\u0131n\u0131n ise belli olmad\u0131\u011f\u0131n\u0131 dile getirdi. Ba\u015fkent Gaz\u2019\u0131n 1.3 milyon abonesinin y\u00fczde 75\u2019i \u00f6n \u00f6demeli saya\u00e7 kullan\u0131yor. \u00d6zelle\u015ftirme s\u00fcrecindeki Ba\u015fkent Gaz\u2019da Ankara B\u00fcy\u00fck\u015fehir Belediyesi\u2019nin y\u00fczde 20 hissesi bulunuyor.<\/p>\n<p><strong>K\u00f6rfez\u2019e giden u\u00e7aklar\u0131n yolu yar\u0131m saat uzad\u0131<\/strong><br \/>\nT\u00fcrk Hava Yollar\u0131 (THY) Y\u00f6netim Kurulu Ba\u015fkan\u0131 Hamdi Top\u00e7u, T\u00fcrk Hava Yollar\u0131 u\u00e7aklar\u0131n\u0131n d\u00f6rt g\u00fcnd\u00fcr Suriye hava sahas\u0131n\u0131 kullanmad\u0131\u011f\u0131n\u0131, ikinci bir g\u00fcvenli alan olu\u015fturana kadar da bu sahan\u0131n kullan\u0131lmayaca\u011f\u0131n\u0131 s\u00f6yledi.<br \/>\nBir sivil havac\u0131l\u0131k kurulu\u015fu yetkilisi de, bundan sonra u\u00e7u\u015flarda Suriye hava sahas\u0131 kullan\u0131lmayaca\u011f\u0131 i\u00e7in K\u00f6rfez \u00fclkelerine giden u\u00e7aklar\u0131n u\u00e7u\u015f s\u00fcrelerinin eski sefer s\u00fcrelerine g\u00f6re yar\u0131m saat uzad\u0131\u011f\u0131n\u0131 kaydetti.<\/p>\n<p>Kaynak: <a href=\"http:\/\/ekonomi.milliyet.com.tr\/suriye-salteri-indirdi\/ekonomi\/ekonomidetay\/12.10.2012\/1610519\/default.htm\" target=\"_blank\">Milliyet<\/a><\/p>\n<\/div>\n<\/div>\n<\/div>\n<\/div>\n<p><\/p>","protected":false},"excerpt":{"rendered":"<p>Sorry, this entry is only available in Turkish. For the sake of viewer convenience, the content is shown below in the alternative language. You may click the link to switch the active language. Enerji ve Tabii Kaynaklar Bakan\u0131 Taner Y\u0131ld\u0131z, Suriye\u2019nin T\u00fcrkiye\u2019den elektrik al\u0131m\u0131n\u0131 kendi iste\u011fiyle durdurdu\u011funu a\u00e7\u0131klad\u0131. Y\u0131ld\u0131z, \u201cSuriye t\u00fcketti\u011fi elektri\u011fin y\u00fczde 18-20\u2019sini T\u00fcrkiye\u2019den [&hellip;]<\/p>\n","protected":false},"author":1,"featured_media":2763,"comment_status":"open","ping_status":"open","sticky":false,"template":"","format":"standard","meta":[],"categories":[51,53],"tags":[61,763,765,764],"views":727,"_links":{"self":[{"href":"https:\/\/www.enerjigazetesi.ist\/en\/wp-json\/wp\/v2\/posts\/2762"}],"collection":[{"href":"https:\/\/www.enerjigazetesi.ist\/en\/wp-json\/wp\/v2\/posts"}],"about":[{"href":"https:\/\/www.enerjigazetesi.ist\/en\/wp-json\/wp\/v2\/types\/post"}],"author":[{"embeddable":true,"href":"https:\/\/www.enerjigazetesi.ist\/en\/wp-json\/wp\/v2\/users\/1"}],"replies":[{"embeddable":true,"href":"https:\/\/www.enerjigazetesi.ist\/en\/wp-json\/wp\/v2\/comments?post=2762"}],"version-history":[{"count":4,"href":"https:\/\/www.enerjigazetesi.ist\/en\/wp-json\/wp\/v2\/posts\/2762\/revisions"}],"predecessor-version":[{"id":2777,"href":"https:\/\/www.enerjigazetesi.ist\/en\/wp-json\/wp\/v2\/posts\/2762\/revisions\/2777"}],"wp:featuredmedia":[{"embeddable":true,"href":"https:\/\/www.enerjigazetesi.ist\/en\/wp-json\/wp\/v2\/media\/2763"}],"wp:attachment":[{"href":"https:\/\/www.enerjigazetesi.ist\/en\/wp-json\/wp\/v2\/media?parent=2762"}],"wp:term":[{"taxonomy":"category","embeddable":true,"href":"https:\/\/www.enerjigazetesi.ist\/en\/wp-json\/wp\/v2\/categories?post=2762"},{"taxonomy":"post_tag","embeddable":true,"href":"https:\/\/www.enerjigazetesi.ist\/en\/wp-json\/wp\/v2\/tags?post=2762"}],"curies":[{"name":"wp","href":"https:\/\/api.w.org\/{rel}","templated":true}]}}