{"id":27526,"date":"2014-06-06T09:09:08","date_gmt":"2014-06-06T06:09:08","guid":{"rendered":"https:\/\/www.enerjigazetesi.ist\/?p=27526"},"modified":"2014-06-06T09:09:08","modified_gmt":"2014-06-06T06:09:08","slug":"kuresel-isinmadan-dolayi-turkiyenin-iklimi-artik-yari-tropik","status":"publish","type":"post","link":"https:\/\/www.enerjigazetesi.ist\/en\/kuresel-isinmadan-dolayi-turkiyenin-iklimi-artik-yari-tropik\/","title":{"rendered":"(Turkish) K\u00fcresel Is\u0131nmadan Dolay\u0131 T\u00fcrkiye\u2019nin \u0130klimi Art\u0131k Yar\u0131 Tropik!"},"content":{"rendered":"<p class=\"qtranxs-available-languages-message qtranxs-available-languages-message-en\">Sorry, this entry is only available in <a href=\"https:\/\/www.enerjigazetesi.ist\/tr\/wp-json\/wp\/v2\/posts\/27526\" class=\"qtranxs-available-language-link qtranxs-available-language-link-tr\" title=\"Turkish\">Turkish<\/a>. For the sake of viewer convenience, the content is shown below in the alternative language. You may click the link to switch the active language.<\/p><p><strong>\u0130stanbul Teknik \u00dcniversitesi (\u0130T\u00dc) U\u00e7ak ve Uzay Bilimleri Fak\u00fcltesi Meteoroloji M\u00fchendisli\u011fi B\u00f6l\u00fcm\u00fc \u00d6\u011fretim \u00dcyesi Prof. Dr. Orhan \u015een, son g\u00fcnlerde \u00fclkeyi etkisi alt\u0131na alan so\u011fuk ve ya\u011f\u0131\u015fl\u0131 havaya ili\u015fkin de\u011ferlendirmelerde bulundu.<\/strong><span id=\"more-65214\"><\/span><\/p>\n<p><a href=\"https:\/\/www.enerjigazetesi.ist\/wp-content\/uploads\/2014\/06\/kuvvetli-ya\u011f\u0131\u015f.jpg\"><img loading=\"lazy\" class=\"alignright size-medium wp-image-27527\" src=\"https:\/\/www.enerjigazetesi.ist\/wp-content\/uploads\/2014\/06\/kuvvetli-ya\u011f\u0131\u015f-300x213.jpg\" alt=\"kuvvetli-ya\u011f\u0131\u015f\" width=\"300\" height=\"213\" srcset=\"https:\/\/www.enerjigazetesi.ist\/wp-content\/uploads\/2014\/06\/kuvvetli-ya\u011f\u0131\u015f-300x213.jpg 300w, https:\/\/www.enerjigazetesi.ist\/wp-content\/uploads\/2014\/06\/kuvvetli-ya\u011f\u0131\u015f-500x355.jpg 500w, https:\/\/www.enerjigazetesi.ist\/wp-content\/uploads\/2014\/06\/kuvvetli-ya\u011f\u0131\u015f-70x50.jpg 70w, https:\/\/www.enerjigazetesi.ist\/wp-content\/uploads\/2014\/06\/kuvvetli-ya\u011f\u0131\u015f.jpg 743w\" sizes=\"(max-width: 300px) 100vw, 300px\" \/><\/a>K\u00fcresel \u0131s\u0131nmadan dolay\u0131 b\u00f6lgede iklim de\u011fi\u015fikli\u011finin meydana geldi\u011fini ifade eden \u015een, T\u00fcrkiye\u2019nin k\u00fcresel iklim de\u011fi\u015fikli\u011fi nedeniyle art\u0131k \u201cyar\u0131 tropik iklim\u201d sisteminde kabul edilmesi gerekti\u011fini anlatt\u0131.<\/p>\n<p>\u015een, \u201cYar\u0131 tropikal iklim\u201d sisteminde, mevsim de\u011fi\u015fimleri s\u0131ras\u0131nda k\u0131sa s\u00fcreli sa\u011fana\u011f\u0131n normal oldu\u011funu aktararak, \u015fu bilgileri verdi:<\/p>\n<p>\u201cTropik iklim ku\u015fa\u011f\u0131, 30 derece enlemlerinden ba\u015flar ancak k\u00fcresel iklim de\u011fi\u015fikli\u011fi nedeniyle kuzeye do\u011fru kaymaya ba\u015flad\u0131. Yar\u0131 tropik olan k\u0131s\u0131m, bizim b\u00f6lgemize geldi. Daha ileriki senelerde, tropik iklime do\u011fru girmeye ba\u015flayaca\u011f\u0131z. A\u015f\u0131r\u0131 ya\u011f\u0131\u015flar, kurakl\u0131k, f\u0131rt\u0131na, hortum, bu iklim de\u011fi\u015fikli\u011fin sonu\u00e7lar\u0131ndand\u0131r. K\u00fcresel \u0131s\u0131nmadan \u00f6nce tabi ki bu ya\u011f\u0131\u015f normal de\u011fildi. D\u00fcnyan\u0131n ortalama s\u0131cakl\u0131\u011f\u0131 2 derece art\u0131\u015f g\u00f6sterdi. Bunun yan\u0131 s\u0131ra sera gazlar\u0131ndan en \u00f6nemlisi olan karbondioksit 400 ppm\u2019e \u00e7\u0131kt\u0131. 400 ppm, ge\u00e7mi\u015fte g\u00f6r\u00fclmemi\u015f bir de\u011fer. Dolay\u0131s\u0131yla d\u00fcnya \u0131s\u0131nmaya devam ediyor. Is\u0131nma devam ettik\u00e7e T\u00fcrkiye\u2019de bunun etkileri, sellerle f\u0131rt\u0131nalarla kurakl\u0131kla kendisini g\u00f6sterecek. Yani, k\u00fcresel iklim de\u011fi\u015fikli\u011fi nedeniyle T\u00fcrkiye\u2019de mevsim de\u011fi\u015fimleri d\u00f6neminde, afet \u015feklindeki faydadan \u00e7ok zarar veren a\u015f\u0131r\u0131 ya\u011f\u0131\u015flar bundan sonra da olacak.\u201d<\/p>\n<p>T\u00fcrkiye\u2019de gelecek y\u0131llarda da mevsimin yazdan k\u0131\u015fa, k\u0131\u015ftan yaza d\u00f6nd\u00fc\u011f\u00fc d\u00f6nemlerde benzeri ya\u011f\u0131\u015flar\u0131n artaca\u011f\u0131n\u0131 aktaran \u015een, y\u00f6neticilerin kentlerin altyap\u0131lar\u0131n\u0131 g\u00fc\u00e7lendirmeleri gerekti\u011fini ifade etti.<\/p>\n<h3>Barajlar Neden Dolmuyor<\/h3>\n<p>Ya\u011f\u0131\u015flara kar\u015f\u0131n \u0130stanbul\u2019daki barajlarda doluluk oran\u0131n\u0131n olumlu \u00f6l\u00e7\u00fcde de\u011fi\u015fmemesi konusunda ise \u015een, \u015funlar\u0131 s\u00f6yledi:<\/p>\n<p>\u201cBu ya\u011f\u0131\u015flar, bir anda ve h\u0131zl\u0131 ya\u011f\u0131p \u00e7ok fazla suyu a\u015fa\u011f\u0131ya indirdi\u011fi i\u00e7in y\u00fczeysel ak\u0131\u015fa ge\u00e7ip denizlere ak\u0131yor. Ya\u011f\u0131\u015f\u0131n topra\u011fa temas etmesi, topra\u011fa ge\u00e7ip yeralt\u0131 sular\u0131n\u0131 beslemesi laz\u0131m. \u0130stanbul gibi bir yerde betonla\u015fm\u0131\u015f, asfalt topra\u011f\u0131 g\u00f6remiyorsunuz. Ya g\u00f6let oluyor ya da ak\u0131p gidiyor. Yeralt\u0131na etkisi olmuyor. Y\u00fczeysel ak\u0131\u015fa ge\u00e7iyor. \u0130stanbul\u2019da yap\u0131la\u015fma \u00e7ok. Su toplama havzalar\u0131 imara a\u00e7\u0131lm\u0131\u015f, \u00e7ok yap\u0131la\u015fma var. Dolay\u0131s\u0131yla bu ya\u011f\u0131\u015flar\u0131n barajlara etkisi beklenilen \u015fekilde olmuyor.\u201d<\/p>\n<p>Devam\u0131 i\u00e7in <a href=\"http:\/\/www.trthaber.com\/haber\/yasam\/turkiyenin-iklimi-artik-yari-tropik-130289.html\" target=\"_blank\" rel=\"nofollow\">t\u0131klay\u0131n\u0131z<\/a>.<\/p>","protected":false},"excerpt":{"rendered":"<p>Sorry, this entry is only available in Turkish. For the sake of viewer convenience, the content is shown below in the alternative language. You may click the link to switch the active language.\u0130stanbul Teknik \u00dcniversitesi (\u0130T\u00dc) U\u00e7ak ve Uzay Bilimleri Fak\u00fcltesi Meteoroloji M\u00fchendisli\u011fi B\u00f6l\u00fcm\u00fc \u00d6\u011fretim \u00dcyesi Prof. Dr. Orhan \u015een, son g\u00fcnlerde \u00fclkeyi etkisi alt\u0131na [&hellip;]<\/p>\n","protected":false},"author":1,"featured_media":27527,"comment_status":"open","ping_status":"open","sticky":false,"template":"","format":"standard","meta":[],"categories":[53],"tags":[15586,7728,870,1471,14864,15587,12887,846,15588,15589,10986],"views":459,"_links":{"self":[{"href":"https:\/\/www.enerjigazetesi.ist\/en\/wp-json\/wp\/v2\/posts\/27526"}],"collection":[{"href":"https:\/\/www.enerjigazetesi.ist\/en\/wp-json\/wp\/v2\/posts"}],"about":[{"href":"https:\/\/www.enerjigazetesi.ist\/en\/wp-json\/wp\/v2\/types\/post"}],"author":[{"embeddable":true,"href":"https:\/\/www.enerjigazetesi.ist\/en\/wp-json\/wp\/v2\/users\/1"}],"replies":[{"embeddable":true,"href":"https:\/\/www.enerjigazetesi.ist\/en\/wp-json\/wp\/v2\/comments?post=27526"}],"version-history":[{"count":1,"href":"https:\/\/www.enerjigazetesi.ist\/en\/wp-json\/wp\/v2\/posts\/27526\/revisions"}],"predecessor-version":[{"id":27528,"href":"https:\/\/www.enerjigazetesi.ist\/en\/wp-json\/wp\/v2\/posts\/27526\/revisions\/27528"}],"wp:featuredmedia":[{"embeddable":true,"href":"https:\/\/www.enerjigazetesi.ist\/en\/wp-json\/wp\/v2\/media\/27527"}],"wp:attachment":[{"href":"https:\/\/www.enerjigazetesi.ist\/en\/wp-json\/wp\/v2\/media?parent=27526"}],"wp:term":[{"taxonomy":"category","embeddable":true,"href":"https:\/\/www.enerjigazetesi.ist\/en\/wp-json\/wp\/v2\/categories?post=27526"},{"taxonomy":"post_tag","embeddable":true,"href":"https:\/\/www.enerjigazetesi.ist\/en\/wp-json\/wp\/v2\/tags?post=27526"}],"curies":[{"name":"wp","href":"https:\/\/api.w.org\/{rel}","templated":true}]}}