{"id":27482,"date":"2014-06-05T15:28:07","date_gmt":"2014-06-05T12:28:07","guid":{"rendered":"https:\/\/www.enerjigazetesi.ist\/?p=27482"},"modified":"2014-06-05T15:28:07","modified_gmt":"2014-06-05T12:28:07","slug":"barzani-turkiye-ile-50-yillik-anlasma-yaptik","status":"publish","type":"post","link":"https:\/\/www.enerjigazetesi.ist\/en\/barzani-turkiye-ile-50-yillik-anlasma-yaptik\/","title":{"rendered":"(Turkish) Barzani: T\u00fcrkiye \u0130le 50 Y\u0131ll\u0131k Anla\u015fma Yapt\u0131k&#8230;"},"content":{"rendered":"<p class=\"qtranxs-available-languages-message qtranxs-available-languages-message-en\">Sorry, this entry is only available in <a href=\"https:\/\/www.enerjigazetesi.ist\/tr\/wp-json\/wp\/v2\/posts\/27482\" class=\"qtranxs-available-language-link qtranxs-available-language-link-tr\" title=\"Turkish\">Turkish<\/a>. For the sake of viewer convenience, the content is shown below in the alternative language. You may click the link to switch the active language.<\/p><p><strong>B\u00f6lgesel K\u00fcrt Y\u00f6netimi Ba\u015fbakan\u0131 Ne\u00e7irvan Barzani, T\u00fcrkiye ile yapt\u0131klar\u0131 petrol ve gaz anla\u015fmas\u0131n\u0131n 50 y\u0131l y\u00fcr\u00fcrl\u00fckte kalaca\u011f\u0131n\u0131 s\u00f6yledi.<\/strong><br \/>\n<a href=\"https:\/\/www.enerjigazetesi.ist\/wp-content\/uploads\/2014\/06\/necirvan-barzani.jpg\"><img loading=\"lazy\" class=\"alignright size-medium wp-image-27483\" title=\"necirvan-barzani\" src=\"https:\/\/www.enerjigazetesi.ist\/wp-content\/uploads\/2014\/06\/necirvan-barzani-300x150.jpg\" alt=\"\" width=\"300\" height=\"150\" srcset=\"https:\/\/www.enerjigazetesi.ist\/wp-content\/uploads\/2014\/06\/necirvan-barzani-300x150.jpg 300w, https:\/\/www.enerjigazetesi.ist\/wp-content\/uploads\/2014\/06\/necirvan-barzani-80x40.jpg 80w, https:\/\/www.enerjigazetesi.ist\/wp-content\/uploads\/2014\/06\/necirvan-barzani.jpg 428w\" sizes=\"(max-width: 300px) 100vw, 300px\" \/><\/a><br \/>\nBug\u00fcn parlamentoda milletvekillerin sorular\u0131n\u0131 cevaplayan Ne\u00e7irvan Barzani, T\u00fcrkiye ile ge\u00e7enlerde imza att\u0131klar\u0131 petrol ve do\u011falgaz aktar\u0131m\u0131 ve sat\u0131\u015f\u0131yla ilgili anla\u015fman\u0131n s\u00fcresinin 50 y\u0131l oldu\u011funu s\u00f6yledi.<\/p>\n<p>T\u00fcrkiye`ye g\u00f6nderilen petrol\u00fcn sat\u0131lmas\u0131n\u0131n Irak Anayasas\u0131`na uygun olup olmad\u0131\u011f\u0131 sorusu \u00fczerine Barzani, &#8220;Irak Anayasas\u0131`na g\u00f6re Irak b\u00fct\u00e7esinin y\u00fczde 17`sinin K\u00fcrt b\u00f6lgesine ayr\u0131lmas\u0131 gerekiyor. Ancak Ba\u011fdat bize bu miktar\u0131 g\u00f6ndermemektedir. Biz de do\u011fal hakk\u0131m\u0131z olarak, satt\u0131\u011f\u0131m\u0131z petrolden y\u00fczde 17`lik k\u0131sm\u0131n\u0131 al\u0131p kalan\u0131n\u0131 Ba\u011fdat y\u00f6netimine g\u00f6nderiyoruz.&#8221; dedi<\/p>\n<p>Kaynak: Enerji G\u00fcnl\u00fc\u011f\u00fc<\/p>","protected":false},"excerpt":{"rendered":"<p>Sorry, this entry is only available in Turkish. For the sake of viewer convenience, the content is shown below in the alternative language. You may click the link to switch the active language.B\u00f6lgesel K\u00fcrt Y\u00f6netimi Ba\u015fbakan\u0131 Ne\u00e7irvan Barzani, T\u00fcrkiye ile yapt\u0131klar\u0131 petrol ve gaz anla\u015fmas\u0131n\u0131n 50 y\u0131l y\u00fcr\u00fcrl\u00fckte kalaca\u011f\u0131n\u0131 s\u00f6yledi. Bug\u00fcn parlamentoda milletvekillerin sorular\u0131n\u0131 cevaplayan [&hellip;]<\/p>\n","protected":false},"author":1,"featured_media":27483,"comment_status":"open","ping_status":"open","sticky":false,"template":"","format":"standard","meta":[],"categories":[46,53,44],"tags":[1768,15570,92,59],"views":701,"_links":{"self":[{"href":"https:\/\/www.enerjigazetesi.ist\/en\/wp-json\/wp\/v2\/posts\/27482"}],"collection":[{"href":"https:\/\/www.enerjigazetesi.ist\/en\/wp-json\/wp\/v2\/posts"}],"about":[{"href":"https:\/\/www.enerjigazetesi.ist\/en\/wp-json\/wp\/v2\/types\/post"}],"author":[{"embeddable":true,"href":"https:\/\/www.enerjigazetesi.ist\/en\/wp-json\/wp\/v2\/users\/1"}],"replies":[{"embeddable":true,"href":"https:\/\/www.enerjigazetesi.ist\/en\/wp-json\/wp\/v2\/comments?post=27482"}],"version-history":[{"count":2,"href":"https:\/\/www.enerjigazetesi.ist\/en\/wp-json\/wp\/v2\/posts\/27482\/revisions"}],"predecessor-version":[{"id":27485,"href":"https:\/\/www.enerjigazetesi.ist\/en\/wp-json\/wp\/v2\/posts\/27482\/revisions\/27485"}],"wp:featuredmedia":[{"embeddable":true,"href":"https:\/\/www.enerjigazetesi.ist\/en\/wp-json\/wp\/v2\/media\/27483"}],"wp:attachment":[{"href":"https:\/\/www.enerjigazetesi.ist\/en\/wp-json\/wp\/v2\/media?parent=27482"}],"wp:term":[{"taxonomy":"category","embeddable":true,"href":"https:\/\/www.enerjigazetesi.ist\/en\/wp-json\/wp\/v2\/categories?post=27482"},{"taxonomy":"post_tag","embeddable":true,"href":"https:\/\/www.enerjigazetesi.ist\/en\/wp-json\/wp\/v2\/tags?post=27482"}],"curies":[{"name":"wp","href":"https:\/\/api.w.org\/{rel}","templated":true}]}}