{"id":27470,"date":"2014-06-05T14:49:11","date_gmt":"2014-06-05T11:49:11","guid":{"rendered":"https:\/\/www.enerjigazetesi.ist\/?p=27470"},"modified":"2014-06-05T14:49:11","modified_gmt":"2014-06-05T11:49:11","slug":"sanayide-enerji-verimliligi-ve-yonetimi-egitim-programi-basladi","status":"publish","type":"post","link":"https:\/\/www.enerjigazetesi.ist\/en\/sanayide-enerji-verimliligi-ve-yonetimi-egitim-programi-basladi\/","title":{"rendered":"(Turkish) Sanayide Enerji Verimlili\u011fi ve Y\u00f6netimi E\u011fitim Program\u0131 Ba\u015flad\u0131!"},"content":{"rendered":"<p class=\"qtranxs-available-languages-message qtranxs-available-languages-message-en\">Sorry, this entry is only available in <a href=\"https:\/\/www.enerjigazetesi.ist\/tr\/wp-json\/wp\/v2\/posts\/27470\" class=\"qtranxs-available-language-link qtranxs-available-language-link-tr\" title=\"Turkish\">Turkish<\/a>. For the sake of viewer convenience, the content is shown below in the alternative language. You may click the link to switch the active language.<\/p><p><strong>T\u00fcrk \u0130\u015fbirli\u011fi ve Koordinasyon Ajans\u0131 Ba\u015fkanl\u0131\u011f\u0131 (T\u0130KA), Yenilenebilir Enerji Genel M\u00fcd\u00fcrl\u00fc\u011f\u00fc ve Japonya Uluslararas\u0131 \u0130\u015fbirli\u011fi Ajans\u0131 i\u015fbirli\u011finde d\u00fczenlenen Sanayide Enerji Verimlili\u011fi ve Y\u00f6netimi e\u011fitim Program\u0131 Enerji ve Tabii Kaynaklar Bakan\u0131 Taner Y\u0131ld\u0131z\u2019\u0131n kat\u0131l\u0131m\u0131yla ba\u015flad\u0131. T\u0130KA \u00fc\u00e7\u00fcnc\u00fc \u00fclke e\u011fitim program\u0131 kapsam\u0131nda geli\u015fmekte olan \u00fclkelerin kapasite geli\u015ftirme programlar\u0131n\u0131n desteklenmesine y\u00f6nelik faaliyetlerine devam ediyor.<\/strong><\/p>\n<p>Bu \u00e7er\u00e7evede T\u0130KA, YEGM ve JICA i\u015fbirli\u011finde Tacikistan, Yunanistan, Kazakistan, Arnavutluk, Azerbaycan, Moldova, Kosova, Mo\u011folistan, Ukrayna, K\u0131rg\u0131zistan, \u0130ra<a href=\"https:\/\/www.enerjigazetesi.ist\/wp-content\/uploads\/2014\/06\/sanayide-enerji-verimliligi-ve-yonetimi-egitim-programi-basladi.jpg\"><img loading=\"lazy\" class=\"alignleft size-medium wp-image-27471\" title=\"sanayide-enerji-verimliligi-ve-yonetimi-egitim-programi-basladi\" src=\"https:\/\/www.enerjigazetesi.ist\/wp-content\/uploads\/2014\/06\/sanayide-enerji-verimliligi-ve-yonetimi-egitim-programi-basladi-300x208.jpg\" alt=\"\" width=\"300\" height=\"208\" srcset=\"https:\/\/www.enerjigazetesi.ist\/wp-content\/uploads\/2014\/06\/sanayide-enerji-verimliligi-ve-yonetimi-egitim-programi-basladi-300x208.jpg 300w, https:\/\/www.enerjigazetesi.ist\/wp-content\/uploads\/2014\/06\/sanayide-enerji-verimliligi-ve-yonetimi-egitim-programi-basladi-72x50.jpg 72w, https:\/\/www.enerjigazetesi.ist\/wp-content\/uploads\/2014\/06\/sanayide-enerji-verimliligi-ve-yonetimi-egitim-programi-basladi.jpg 438w\" sizes=\"(max-width: 300px) 100vw, 300px\" \/><\/a>n, T\u00fcrkmenistan ve Afganistan\u2019dan toplam 21 uzmana Sanayide Enerji Verimlili\u011fi ve Y\u00f6netimi E\u011fitim Program\u0131 d\u00fczenleniyor. E\u011fitim program\u0131 i\u00e7in Enerji ve Tabii Kaynaklar Bakan\u0131 Taner Y\u0131ld\u0131z\u2019\u0131n kat\u0131l\u0131m\u0131yla ger\u00e7ekle\u015ftirilen a\u00e7\u0131l\u0131\u015f t\u00f6renine Japonya Ankara B\u00fcy\u00fckel\u00e7isi, Yutaka Yoko\u0131, JICA T\u00fcrkiye Ofisi Ba\u015fkan\u0131 Mayumi Endoh ve T\u0130KA Ba\u015fkan Yard\u0131mc\u0131s\u0131 Mehmet S\u00fcreyya Er konu\u015fmac\u0131 olarak kat\u0131ld\u0131.<\/p>\n<p>B\u00f6lgesel i\u015fbirliklerinin geli\u015ftirilmesi amac\u0131yla ba\u015fta T\u00fcrk Cumhuriyetleri olmak \u00fczere Asya, Orta Do\u011fu ve Balkan \u00fclkelerine y\u00f6nelik olarak 2002 y\u0131l\u0131nda YEGM, taraf\u0131ndan ba\u015flat\u0131lan JICA, 2011 y\u0131l\u0131nda da T\u0130KA\u2019n\u0131n kat\u0131l\u0131mlar\u0131yla \u00fc\u00e7l\u00fc i\u015fbirli\u011fi halinde y\u00fcr\u00fct\u00fclen Sanayide Enerji Verimlili\u011fi ve Y\u00f6netimi E\u011fitimlerinin, 14\u2019nc\u00fcs\u00fc 2-13 Haziran 2014 tarihlerinde ger\u00e7ekle\u015ftirilecek. 21 kat\u0131l\u0131mc\u0131n\u0131n te\u015frif etti\u011fi 2 haftal\u0131k e\u011fitim program\u0131 Enerji Verimlili\u011fi ve Enerji Y\u00f6netimi konular\u0131n\u0131 i\u00e7eren teorik ve pratik \u00e7al\u0131\u015fmalar olmak \u00fczere iki b\u00f6l\u00fcmden olu\u015fuyor.<\/p>\n<p>Ayr\u0131ca \u0130stanbul\u2019a yap\u0131lan \u00fc\u00e7 g\u00fcnl\u00fck seyahat program\u0131 kapsam\u0131nda, fabrikalar ziyaret edilerek sanayide ger\u00e7ekle\u015ftirilen enerji y\u00f6netimi ve enerji verimli uygulamalar g\u00f6sterilecek. 2014 y\u0131l\u0131 i\u00e7in 2-13 Haziran tarihleri aras\u0131nda ger\u00e7ekle\u015ftirilecek olan e\u011fitime, Tacikistan, Yunanistan, Kazakistan, Arnavutluk, Azerbaycan, Moldova, Kosova, Mo\u011folistan, Ukrayna, K\u0131rg\u0131zistan, \u0130ran, T\u00fcrkmenistan ve Afganistan\u2019dan toplam 21 kursiyer kat\u0131ld\u0131.<\/p>\n<p>Kaynak: <a href=\"http:\/\/www.milliyet.com.tr\/sanayide-enerji-verimliligi-ve-yonetimi-ankara-yerelhaber-230743\/\" target=\"_blank\">Milliyet<\/a><\/p>","protected":false},"excerpt":{"rendered":"<p>Sorry, this entry is only available in Turkish. For the sake of viewer convenience, the content is shown below in the alternative language. You may click the link to switch the active language.T\u00fcrk \u0130\u015fbirli\u011fi ve Koordinasyon Ajans\u0131 Ba\u015fkanl\u0131\u011f\u0131 (T\u0130KA), Yenilenebilir Enerji Genel M\u00fcd\u00fcrl\u00fc\u011f\u00fc ve Japonya Uluslararas\u0131 \u0130\u015fbirli\u011fi Ajans\u0131 i\u015fbirli\u011finde d\u00fczenlenen Sanayide Enerji Verimlili\u011fi ve Y\u00f6netimi [&hellip;]<\/p>\n","protected":false},"author":1,"featured_media":27471,"comment_status":"open","ping_status":"open","sticky":false,"template":"","format":"standard","meta":[],"categories":[53,52],"tags":[710,63,67,1009,165,12,154,2034,15566,487,15564,15567,667,15565,793,1636],"views":1059,"_links":{"self":[{"href":"https:\/\/www.enerjigazetesi.ist\/en\/wp-json\/wp\/v2\/posts\/27470"}],"collection":[{"href":"https:\/\/www.enerjigazetesi.ist\/en\/wp-json\/wp\/v2\/posts"}],"about":[{"href":"https:\/\/www.enerjigazetesi.ist\/en\/wp-json\/wp\/v2\/types\/post"}],"author":[{"embeddable":true,"href":"https:\/\/www.enerjigazetesi.ist\/en\/wp-json\/wp\/v2\/users\/1"}],"replies":[{"embeddable":true,"href":"https:\/\/www.enerjigazetesi.ist\/en\/wp-json\/wp\/v2\/comments?post=27470"}],"version-history":[{"count":1,"href":"https:\/\/www.enerjigazetesi.ist\/en\/wp-json\/wp\/v2\/posts\/27470\/revisions"}],"predecessor-version":[{"id":27472,"href":"https:\/\/www.enerjigazetesi.ist\/en\/wp-json\/wp\/v2\/posts\/27470\/revisions\/27472"}],"wp:featuredmedia":[{"embeddable":true,"href":"https:\/\/www.enerjigazetesi.ist\/en\/wp-json\/wp\/v2\/media\/27471"}],"wp:attachment":[{"href":"https:\/\/www.enerjigazetesi.ist\/en\/wp-json\/wp\/v2\/media?parent=27470"}],"wp:term":[{"taxonomy":"category","embeddable":true,"href":"https:\/\/www.enerjigazetesi.ist\/en\/wp-json\/wp\/v2\/categories?post=27470"},{"taxonomy":"post_tag","embeddable":true,"href":"https:\/\/www.enerjigazetesi.ist\/en\/wp-json\/wp\/v2\/tags?post=27470"}],"curies":[{"name":"wp","href":"https:\/\/api.w.org\/{rel}","templated":true}]}}