{"id":27425,"date":"2014-06-05T13:46:27","date_gmt":"2014-06-05T10:46:27","guid":{"rendered":"https:\/\/www.enerjigazetesi.ist\/?p=27425"},"modified":"2014-06-05T13:47:23","modified_gmt":"2014-06-05T10:47:23","slug":"ledled-lighting-sektorunu-biraraya-gelmek-icin-gun-sayiyor","status":"publish","type":"post","link":"https:\/\/www.enerjigazetesi.ist\/en\/ledled-lighting-sektorunu-biraraya-gelmek-icin-gun-sayiyor\/","title":{"rendered":"(Turkish) Led&#038;Led Lighting Sekt\u00f6r\u00fcn T\u00fcm \u0130lgililerini Biraraya Getirmek \u0130\u00e7in G\u00fcn Say\u0131yor!"},"content":{"rendered":"<p class=\"qtranxs-available-languages-message qtranxs-available-languages-message-en\">Sorry, this entry is only available in <a href=\"https:\/\/www.enerjigazetesi.ist\/tr\/wp-json\/wp\/v2\/posts\/27425\" class=\"qtranxs-available-language-link qtranxs-available-language-link-tr\" title=\"Turkish\">Turkish<\/a>. For the sake of viewer convenience, the content is shown below in the alternative language. You may click the link to switch the active language.<\/p><p><strong>25-28 Eyl\u00fcl 2014\u2019te \u0130stanbul Fuar Merkezi\u2019nde ger\u00e7ekle\u015fecek olan Led&amp;Led Lighting Fuar\u0131 bu y\u0131l 10. kez d\u00fczenlenecek. \u00c7al\u0131\u015fmalar\u0131na yo\u011fun olarak devam eden Led&amp;Led Lighting sekt\u00f6r\u00fcn t\u00fcm ilgileriyle biraraya gelmek i\u00e7in g\u00fcn say\u0131yor.<\/strong><\/p>\n<p><strong>Bo\u015f Alanlar T\u00fckenmek \u00dczere!<a href=\"https:\/\/www.enerjigazetesi.ist\/wp-content\/uploads\/2013\/07\/led-led-lighting-aydinlatma-fuari.jpg\"><img loading=\"lazy\" class=\"alignright size-medium wp-image-13301\" title=\"led-led-lighting-aydinlatma\" src=\"https:\/\/www.enerjigazetesi.ist\/wp-content\/uploads\/2013\/07\/led-led-lighting-aydinlatma-fuari-300x190.jpg\" alt=\"\" width=\"300\" height=\"190\" srcset=\"https:\/\/www.enerjigazetesi.ist\/wp-content\/uploads\/2013\/07\/led-led-lighting-aydinlatma-fuari-300x190.jpg 300w, https:\/\/www.enerjigazetesi.ist\/wp-content\/uploads\/2013\/07\/led-led-lighting-aydinlatma-fuari-80x50.jpg 80w, https:\/\/www.enerjigazetesi.ist\/wp-content\/uploads\/2013\/07\/led-led-lighting-aydinlatma-fuari.jpg 410w\" sizes=\"(max-width: 300px) 100vw, 300px\" \/><\/a><\/strong><\/p>\n<p>Sekt\u00f6r\u00fcn g\u00f6sterdi\u011fi yo\u011fun ilgiden memnun olan Led&amp;Led Lighting Fuar\u0131, a\u00e7\u0131lmas\u0131na 5 ay kala 9. ve 10. salonlarda %80 doluluk oran\u0131na ula\u015ft\u0131. \u00c7al\u0131\u015fmalar\u0131na a\u011f\u0131rl\u0131k veren Led&amp;Led Lighting Fuar\u0131 sat\u0131\u015flar\u0131na h\u0131z kesmeden devam ediyor.<\/p>\n<p><strong>Led&amp;Led Light\u0131ng Fuar\u0131\u2019na B\u00fcy\u00fck Destek<\/strong><\/p>\n<p>TE\u0130A\u015e, TETA\u015e, TEDA\u015e, E\u00dcA\u015e\u2019\u0131n ilk kez birarada oldu\u011fu Led&amp;Led lighting Fuar\u0131 enstit\u00fclerin, sivil toplum kurulu\u015flar\u0131n\u0131n ve akademik \u00e7evrenin katk\u0131lar\u0131yla geli\u015ferek b\u00fcy\u00fcmeye devam ediyor. T\u00fcrk Standartlar\u0131 Enstit\u00fcs\u00fc, \u0130\u00e7 Mimarlar Odas\u0131, Turizm Geli\u015ftirme Vakf\u0131, TUYAD Uydu Elektronik \u0130leti\u015fim \u0130\u015f \u0130nsanlar\u0131 Derne\u011fi de fuarda \u015fimdiden yerini ald\u0131.<\/p>\n<p><strong>Sekt\u00f6r\u00fcn Tek Dergisi Led&amp;Lighting\u2019in 12. Say\u0131s\u0131 \u00c7\u0131kt\u0131\u2026<\/strong><\/p>\n<p>Sekt\u00f6r\u00fcn tek dergisi Led&amp;Lighting\u2019in 12. Say\u0131s\u0131 \u00e7\u0131kt\u0131\u2026<\/p>\n<p>Kapak konusunda \u201cDekoratif LED Ayd\u0131nlatma\u201dy\u0131 ele alan Led&amp;Lighting, Frankfurt Light + Building\u2019in Fuar\u0131 \u00f6zel dosyas\u0131n\u0131 okuyucular\u0131 ile bulu\u015fturuyor.\u00a0 Ayr\u0131ca, Assan Elektronik\u2019in kurucusu Alex Seyis\u2019in r\u00f6portaj\u0131n\u0131n da yer ald\u0131\u011f\u0131 Led&amp;Lighting sekt\u00f6r\u00fcn nabz\u0131n\u0131 tutmaya devam ediyor.<\/p>\n<p>13. say\u0131s\u0131 \u201cG\u0131da Sekt\u00f6r\u00fcnde LED Ayd\u0131nlatma\u201d olacak.<\/p>\n<p>Konu ile ilgili makale, uygulama, \u00fcr\u00fcn tan\u0131t\u0131m\u0131 ve haberlerinizin dergide yer almas\u0131n\u0131 istiyorsan\u0131z <a href=\"http:\/\/www.leddergi.com\">www.leddergi.com<\/a> web sitesini ziyaret edebilirsiniz.<\/p>\n<p><strong>\u00a0<\/strong><strong>6.Led Konferans\u0131\u2019na Sekt\u00f6r\u00fcn Yo\u011fun \u0130lgisi\u2026<\/strong><\/p>\n<p>10. Uluslararas\u0131 Led&amp;Led Lighting Fuar\u0131\u2019yla e\u015f zamanl\u0131 olarak ger\u00e7ekle\u015fecek, VESTEL\u2019in platin sponsorlu\u011funu \u00fcstlendi\u011fi,\u00a0Kaftan Teknoloji (Okvolight)\u2019nin Alt\u0131n Sponsor olarak destekledi\u011fi 6. LED Konferans\u0131 i\u00e7in geri say\u0131m ba\u015flad\u0131.<\/p>\n<p>Akademik \u00e7evreyle, sekt\u00f6r profesyonellerin ayn\u0131 platformda bulu\u015ftu\u011fu LED Konferans\u0131 program\u0131 belli olmaya ba\u015flad\u0131. Konferans hakk\u0131nda bilgi almak i\u00e7in <a href=\"http:\/\/www.ledkonferansi.com\">www.ledkonferansi.com<\/a> adresini ziyaret edebilirsiniz.<\/p>\n<p><strong>\u00a0<\/strong><strong>5. LED YARI\u015eMASI BA\u015eVURULARI HIZ KESMEDEN DEVAM ED\u0130YOR<\/strong><\/p>\n<p>Pelsan\u2019\u0131n Ana Sponsorlu\u011funda d\u00fczenlenen 5. LED Yar\u0131\u015fmas\u0131 ba\u015fvurular\u0131 yo\u011fun olarak devam ediyor. Sekt\u00f6r profesyonelleriyle, akademik \u00e7evreyi ve ilgili b\u00f6l\u00fcmlerin \u00f6\u011frencilerini biraraya getiren 5.LED Yar\u0131\u015fmas\u0131 g\u00f6rd\u00fc\u011f\u00fc ilgiden memnun.<\/p>\n<ul>\n<li>Birincinin 5000 TL,<\/li>\n<li>\u0130kincinin 3000 TL,<\/li>\n<li>\u00dc\u00e7\u00fcnc\u00fcn\u00fcn 1500 TL<\/li>\n<\/ul>\n<p>para \u00f6d\u00fcl\u00fc alaca\u011f\u0131 5. LED Yar\u0131\u015fmas\u0131\u2019na ba\u015fvuru yapmak i\u00e7in\u00a0<a href=\"http:\/\/www.ledyarismasi.com\/\" target=\"_blank\"><strong>www.ledyarismasi.com<\/strong><\/a>\u00a0adresini ziyaret edebilirsiniz.<\/p>\n<p><strong><span style=\"text-decoration: underline;\">5. LED Yar\u0131\u015fmas\u0131 Takvimi<\/span><\/strong><\/p>\n<ul>\n<li>Proje \u00a0\u00a0\u00a0\u00a0 Ba\u015fvurusu Ba\u015flang\u0131c\u0131: 16 Nisan 2014<\/li>\n<li>Projeye \u00a0\u00a0\u00a0\u00a0 Son Kat\u0131l\u0131m Tarihi: 15 A\u011fustos 2014<\/li>\n<li>Yar\u0131\u015fma \u00a0\u00a0\u00a0\u00a0 i\u00e7in Finale Kalan Projelerin \u0130lan\u0131: 25 A\u011fustos 2014<\/li>\n<li>Finalist \u00a0\u00a0\u00a0\u00a0 Projelerin ve Posterlerin Teslim Tarihi: 6 Eyl\u00fcl 2014<\/li>\n<li>Projelerin \u00a0\u00a0\u00a0\u00a0 Sergilenmesi: 25-28 Eyl\u00fcl 2014<\/li>\n<li>Final G\u00fcn\u00fc \u00a0\u00a0\u00a0\u00a0 De\u011ferlendirmesi, \u00d6d\u00fcl T\u00f6reni ve Kokteyl: 26 Eyl\u00fcl 2014<\/li>\n<\/ul>\n<p><strong><span style=\"text-decoration: underline;\">Marmara Fuarc\u0131l\u0131k Hakk\u0131nda<\/span><\/strong><\/p>\n<p>1999 y\u0131l\u0131nda kurulmu\u015f olan Marmara Tan\u0131t\u0131m Fuarc\u0131l\u0131k, d\u00fczenledi\u011fi fuarlar\u0131n tamam\u0131n\u0131 yurti\u00e7inde uluslararas\u0131 sekt\u00f6rel fuar kapsam\u0131nda d\u00fczenlemektedir. Bu ba\u011flamda yapm\u0131\u015f oldu\u011fu t\u00fcm \u00e7al\u0131\u015fmalar d\u00fcnya genelinde etkiye sahiptir.<\/p>\n<p>Marmara Fuarc\u0131l\u0131k, fuar\u0131n\u0131 d\u00fczenledi\u011fi sekt\u00f6rlerle ilgili uluslararas\u0131 \u00f6zellikte yay\u0131nlar da haz\u0131rlamaktad\u0131r. Sekt\u00f6rle ilgili yay\u0131nlar, sekt\u00f6r\u00fc bilgilendirici, sekt\u00f6rdeki \u00fcr\u00fcnlerle ilgili d\u00fcnyadaki yeni teknolojilerin anlat\u0131ld\u0131\u011f\u0131, farkl\u0131 uygulamalar\u0131n payla\u015f\u0131ld\u0131\u011f\u0131, sekt\u00f6r\u00fcn her kesimine e\u015fit mesafede duran \u00f6zellikte haz\u0131rlanmaktad\u0131r.<\/p>\n<p><strong>Bilgi i\u00e7in;<\/strong><\/p>\n<p>Organizasyon Departman\u0131<\/p>\n<p>Aylin KUNDUZ<\/p>\n<p>Organizasyon ve Pazarlama Sorumlusu<\/p>\n<p><strong>Tel:<\/strong> 0212 503 32 32<\/p>\n<p>E-mail: <a href=\"mailto:aylin.kunduz@marmarafuar.com.tr\">aylin.kunduz@marmarafuar.com.tr<\/a><\/p>\n<p>Yay\u0131nc\u0131: <a href=\"https:\/\/www.enerjigazetesi.ist\" target=\"_blank\">Enerji Gazetesi<\/a><\/p>","protected":false},"excerpt":{"rendered":"<p>Sorry, this entry is only available in Turkish. For the sake of viewer convenience, the content is shown below in the alternative language. You may click the link to switch the active language.25-28 Eyl\u00fcl 2014\u2019te \u0130stanbul Fuar Merkezi\u2019nde ger\u00e7ekle\u015fecek olan Led&amp;Led Lighting Fuar\u0131 bu y\u0131l 10. kez d\u00fczenlenecek. \u00c7al\u0131\u015fmalar\u0131na yo\u011fun olarak devam eden Led&amp;Led Lighting [&hellip;]<\/p>\n","protected":false},"author":1,"featured_media":13301,"comment_status":"open","ping_status":"open","sticky":false,"template":"","format":"standard","meta":[],"categories":[53,52],"tags":[15537,14803,15538,63,67,1009,165,12,3671,1155,3675,3673,4807,793],"views":976,"_links":{"self":[{"href":"https:\/\/www.enerjigazetesi.ist\/en\/wp-json\/wp\/v2\/posts\/27425"}],"collection":[{"href":"https:\/\/www.enerjigazetesi.ist\/en\/wp-json\/wp\/v2\/posts"}],"about":[{"href":"https:\/\/www.enerjigazetesi.ist\/en\/wp-json\/wp\/v2\/types\/post"}],"author":[{"embeddable":true,"href":"https:\/\/www.enerjigazetesi.ist\/en\/wp-json\/wp\/v2\/users\/1"}],"replies":[{"embeddable":true,"href":"https:\/\/www.enerjigazetesi.ist\/en\/wp-json\/wp\/v2\/comments?post=27425"}],"version-history":[{"count":3,"href":"https:\/\/www.enerjigazetesi.ist\/en\/wp-json\/wp\/v2\/posts\/27425\/revisions"}],"predecessor-version":[{"id":27428,"href":"https:\/\/www.enerjigazetesi.ist\/en\/wp-json\/wp\/v2\/posts\/27425\/revisions\/27428"}],"wp:featuredmedia":[{"embeddable":true,"href":"https:\/\/www.enerjigazetesi.ist\/en\/wp-json\/wp\/v2\/media\/13301"}],"wp:attachment":[{"href":"https:\/\/www.enerjigazetesi.ist\/en\/wp-json\/wp\/v2\/media?parent=27425"}],"wp:term":[{"taxonomy":"category","embeddable":true,"href":"https:\/\/www.enerjigazetesi.ist\/en\/wp-json\/wp\/v2\/categories?post=27425"},{"taxonomy":"post_tag","embeddable":true,"href":"https:\/\/www.enerjigazetesi.ist\/en\/wp-json\/wp\/v2\/tags?post=27425"}],"curies":[{"name":"wp","href":"https:\/\/api.w.org\/{rel}","templated":true}]}}