{"id":27406,"date":"2014-06-04T21:57:04","date_gmt":"2014-06-04T18:57:04","guid":{"rendered":"https:\/\/www.enerjigazetesi.ist\/?p=27406"},"modified":"2014-06-04T21:57:04","modified_gmt":"2014-06-04T18:57:04","slug":"gunes-enerjisi-yatirimlarinda-cin-avrupayi-gecti","status":"publish","type":"post","link":"https:\/\/www.enerjigazetesi.ist\/en\/gunes-enerjisi-yatirimlarinda-cin-avrupayi-gecti\/","title":{"rendered":"(Turkish) G\u00fcne\u015f Enerjisi Yat\u0131r\u0131mlar\u0131nda \u00c7in Avrupa\u2019y\u0131 Ge\u00e7ti&#8230;"},"content":{"rendered":"<p class=\"qtranxs-available-languages-message qtranxs-available-languages-message-en\">Sorry, this entry is only available in <a href=\"https:\/\/www.enerjigazetesi.ist\/tr\/wp-json\/wp\/v2\/posts\/27406\" class=\"qtranxs-available-language-link qtranxs-available-language-link-tr\" title=\"Turkish\">Turkish<\/a>. For the sake of viewer convenience, the content is shown below in the alternative language. You may click the link to switch the active language.<\/p><p><strong>G\u00fcne\u015f enerjisinde \u00f6nce Avrupa ve \u00f6zellikle Almanya\u2019da daha fazla yat\u0131r\u0131m yap\u0131l\u0131rken, 2013 y\u0131l\u0131nda bu bran\u015fta radikal bir de\u011fi\u015fim oldu ve \u00c7in \u00f6ne ge\u00e7ti.Avrupa Fotovoltaik End\u00fcstrisi Birli\u011fi EPIA\u2019n\u0131n, k\u00fcresel g\u00fcne\u015f enerji piyasas\u0131 raporuna g\u00f6re, Asya \u00fclkeleri yeni g\u00fcne\u015f enerjisi santrali kurulmas\u0131nda \u00f6ne ge\u00e7ti. Rapora g\u00f6re, Asya \u00fclkeleri 22 giga vatl\u0131k \u00fcretimiyle, k\u00fcresel \u00fcretim toplam\u0131n\u0131n da yar\u0131s\u0131n\u0131 ge\u00e7mi\u015f bulunuyor.<\/strong><\/p>\n<p>Asya \u00fclkeleri, 2013 y\u0131l\u0131nda Avrupa\u2019dan iki kat fazla g\u00fcne\u015f enerjisi santrali kurarak, d\u00fcnya liderli\u011fini ele ge\u00e7irdi. 2012 y\u0131l\u0131nda Avrupa\u2019da 18 giga vatl\u0131k ek g\u00fcne\u015f enerjisi santrali kurulmu\u015fken, Asya\u2018daki santrallerin kapasitesi sadece sekiz giga vat\u0131 bulmaktayd\u0131. \u00c7in di\u011fer Asya \u00fclkelerine k\u0131yasla \u00e7ok daha b\u00fcy\u00fck kapasiteye ula\u015ft\u0131. Ge\u00e7en y\u0131l bu \u00fclkede12 giga vatl\u0131k kapasiteye sahip yeni g\u00fcne\u015f enerjisi santralleri kuruldu. \u00d6nc\u00fc konumundaki \u00c7in, 2014 y\u0131l\u0131nda da yenilenebilir enerjilerde b\u00fcy\u00fck hamle yapmay\u0131 planl\u0131yor. Avrupa Fotovoltaik End\u00fcstrisi Birli\u011fi Ba\u015fkan\u0131 Oliver Sch\u00e4fer, \u00c7in\u2019in \u00fclkedeki hava kirlili\u011fi ile m\u00fccadele edebilmek i\u00e7in fosil enerji kaynak<a href=\"https:\/\/www.enerjigazetesi.ist\/wp-content\/uploads\/2014\/06\/gunes-enerjisi-yatirimlarinda-cin-avrupayi-gecti.jpg\"><img loading=\"lazy\" class=\"alignleft size-medium wp-image-27407\" title=\"gunes-enerjisi-yatirimlarinda-cin-avrupayi-gecti\" src=\"https:\/\/www.enerjigazetesi.ist\/wp-content\/uploads\/2014\/06\/gunes-enerjisi-yatirimlarinda-cin-avrupayi-gecti-300x190.jpg\" alt=\"\" width=\"300\" height=\"190\" srcset=\"https:\/\/www.enerjigazetesi.ist\/wp-content\/uploads\/2014\/06\/gunes-enerjisi-yatirimlarinda-cin-avrupayi-gecti-300x190.jpg 300w, https:\/\/www.enerjigazetesi.ist\/wp-content\/uploads\/2014\/06\/gunes-enerjisi-yatirimlarinda-cin-avrupayi-gecti-80x50.jpg 80w, https:\/\/www.enerjigazetesi.ist\/wp-content\/uploads\/2014\/06\/gunes-enerjisi-yatirimlarinda-cin-avrupayi-gecti.jpg 378w\" sizes=\"(max-width: 300px) 100vw, 300px\" \/><\/a>lar\u0131n\u0131n yerine ge\u00e7ecek, daha fazla yenilenebilir enerji kayna\u011f\u0131na kavu\u015fmay\u0131 hedefledi\u011fini belirtiyor.<\/p>\n<h2>Fuku\u015fima\u2019dan sonra\u2026<\/h2>\n<p>Fuku\u015fima\u2019daki n\u00fckleer faciadan sonra Japonya da g\u00fcne\u015f enerjisine daha b\u00fcy\u00fck yat\u0131r\u0131m yapan \u00fclkeler aras\u0131na girdi. Ge\u00e7en y\u0131l Japonya\u2019da toplam 7 giga vat kapsiteli santraller kuruldu ve sadece bir y\u0131l i\u00e7inde g\u00fcne\u015f enerjisi kapasitesi 14 giga vata \u00e7\u0131kt\u0131. Japonya\u2019da \u00e7at\u0131lara ve \u00e7imenlik alanlara yerle\u015ftirilen g\u00fcne\u015f panelleri kapat\u0131lan d\u00f6rt n\u00fckleer santralin a\u00e7\u0131\u011f\u0131n\u0131 tamaml\u0131yor.<\/p>\n<p>2013 y\u0131l\u0131nda g\u00fcne\u015f enerjisine en fazla yat\u0131r\u0131m yapan \u00fclkeler s\u0131ralamas\u0131nda ABD \u00fc\u00e7\u00fcnc\u00fc geldi. ABD\u2018de toplam kapasitesi 4,8 giga vat olan yeni santraller kurulurken, \u00f6nceki y\u0131llarda g\u00fcne\u015f enerjisi santrallerinde \u00f6nc\u00fc olan Almanya ve \u0130talya da kapasitelerini art\u0131ran \u00fclkeler aras\u0131nda bulunuyor. Asya\u2019daki geli\u015fmeye kar\u015f\u0131n Avrupa \u00fclkelerinin baz\u0131lar\u0131nda g\u00fcne\u015f enerjisi santrallerine yap\u0131lan yat\u0131r\u0131mlar azald\u0131. Sadece,Yunanistan, \u0130ngiltere ve Romanya gibi \u00fclkelerde canlanma devam etti.<\/p>\n<h2>K\u00fcresel pazar hedefi<\/h2>\n<p>Avrupa Fotovoltaik End\u00fcstrisi Birli\u011fi Ba\u015fkan\u0131 Oliver Sch\u00e4fer, k\u00fcresel \u00e7aptaki geli\u015fimden memnun olduklar\u0131n\u0131 ve sadece bir Avrupa pazar\u0131 fikrinden uzakla\u015f\u0131l\u0131p, k\u00fcresel bir pazara yo\u011funla\u015f\u0131ld\u0131\u011f\u0131na dikkat \u00e7ekiyor.<\/p>\n<p>Haberin Devam\u0131 i\u00e7in <a href=\"http:\/\/www.dw.de\/g%C3%BCne%C5%9Fte-%C3%A7in-markas%C4%B1\/a-17677141\" rel=\"nofollow\" target=\"_blank\">t\u0131klay\u0131n\u0131z&gt;&gt;&gt;<\/a><\/p>\n<p>Kaynak: dw.de<\/p>","protected":false},"excerpt":{"rendered":"<p>Sorry, this entry is only available in Turkish. For the sake of viewer convenience, the content is shown below in the alternative language. You may click the link to switch the active language.G\u00fcne\u015f enerjisinde \u00f6nce Avrupa ve \u00f6zellikle Almanya\u2019da daha fazla yat\u0131r\u0131m yap\u0131l\u0131rken, 2013 y\u0131l\u0131nda bu bran\u015fta radikal bir de\u011fi\u015fim oldu ve \u00c7in \u00f6ne ge\u00e7ti.Avrupa [&hellip;]<\/p>\n","protected":false},"author":1,"featured_media":27407,"comment_status":"open","ping_status":"open","sticky":false,"template":"","format":"standard","meta":[],"categories":[53,49],"tags":[1964,13339,886,63,67,1009,165,2425,227,15529,13,2569,5982,1286],"views":635,"_links":{"self":[{"href":"https:\/\/www.enerjigazetesi.ist\/en\/wp-json\/wp\/v2\/posts\/27406"}],"collection":[{"href":"https:\/\/www.enerjigazetesi.ist\/en\/wp-json\/wp\/v2\/posts"}],"about":[{"href":"https:\/\/www.enerjigazetesi.ist\/en\/wp-json\/wp\/v2\/types\/post"}],"author":[{"embeddable":true,"href":"https:\/\/www.enerjigazetesi.ist\/en\/wp-json\/wp\/v2\/users\/1"}],"replies":[{"embeddable":true,"href":"https:\/\/www.enerjigazetesi.ist\/en\/wp-json\/wp\/v2\/comments?post=27406"}],"version-history":[{"count":1,"href":"https:\/\/www.enerjigazetesi.ist\/en\/wp-json\/wp\/v2\/posts\/27406\/revisions"}],"predecessor-version":[{"id":27408,"href":"https:\/\/www.enerjigazetesi.ist\/en\/wp-json\/wp\/v2\/posts\/27406\/revisions\/27408"}],"wp:featuredmedia":[{"embeddable":true,"href":"https:\/\/www.enerjigazetesi.ist\/en\/wp-json\/wp\/v2\/media\/27407"}],"wp:attachment":[{"href":"https:\/\/www.enerjigazetesi.ist\/en\/wp-json\/wp\/v2\/media?parent=27406"}],"wp:term":[{"taxonomy":"category","embeddable":true,"href":"https:\/\/www.enerjigazetesi.ist\/en\/wp-json\/wp\/v2\/categories?post=27406"},{"taxonomy":"post_tag","embeddable":true,"href":"https:\/\/www.enerjigazetesi.ist\/en\/wp-json\/wp\/v2\/tags?post=27406"}],"curies":[{"name":"wp","href":"https:\/\/api.w.org\/{rel}","templated":true}]}}