{"id":27403,"date":"2014-06-04T21:53:15","date_gmt":"2014-06-04T18:53:15","guid":{"rendered":"https:\/\/www.enerjigazetesi.ist\/?p=27403"},"modified":"2014-06-04T21:53:15","modified_gmt":"2014-06-04T18:53:15","slug":"cozum-sureciyle-birlikte-ruzgar-santralleri-ile-guneydoguya-enerji-ussu","status":"publish","type":"post","link":"https:\/\/www.enerjigazetesi.ist\/en\/cozum-sureciyle-birlikte-ruzgar-santralleri-ile-guneydoguya-enerji-ussu\/","title":{"rendered":"(Turkish) \u00c7\u00f6z\u00fcm S\u00fcreciyle Birlikte R\u00fczgar Santralleri \u0130le G\u00fcneydo\u011fu\u2019ya Enerji \u00dcss\u00fc"},"content":{"rendered":"<p class=\"qtranxs-available-languages-message qtranxs-available-languages-message-en\">Sorry, this entry is only available in <a href=\"https:\/\/www.enerjigazetesi.ist\/tr\/wp-json\/wp\/v2\/posts\/27403\" class=\"qtranxs-available-language-link qtranxs-available-language-link-tr\" title=\"Turkish\">Turkish<\/a>. For the sake of viewer convenience, the content is shown below in the alternative language. You may click the link to switch the active language.<\/p><p><strong>\u00c7\u00f6z\u00fcm s\u00fcreciyle birlikte dinamizm kazanan G\u00fcneydo\u011fu ekonomisi, enerji alan\u0131ndaki yat\u0131r\u0131mlarla da dikkat \u00e7ekiyor. Ad\u0131yaman\u2019\u0131n Sincik il\u00e7esinde kurulan ve 11 t\u00fcrbinden olu\u015fan r\u00fczgar santralinde hedef, y\u0131ll\u0131k 83 milyon kilovat saat elektrik \u00fcretmek.<\/strong><\/p>\n<p>R\u00fczgar santralleri G\u00fcneydo\u011fu\u2019yu enerji \u00fcss\u00fc yapacak. \u00c7\u00f6z\u00fcm s\u00fcreciyle birlikte geli\u015fen G\u00fcneydo\u011fu ekonomisine yat\u0131r\u0131mlar devam ediyor. Sincik il\u00e7esinde bir firma taraf\u0131ndan kurulan r\u00fczgar enerji santralinde elektrik \u00fcretimine ba\u015fland\u0131. \u0130l\u00e7e merkezinin kuzeyindeki y\u00fcksek tepelerde yakla\u015f\u0131k 2 y\u0131l \u00f6nce kurulum \u00e7al\u0131\u015fmalar\u0131na ba\u015flanan santralde deneme \u00fcretimler<a href=\"https:\/\/www.enerjigazetesi.ist\/wp-content\/uploads\/2014\/06\/cozum-sureciyle-birlikte-ruzgar-santralleri-ile-guneydoguya-enerji-ussu.jpg\"><img loading=\"lazy\" class=\"alignright size-medium wp-image-27404\" title=\"cozum-sureciyle-birlikte-ruzgar-santralleri-ile-guneydoguya-enerji-ussu\" src=\"https:\/\/www.enerjigazetesi.ist\/wp-content\/uploads\/2014\/06\/cozum-sureciyle-birlikte-ruzgar-santralleri-ile-guneydoguya-enerji-ussu-300x205.jpg\" alt=\"\" width=\"300\" height=\"205\" srcset=\"https:\/\/www.enerjigazetesi.ist\/wp-content\/uploads\/2014\/06\/cozum-sureciyle-birlikte-ruzgar-santralleri-ile-guneydoguya-enerji-ussu-300x205.jpg 300w, https:\/\/www.enerjigazetesi.ist\/wp-content\/uploads\/2014\/06\/cozum-sureciyle-birlikte-ruzgar-santralleri-ile-guneydoguya-enerji-ussu-500x342.jpg 500w, https:\/\/www.enerjigazetesi.ist\/wp-content\/uploads\/2014\/06\/cozum-sureciyle-birlikte-ruzgar-santralleri-ile-guneydoguya-enerji-ussu-72x50.jpg 72w, https:\/\/www.enerjigazetesi.ist\/wp-content\/uploads\/2014\/06\/cozum-sureciyle-birlikte-ruzgar-santralleri-ile-guneydoguya-enerji-ussu.jpg 600w\" sizes=\"(max-width: 300px) 100vw, 300px\" \/><\/a>i tamamland\u0131. B\u00f6lgede kurulan 11 r\u00fczgar t\u00fcrbininde \u00fcretilen enerji, elektrik \u015febekesine veriliyor. Santralin m\u00fcd\u00fcr\u00fc Zeynel Palta, yapt\u0131\u011f\u0131 a\u00e7\u0131klamada, projenin G\u00fcneydo\u011fu Anadolu B\u00f6lgesi\u2019nde \u2018ndan (EPDK) al\u0131nan ilk lisansl\u0131 r\u00fczgar enerjisi yat\u0131r\u0131m\u0131 oldu\u011funu s\u00f6yledi.<\/p>\n<h2>11\u00a0t\u00fcrbin devrede<\/h2>\n<p>Devletin, yenilenebilir enerji yat\u0131r\u0131mlar\u0131na verdi\u011fi deste\u011fin artt\u0131\u011f\u0131n\u0131 ifade eden Palta, \u2018Bu b\u00f6lge r\u00fczgar enerjisi \u00fcretimi i\u00e7in \u00e7ok uygun bir alan. Yakla\u015f\u0131k 3 y\u0131l s\u00fcren r\u00fczgar \u00f6l\u00e7\u00fcmlerinin ard\u0131ndan 11 r\u00fczgar t\u00fcrbininden olu\u015fan yat\u0131r\u0131m\u0131m\u0131z\u0131 hayata ge\u00e7irdik\u2019 dedi. Palta, d\u00fcnyada kabul g\u00f6ren r\u00fczgar enerjisi santrallerinin T\u00fcrkiye\u2019de de yayg\u0131nla\u015fmaya ba\u015flad\u0131\u011f\u0131n\u0131, art\u0131k \u00e7evreye duyarl\u0131 projelerin \u00f6n plana \u00e7\u0131kmaya ba\u015flad\u0131\u011f\u0131n\u0131 kaydetti.<\/p>\n<h2>83\u00a0milyonluk \u00fcretim hedefi<\/h2>\n<p>Palta, \u015f\u00f6yle konu\u015ftu: \u2018Do\u011fu ve G\u00fcneydo\u011fu\u2019nun ilk r\u00fczgar enerji yat\u0131r\u0131-m\u0131n\u0131 devreye ald\u0131\u011f\u0131m\u0131z i\u00e7in mutluyuz. Santralimizde y\u0131lda 83 milyon kilovat saat elektrik \u00fcretimi hedefliyoruz. Bu tesis hem il\u00e7eye hem de b\u00f6lge halk\u0131na katk\u0131 sunacak. Di\u011fer firmalar\u0131n da santral kurmas\u0131ya b\u00f6lgenin bir enerji \u00fcretim merkezi olaca\u011f\u0131n\u0131 d\u00fc\u015f\u00fcn\u00fcyorum.\u2019<\/p>\n<h2>\u0130hracatta art\u0131\u015f var<\/h2>\n<p>\u00c7\u00f6z\u00fcm s\u00fcrecinin b\u00f6lge ekonomisine yapt\u0131\u011f\u0131 katk\u0131 b\u00f6lge ticaretine de yans\u0131m\u0131\u015f durumda. G\u00fcneydo\u011fu Anadolu B\u00f6lgesi\u2019nden ocak-may\u0131s d\u00f6neminde, 3 milyar 858 milyon 434 bin dolarl\u0131k ihracat ger\u00e7ekle\u015ftirildi\u011fi a\u00e7\u0131kland\u0131.<\/p>\n<p><strong>Devam\u0131 i\u00e7in <a href=\"http:\/\/yenisafak.com.tr\/ekonomi-haber\/cozum-ruzgari-elektrik-uretecek-04.06.2014-655382\" rel=\"nofollow\" target=\"_blank\">t\u0131klay\u0131n\u0131z&gt;&gt;&gt;<\/a><\/strong><\/p>\n<p>Kaynak: Yeni \u015eafak<\/p>","protected":false},"excerpt":{"rendered":"<p>Sorry, this entry is only available in Turkish. For the sake of viewer convenience, the content is shown below in the alternative language. You may click the link to switch the active language.\u00c7\u00f6z\u00fcm s\u00fcreciyle birlikte dinamizm kazanan G\u00fcneydo\u011fu ekonomisi, enerji alan\u0131ndaki yat\u0131r\u0131mlarla da dikkat \u00e7ekiyor. Ad\u0131yaman\u2019\u0131n Sincik il\u00e7esinde kurulan ve 11 t\u00fcrbinden olu\u015fan r\u00fczgar santralinde [&hellip;]<\/p>\n","protected":false},"author":1,"featured_media":27404,"comment_status":"open","ping_status":"open","sticky":false,"template":"","format":"standard","meta":[],"categories":[53,50],"tags":[15526,15527,19,63,67,1009,749,165,4486,750,15528,474,69,16,231,1286,1245],"views":990,"_links":{"self":[{"href":"https:\/\/www.enerjigazetesi.ist\/en\/wp-json\/wp\/v2\/posts\/27403"}],"collection":[{"href":"https:\/\/www.enerjigazetesi.ist\/en\/wp-json\/wp\/v2\/posts"}],"about":[{"href":"https:\/\/www.enerjigazetesi.ist\/en\/wp-json\/wp\/v2\/types\/post"}],"author":[{"embeddable":true,"href":"https:\/\/www.enerjigazetesi.ist\/en\/wp-json\/wp\/v2\/users\/1"}],"replies":[{"embeddable":true,"href":"https:\/\/www.enerjigazetesi.ist\/en\/wp-json\/wp\/v2\/comments?post=27403"}],"version-history":[{"count":1,"href":"https:\/\/www.enerjigazetesi.ist\/en\/wp-json\/wp\/v2\/posts\/27403\/revisions"}],"predecessor-version":[{"id":27405,"href":"https:\/\/www.enerjigazetesi.ist\/en\/wp-json\/wp\/v2\/posts\/27403\/revisions\/27405"}],"wp:featuredmedia":[{"embeddable":true,"href":"https:\/\/www.enerjigazetesi.ist\/en\/wp-json\/wp\/v2\/media\/27404"}],"wp:attachment":[{"href":"https:\/\/www.enerjigazetesi.ist\/en\/wp-json\/wp\/v2\/media?parent=27403"}],"wp:term":[{"taxonomy":"category","embeddable":true,"href":"https:\/\/www.enerjigazetesi.ist\/en\/wp-json\/wp\/v2\/categories?post=27403"},{"taxonomy":"post_tag","embeddable":true,"href":"https:\/\/www.enerjigazetesi.ist\/en\/wp-json\/wp\/v2\/tags?post=27403"}],"curies":[{"name":"wp","href":"https:\/\/api.w.org\/{rel}","templated":true}]}}