{"id":27310,"date":"2014-06-03T18:04:04","date_gmt":"2014-06-03T15:04:04","guid":{"rendered":"https:\/\/www.enerjigazetesi.ist\/?p=27310"},"modified":"2014-06-03T18:08:19","modified_gmt":"2014-06-03T15:08:19","slug":"kuzey-irak-petrolunun-alicilari-tehditler-karsisinda-vazgecti","status":"publish","type":"post","link":"https:\/\/www.enerjigazetesi.ist\/en\/kuzey-irak-petrolunun-alicilari-tehditler-karsisinda-vazgecti\/","title":{"rendered":"(Turkish) \u2018Kuzey Irak Petrol\u00fcn\u00fcn Al\u0131c\u0131lar\u0131 Tehditler Kar\u015f\u0131s\u0131nda Vazge\u00e7ti&#8230;\u2019"},"content":{"rendered":"<p class=\"qtranxs-available-languages-message qtranxs-available-languages-message-en\">Sorry, this entry is only available in <a href=\"https:\/\/www.enerjigazetesi.ist\/tr\/wp-json\/wp\/v2\/posts\/27310\" class=\"qtranxs-available-language-link qtranxs-available-language-link-tr\" title=\"Turkish\">Turkish<\/a>. For the sake of viewer convenience, the content is shown below in the alternative language. You may click the link to switch the active language.<\/p><p><strong>ABD ve AB\u2019nin rahats\u0131z oldu\u011fu Ceyhan\u2019dan y\u00fcklemesi yap\u0131lan Kuzey Irak petrol\u00fcn\u00fcn al\u0131c\u0131lar\u0131 tehditler kar\u015f\u0131s\u0131nda vazge\u00e7ti. ABD\u2019nin b\u00f6lgedeki korsanca tav\u0131rlar\u0131 manidar kar\u015f\u0131land\u0131. Merkezi Irak y\u00f6netimi ile Kuzey Irak\u2019taki b\u00f6lgesel K\u00fcrt y\u00f6netimi aras\u0131nda b\u00fcy\u00fck bir \u00e7at\u0131\u015fmaya sebep olan Kuzey Irak\u2019\u0131n petrol\u00fcnde Erbil y\u00f6netiminin yapmak istedi\u011fi emrivaki i\u015f<a href=\"https:\/\/www.enerjigazetesi.ist\/wp-content\/uploads\/2014\/06\/kuzey-irak-petrolunun-alicilari-tehditler-karsisinda-vazgecti.jpg\"><img loading=\"lazy\" class=\"alignleft size-medium wp-image-27311\" title=\"kuzey-irak-petrolunun-alicilari-tehditler-karsisinda-vazgecti\" src=\"https:\/\/www.enerjigazetesi.ist\/wp-content\/uploads\/2014\/06\/kuzey-irak-petrolunun-alicilari-tehditler-karsisinda-vazgecti-300x212.jpg\" alt=\"\" width=\"300\" height=\"212\" srcset=\"https:\/\/www.enerjigazetesi.ist\/wp-content\/uploads\/2014\/06\/kuzey-irak-petrolunun-alicilari-tehditler-karsisinda-vazgecti-300x212.jpg 300w, https:\/\/www.enerjigazetesi.ist\/wp-content\/uploads\/2014\/06\/kuzey-irak-petrolunun-alicilari-tehditler-karsisinda-vazgecti-500x354.jpg 500w, https:\/\/www.enerjigazetesi.ist\/wp-content\/uploads\/2014\/06\/kuzey-irak-petrolunun-alicilari-tehditler-karsisinda-vazgecti-70x50.jpg 70w, https:\/\/www.enerjigazetesi.ist\/wp-content\/uploads\/2014\/06\/kuzey-irak-petrolunun-alicilari-tehditler-karsisinda-vazgecti.jpg 566w\" sizes=\"(max-width: 300px) 100vw, 300px\" \/><\/a>e yaramad\u0131.<\/strong><\/p>\n<p>Ceyhan\u2019dan y\u00fcklenen petrol\u00fcn ilk sevkiyat\u0131 herhangi bir al\u0131c\u0131n\u0131n adresine yap\u0131lamad\u0131. Yola \u00e7\u0131kan United Leadership (SCF Aldan) isimli petrol tankeri 1 milyon varilin \u00fczerinde petrolle Akdeniz\u2019in ortas\u0131nda kald\u0131.<\/p>\n<p>Gemi 20 May\u0131s\u2019ta Ceyhan liman\u0131ndan 1 milyon varil K\u00fcrt petrol\u00fc ile hareket etti. O g\u00fcn K\u00fcrt y\u00f6netimi a\u00e7\u0131lan ihaleye \u0130talya ve Almanya\u2019dan teklif geldi\u011fini, ilk parti petrol\u00fcn bu \u00fclkelerdeki al\u0131c\u0131lara sat\u0131lmak \u00fczere yola \u00e7\u0131kt\u0131\u011f\u0131n\u0131 a\u00e7\u0131klam\u0131\u015ft\u0131. Ba\u011fdat y\u00f6netimi ise kendi onay\u0131 olmadan yap\u0131lan bu sat\u0131\u015f\u0131 \u2018h\u0131rs\u0131zl\u0131k\u2019 olarak nitelendirmi\u015f, sat\u0131\u015fta arac\u0131 olan T\u00fcrkiye\u2019yi de Uluslararas\u0131 Tahkim\u2019de dava edece\u011fini duyurmu\u015ftu.<\/p>\n<h2>Aniden u-d\u00f6n\u00fc\u015f\u00fc<\/h2>\n<p>Ayn\u0131 g\u00fcn Beyaz Saray\u2019dan yap\u0131lan a\u00e7\u0131klamada Irak petrol\u00fcn\u00fcn K\u00fcrt y\u00f6netimi taraf\u0131ndan merkezi y\u00f6netimin onay\u0131 al\u0131nmadan sat\u0131lmas\u0131na destek verilmedi\u011fi duyurulunca r\u00fczgar tersine d\u00f6nd\u00fc.<\/p>\n<p>Reuters\u2019\u0131n haberine g\u00f6re Ceyhan\u2019dan yola \u00e7\u0131kan tanker, halen hi\u00e7bir limana yana\u015fabilmi\u015f de\u011fil. Avrupa\u2019y\u0131 pas ge\u00e7ip Amerika\u2019ya do\u011fru yol alan tanker d\u00fcn de ani bir u-d\u00f6n\u00fc\u015f\u00fc yapt\u0131. Uzmanlara g\u00f6re geminin bu rotas\u0131, \u2018petrol\u00fc satacak al\u0131c\u0131 bulunamad\u0131\u011f\u0131na\u2019 i\u015faret ediyor.<\/p>\n<p>K\u00fcrt y\u00f6netimi ad\u0131na konu\u015fan Moyad Talab, Reuters\u2019\u0131n haberine, \u201cO tanker Avrupa\u2019ya gidiyor\u201d diye yan\u0131t verdi. Kendisine neden geminin Avrupa\u2019y\u0131 pas ge\u00e7ip ABD\u2019ye y\u00f6neldi\u011fi soruldu\u011funda \u201cBir milyon varil petrol\u00fc Almanya ve \u0130talya\u2019dan al\u0131c\u0131lara satt\u0131k. ABD\u2019ye herhangi bir sat\u0131\u015f\u0131m\u0131z olmad\u0131. Ama bir\u00e7ok sat\u0131\u015f yapaca\u011f\u0131z ve bu daha ilki\u201d diye mu\u011flak bir cevap verdi.<\/p>\n<h2>Tahkim resti i\u015fe yarad\u0131 petrol \u2018homeless\u2019 kald\u0131<\/h2>\n<p>Nuri el Maliki\u2019nin liderlik etti\u011fi Irak h\u00fck\u00fcmeti, daha \u00f6nce kendisiyle petrol anla\u015fmas\u0131 yapan t\u00fcm uluslararas\u0131 \u015firketlere g\u00f6nderdi\u011fi ihtarnamede K\u00fcrt petrol\u00fcn\u00fc sat\u0131n almalar\u0131 durumunda t\u00fcm anla\u015fmalar\u0131n iptal edilece\u011fi restini \u00e7ekmi\u015fti. Ayn\u0131 zamanda petrol\u00fcn analizini yapan Saybolt isimli uluslararas\u0131 \u015firkete de buna son vermesi y\u00f6n\u00fcnde bask\u0131 yap\u0131ld\u0131. Habere g\u00f6re K\u00fcrt petrol\u00fc bu rest sonucunda al\u0131c\u0131lar\u0131n muhtemelen al\u0131mdan vazge\u00e7mesi nedeniyle \u2018homeless\u2019 (evsiz) kald\u0131. Irak Y\u00f6netimi petrol\u00fcn \u00e7\u0131k\u0131\u015f\u0131na izin veren T\u00fcrkiye\u2019yi de Uluslararas\u0131 Tahkim\u2019de dava edece\u011fi tehditinde bulunmu\u015ftu.<\/p>\n<p><strong>Haberin Devam\u0131 i\u00e7in <a href=\"http:\/\/www.yeniakit.com.tr\/haber\/abdnin-tehditleri-kuzey-irak-petrolune-set-oldu-19592.html\" rel=\"nofollow\" target=\"_blank\">t\u0131klay\u0131n\u0131z&gt;&gt;&gt;<\/a><\/strong><\/p>\n<p>Kaynak: Yeni Akit<\/p>","protected":false},"excerpt":{"rendered":"<p>Sorry, this entry is only available in Turkish. For the sake of viewer convenience, the content is shown below in the alternative language. You may click the link to switch the active language.ABD ve AB\u2019nin rahats\u0131z oldu\u011fu Ceyhan\u2019dan y\u00fcklemesi yap\u0131lan Kuzey Irak petrol\u00fcn\u00fcn al\u0131c\u0131lar\u0131 tehditler kar\u015f\u0131s\u0131nda vazge\u00e7ti. ABD\u2019nin b\u00f6lgedeki korsanca tav\u0131rlar\u0131 manidar kar\u015f\u0131land\u0131. Merkezi Irak [&hellip;]<\/p>\n","protected":false},"author":1,"featured_media":27311,"comment_status":"open","ping_status":"open","sticky":false,"template":"","format":"standard","meta":[],"categories":[53,44],"tags":[1192,1198,929,1964,63,67,1009,165,7338,746,5234,59,79,69,1548],"views":624,"_links":{"self":[{"href":"https:\/\/www.enerjigazetesi.ist\/en\/wp-json\/wp\/v2\/posts\/27310"}],"collection":[{"href":"https:\/\/www.enerjigazetesi.ist\/en\/wp-json\/wp\/v2\/posts"}],"about":[{"href":"https:\/\/www.enerjigazetesi.ist\/en\/wp-json\/wp\/v2\/types\/post"}],"author":[{"embeddable":true,"href":"https:\/\/www.enerjigazetesi.ist\/en\/wp-json\/wp\/v2\/users\/1"}],"replies":[{"embeddable":true,"href":"https:\/\/www.enerjigazetesi.ist\/en\/wp-json\/wp\/v2\/comments?post=27310"}],"version-history":[{"count":3,"href":"https:\/\/www.enerjigazetesi.ist\/en\/wp-json\/wp\/v2\/posts\/27310\/revisions"}],"predecessor-version":[{"id":27313,"href":"https:\/\/www.enerjigazetesi.ist\/en\/wp-json\/wp\/v2\/posts\/27310\/revisions\/27313"}],"wp:featuredmedia":[{"embeddable":true,"href":"https:\/\/www.enerjigazetesi.ist\/en\/wp-json\/wp\/v2\/media\/27311"}],"wp:attachment":[{"href":"https:\/\/www.enerjigazetesi.ist\/en\/wp-json\/wp\/v2\/media?parent=27310"}],"wp:term":[{"taxonomy":"category","embeddable":true,"href":"https:\/\/www.enerjigazetesi.ist\/en\/wp-json\/wp\/v2\/categories?post=27310"},{"taxonomy":"post_tag","embeddable":true,"href":"https:\/\/www.enerjigazetesi.ist\/en\/wp-json\/wp\/v2\/tags?post=27310"}],"curies":[{"name":"wp","href":"https:\/\/api.w.org\/{rel}","templated":true}]}}