{"id":27272,"date":"2014-06-02T16:29:42","date_gmt":"2014-06-02T13:29:42","guid":{"rendered":"https:\/\/www.enerjigazetesi.ist\/?p=27272"},"modified":"2014-06-02T16:29:42","modified_gmt":"2014-06-02T13:29:42","slug":"baca-gazindan-gubre-uretilecek","status":"publish","type":"post","link":"https:\/\/www.enerjigazetesi.ist\/en\/baca-gazindan-gubre-uretilecek\/","title":{"rendered":"(Turkish) Baca Gaz\u0131ndan G\u00fcbre \u00dcretilecek&#8230;"},"content":{"rendered":"<p class=\"qtranxs-available-languages-message qtranxs-available-languages-message-en\">Sorry, this entry is only available in <a href=\"https:\/\/www.enerjigazetesi.ist\/tr\/wp-json\/wp\/v2\/posts\/27272\" class=\"qtranxs-available-language-link qtranxs-available-language-link-tr\" title=\"Turkish\">Turkish<\/a>. For the sake of viewer convenience, the content is shown below in the alternative language. You may click the link to switch the active language.<\/p><p><strong>Konya Sel\u00e7uk \u00dcniversitesi ba\u015fkanl\u0131\u011f\u0131nda y\u00fcr\u00fct\u00fclen proje ile fosil yak\u0131tlarla \u00e7al\u0131\u015fan termik santrallerden \u00e7\u0131kan baca gaz\u0131 at\u0131\u011f\u0131, g\u00fcbreye d\u00f6n\u00fc\u015ft\u00fcr\u00fclerek tar\u0131ma kazand\u0131r\u0131lacak.<\/strong><\/p>\n<p>Sel\u00e7uk \u00dcniversitesi \u00c7umra Meslek Y\u00fcksekokulu, G\u0131da, Tar\u0131m ve Hayvanc\u0131l\u0131k Bakanl\u0131\u011f\u0131 `n\u0131n `Ar-Ge Destek` kapsam\u0131nda <a href=\"https:\/\/www.enerjigazetesi.ist\/wp-content\/uploads\/2014\/06\/karbon-salimi.jpg\"><img loading=\"lazy\" class=\"alignright size-medium wp-image-27273\" title=\"karbon-salimi\" src=\"https:\/\/www.enerjigazetesi.ist\/wp-content\/uploads\/2014\/06\/karbon-salimi-300x209.jpg\" alt=\"\" width=\"300\" height=\"209\" srcset=\"https:\/\/www.enerjigazetesi.ist\/wp-content\/uploads\/2014\/06\/karbon-salimi-300x209.jpg 300w, https:\/\/www.enerjigazetesi.ist\/wp-content\/uploads\/2014\/06\/karbon-salimi-71x50.jpg 71w, https:\/\/www.enerjigazetesi.ist\/wp-content\/uploads\/2014\/06\/karbon-salimi.jpg 417w\" sizes=\"(max-width: 300px) 100vw, 300px\" \/><\/a>destekledi\u011fi \u2018Baca Gaz\u0131 Ar\u0131t\u0131m\u0131 At\u0131\u011f\u0131n\u0131n G\u00fcbre Olarak Kullan\u0131labilirli\u011finin Ara\u015ft\u0131r\u0131lmas\u0131 ve Geli\u015ftirilmesi\u201d projesini halka tan\u0131tt\u0131.<\/p>\n<p>Yeditepe, Gaziosmanpa\u015fa, Atat\u00fcrk \u00dcniversiteleri ile Toprak, G\u00fcbre ve Su Kaynaklar\u0131 Merkezi Ara\u015ft\u0131rma Enstit\u00fcs\u00fc ve EPT\u0130M\u015eirketi`nin ortak olarak kat\u0131ld\u0131\u011f\u0131 projeye g\u00f6re, k\u00f6m\u00fcr ve petrol gibi fosil yak\u0131tlarla \u00e7al\u0131\u015fan ba\u015fta termik santraller ile benzeri tesislerden kaynaklanan NOx (azot oksit), SOx (k\u00fck\u00fcrt oksit) ve COx (karbon oksit) gibi hava kirleticilerinin \u00e7\u0131kard\u0131\u011f\u0131 baca gazlar\u0131, temiz teknoloji kullanarak ar\u0131t\u0131lacak ve elde edilen ar\u0131t\u0131m at\u0131\u011f\u0131 d\u00f6n\u00fc\u015ft\u00fcr\u00fclerek, di\u011fer g\u00fcbreler gibi tar\u0131mda kullan\u0131lmas\u0131 sa\u011flanacak.<\/p>\n<p>Projeyi y\u00fcr\u00fcten \u00c7umra Meslek Y\u00fcksekokul M\u00fcd\u00fcr\u00fc Do\u00e7. Dr. Fatih Er, proje kapsam\u0131nda \u00fcretilecek g\u00fcbre materyalinin tar\u0131msal \u00fcretimde kullan\u0131lmas\u0131yla b\u00fcy\u00fck bir potansiyele sahip olunaca\u011f\u0131n\u0131 belirtiyor. Er, \u00f6zellikle sanayi sitelerinde ve \u015fehir merkezlerinde uygulamaya ge\u00e7ilmesiyle elde edilecek g\u00fcbrenin \u00e7ok \u00f6nemli bir yere sahip olaca\u011f\u0131n\u0131 vurgulayarak, \u201cG\u00fcn\u00fcm\u00fczde bitkisel \u00fcretim i\u00e7in ihtiya\u00e7 duyulan mineral g\u00fcbre \u00fcretiminde gerekli olan petrol, do\u011fal gaz gibi enerji girdilerinin kullan\u0131m\u0131na gerek duymayan, yenilenebilir enerji kaynaklar\u0131n\u0131n etkin kullan\u0131m\u0131 yan\u0131nda \u00e7evreye sal\u0131nan zararl\u0131 gazlar\u0131n etkisini bertaraf eden \u00e7evre dostu sistem sonucunda \u00fcretilecek g\u00fcbre materyalinin tar\u0131msal \u00fcretimde kullan\u0131labilmesi m\u00fcmk\u00fcn oldu\u011funda, mevcut sistem ba\u015fta sanayi sitelerinde olmak \u00fczere \u015fehir merkezi ve t\u00fcm \u00fclke \u00e7ap\u0131nda \u00f6nemli bir \u00e7arpan etkisine sahip olacakt\u0131r.\u201d dedi.<\/p>\n<p>FOS\u0130L ATIKLARINDAN UCUZ G\u0130RD\u0130<\/p>\n<p>Do\u00e7. Dr. Er, proje sonucu elde edilecek verilerin bitki yeti\u015ftiricili\u011fi ve toprak \u0131slah\u0131nda kullan\u0131m\u0131yla ucuz girdi sa\u011flanaca\u011f\u0131n\u0131 belirterek, maliyetlerin a\u015fa\u011f\u0131 \u00e7ekilece\u011fine ve rekabeti art\u0131raca\u011f\u0131na dikkat \u00e7ekti. Er, \u201c\u00dclkemizde sanayi ve \u0131s\u0131nma gideri olarak kullan\u0131lan fosil at\u0131klar\u0131n\u0131n \u00e7\u0131kard\u0131\u011f\u0131 CO2 miktar\u0131 yakla\u015f\u0131k 300-350 milyon ton civar\u0131nda olup yanma sonucunda atmosfere sal\u0131nan SO2\u2019te y\u00fczde 98, NO-NOx\u2019te y\u00fczde 70, CO-CO2\u2019te y\u00fczde 70, u\u00e7ucu organik bile\u015fiklerde y\u00fczde 15, u\u00e7ucu partik\u00fcllerde y\u00fczde 68, bertarafta kullan\u0131lan enerjide y\u00fczde 20, ar\u0131t\u0131m at\u0131\u011f\u0131n\u0131n bertaraf edilmesi i\u00e7in gerekli maliyette y\u00fczde 100 ve koku gideriminde y\u00fczde 100 giderim sa\u011flamakta olup, mevcut teknolojiye g\u00f6re y\u00fczde 45 daha fazla ar\u0131t\u0131m sa\u011flayabilecektir.&#8221; dedi.<\/p>\n<p>Kaynak: Enerji G\u00fcnl\u00fc\u011f\u00fc<\/p>","protected":false},"excerpt":{"rendered":"<p>Sorry, this entry is only available in Turkish. For the sake of viewer convenience, the content is shown below in the alternative language. You may click the link to switch the active language.Konya Sel\u00e7uk \u00dcniversitesi ba\u015fkanl\u0131\u011f\u0131nda y\u00fcr\u00fct\u00fclen proje ile fosil yak\u0131tlarla \u00e7al\u0131\u015fan termik santrallerden \u00e7\u0131kan baca gaz\u0131 at\u0131\u011f\u0131, g\u00fcbreye d\u00f6n\u00fc\u015ft\u00fcr\u00fclerek tar\u0131ma kazand\u0131r\u0131lacak. Sel\u00e7uk \u00dcniversitesi \u00c7umra [&hellip;]<\/p>\n","protected":false},"author":1,"featured_media":27273,"comment_status":"open","ping_status":"open","sticky":false,"template":"","format":"standard","meta":[],"categories":[53],"tags":[15472,15471,15470],"views":1098,"_links":{"self":[{"href":"https:\/\/www.enerjigazetesi.ist\/en\/wp-json\/wp\/v2\/posts\/27272"}],"collection":[{"href":"https:\/\/www.enerjigazetesi.ist\/en\/wp-json\/wp\/v2\/posts"}],"about":[{"href":"https:\/\/www.enerjigazetesi.ist\/en\/wp-json\/wp\/v2\/types\/post"}],"author":[{"embeddable":true,"href":"https:\/\/www.enerjigazetesi.ist\/en\/wp-json\/wp\/v2\/users\/1"}],"replies":[{"embeddable":true,"href":"https:\/\/www.enerjigazetesi.ist\/en\/wp-json\/wp\/v2\/comments?post=27272"}],"version-history":[{"count":2,"href":"https:\/\/www.enerjigazetesi.ist\/en\/wp-json\/wp\/v2\/posts\/27272\/revisions"}],"predecessor-version":[{"id":27275,"href":"https:\/\/www.enerjigazetesi.ist\/en\/wp-json\/wp\/v2\/posts\/27272\/revisions\/27275"}],"wp:featuredmedia":[{"embeddable":true,"href":"https:\/\/www.enerjigazetesi.ist\/en\/wp-json\/wp\/v2\/media\/27273"}],"wp:attachment":[{"href":"https:\/\/www.enerjigazetesi.ist\/en\/wp-json\/wp\/v2\/media?parent=27272"}],"wp:term":[{"taxonomy":"category","embeddable":true,"href":"https:\/\/www.enerjigazetesi.ist\/en\/wp-json\/wp\/v2\/categories?post=27272"},{"taxonomy":"post_tag","embeddable":true,"href":"https:\/\/www.enerjigazetesi.ist\/en\/wp-json\/wp\/v2\/tags?post=27272"}],"curies":[{"name":"wp","href":"https:\/\/api.w.org\/{rel}","templated":true}]}}