{"id":27237,"date":"2014-06-02T14:37:18","date_gmt":"2014-06-02T11:37:18","guid":{"rendered":"https:\/\/www.enerjigazetesi.ist\/?p=27237"},"modified":"2014-06-02T14:37:18","modified_gmt":"2014-06-02T11:37:18","slug":"cin-kucuk-olcekli-komur-ocaklarini-ayikliyor","status":"publish","type":"post","link":"https:\/\/www.enerjigazetesi.ist\/en\/cin-kucuk-olcekli-komur-ocaklarini-ayikliyor\/","title":{"rendered":"(Turkish) \u00c7in K\u00fc\u00e7\u00fck \u00d6l\u00e7ekli K\u00f6m\u00fcr Ocaklar\u0131n\u0131 Ay\u0131kl\u0131yor!"},"content":{"rendered":"<p class=\"qtranxs-available-languages-message qtranxs-available-languages-message-en\">Sorry, this entry is only available in <a href=\"https:\/\/www.enerjigazetesi.ist\/tr\/wp-json\/wp\/v2\/posts\/27237\" class=\"qtranxs-available-language-link qtranxs-available-language-link-tr\" title=\"Turkish\">Turkish<\/a>. For the sake of viewer convenience, the content is shown below in the alternative language. You may click the link to switch the active language.<\/p><p><strong><a href=\"https:\/\/www.enerjigazetesi.ist\/wp-content\/uploads\/2014\/06\/komur.jpg\"><img loading=\"lazy\" class=\"alignright size-medium wp-image-27242\" title=\"komur\" src=\"https:\/\/www.enerjigazetesi.ist\/wp-content\/uploads\/2014\/06\/komur-300x187.jpg\" alt=\"\" width=\"300\" height=\"187\" srcset=\"https:\/\/www.enerjigazetesi.ist\/wp-content\/uploads\/2014\/06\/komur-300x187.jpg 300w, https:\/\/www.enerjigazetesi.ist\/wp-content\/uploads\/2014\/06\/komur-500x311.jpg 500w, https:\/\/www.enerjigazetesi.ist\/wp-content\/uploads\/2014\/06\/komur-80x50.jpg 80w, https:\/\/www.enerjigazetesi.ist\/wp-content\/uploads\/2014\/06\/komur.jpg 606w\" sizes=\"(max-width: 300px) 100vw, 300px\" \/><\/a>\u00c7in 2015 y\u0131l\u0131na kadar 2000`den fazla k\u00fc\u00e7\u00fck \u00e7apl\u0131 k\u00f6m\u00fcr madenini kapatmay\u0131 planl\u0131yor.<\/strong><\/p>\n<p>\u00c7in \u0130\u015f G\u00fcvenli\u011fi Y\u00f6netimi\u2019nin a\u00e7\u0131klamas\u0131na g\u00f6re, \u00c7in d\u00fc\u015f\u00fck kapasiteli i\u015fletmeleri devre d\u0131\u015f\u0131 b\u0131rakmak, i\u015f g\u00fcvenli\u011fini geli\u015ftirmek ve hava kirlili\u011fini azaltmak i\u00e7in gelecek y\u0131la kadar k\u00fc\u00e7\u00fck \u00f6l\u00e7ekli 2000\u2019den fazla k\u00f6m\u00fcr madenini kapatmay\u0131 planl\u0131yor.<\/p>\n<p>Buna g\u00f6re, y\u0131ll\u0131k k\u00f6m\u00fcr \u00fcretimi 90 bin ton veya alt\u0131nda olan k\u00f6m\u00fcr ocaklar\u0131 kapat\u0131lacak. Chongqing, Liaoning, Heilongjiang, Jiangxi, Hubei, Hunan, Sichuan, Yunnan ve Guizhou eyaletlerindeki k\u00f6m\u00fcr madenleri ana hedefler olacak.<\/p>\n<p>Kaynak: Enerji G\u00fcnl\u00fc\u011f\u00fc<\/p>","protected":false},"excerpt":{"rendered":"<p>Sorry, this entry is only available in Turkish. For the sake of viewer convenience, the content is shown below in the alternative language. You may click the link to switch the active language.\u00c7in 2015 y\u0131l\u0131na kadar 2000`den fazla k\u00fc\u00e7\u00fck \u00e7apl\u0131 k\u00f6m\u00fcr madenini kapatmay\u0131 planl\u0131yor. \u00c7in \u0130\u015f G\u00fcvenli\u011fi Y\u00f6netimi\u2019nin a\u00e7\u0131klamas\u0131na g\u00f6re, \u00c7in d\u00fc\u015f\u00fck kapasiteli i\u015fletmeleri devre [&hellip;]<\/p>\n","protected":false},"author":1,"featured_media":27242,"comment_status":"open","ping_status":"open","sticky":false,"template":"","format":"standard","meta":[],"categories":[53],"tags":[886,15464,1675],"views":638,"_links":{"self":[{"href":"https:\/\/www.enerjigazetesi.ist\/en\/wp-json\/wp\/v2\/posts\/27237"}],"collection":[{"href":"https:\/\/www.enerjigazetesi.ist\/en\/wp-json\/wp\/v2\/posts"}],"about":[{"href":"https:\/\/www.enerjigazetesi.ist\/en\/wp-json\/wp\/v2\/types\/post"}],"author":[{"embeddable":true,"href":"https:\/\/www.enerjigazetesi.ist\/en\/wp-json\/wp\/v2\/users\/1"}],"replies":[{"embeddable":true,"href":"https:\/\/www.enerjigazetesi.ist\/en\/wp-json\/wp\/v2\/comments?post=27237"}],"version-history":[{"count":2,"href":"https:\/\/www.enerjigazetesi.ist\/en\/wp-json\/wp\/v2\/posts\/27237\/revisions"}],"predecessor-version":[{"id":27244,"href":"https:\/\/www.enerjigazetesi.ist\/en\/wp-json\/wp\/v2\/posts\/27237\/revisions\/27244"}],"wp:featuredmedia":[{"embeddable":true,"href":"https:\/\/www.enerjigazetesi.ist\/en\/wp-json\/wp\/v2\/media\/27242"}],"wp:attachment":[{"href":"https:\/\/www.enerjigazetesi.ist\/en\/wp-json\/wp\/v2\/media?parent=27237"}],"wp:term":[{"taxonomy":"category","embeddable":true,"href":"https:\/\/www.enerjigazetesi.ist\/en\/wp-json\/wp\/v2\/categories?post=27237"},{"taxonomy":"post_tag","embeddable":true,"href":"https:\/\/www.enerjigazetesi.ist\/en\/wp-json\/wp\/v2\/tags?post=27237"}],"curies":[{"name":"wp","href":"https:\/\/api.w.org\/{rel}","templated":true}]}}