{"id":27174,"date":"2014-05-31T19:01:15","date_gmt":"2014-05-31T16:01:15","guid":{"rendered":"https:\/\/www.enerjigazetesi.ist\/?p=27174"},"modified":"2014-05-31T19:01:15","modified_gmt":"2014-05-31T16:01:15","slug":"global-enerji-projeleri-ve-finansmani-zirvesi-3-5-haziranda-yapilacak","status":"publish","type":"post","link":"https:\/\/www.enerjigazetesi.ist\/en\/global-enerji-projeleri-ve-finansmani-zirvesi-3-5-haziranda-yapilacak\/","title":{"rendered":"(Turkish) Global Enerji Projeleri ve Finansman\u0131 Zirvesi 3-5 Haziran`da Yap\u0131lacak&#8230;"},"content":{"rendered":"<p class=\"qtranxs-available-languages-message qtranxs-available-languages-message-en\">Sorry, this entry is only available in <a href=\"https:\/\/www.enerjigazetesi.ist\/tr\/wp-json\/wp\/v2\/posts\/27174\" class=\"qtranxs-available-language-link qtranxs-available-language-link-tr\" title=\"Turkish\">Turkish<\/a>. For the sake of viewer convenience, the content is shown below in the alternative language. You may click the link to switch the active language.<\/p><p><strong>T\u00fcrkiye\u2019nin d\u00fcnya enerji sekt\u00f6r\u00fcndeki yeri, makro ve mikro g\u00f6stergelerin incelenmesi ve de\u011ferlendirilmesi amac\u0131yla Global Enerji Projeleri ve Finansman\u0131 Zirvesi yap\u0131lacak. T\u00fcrkiye\u2019nin d\u00fcnya enerji sekt\u00f6r\u00fcndeki yeri, makro ve mikro g\u00f6stergelerin incelenmesi ve de\u011ferlendirilmesi, buna ba\u011fl\u0131 olarak da enerji ekonomileri ve yabanc\u0131 yat\u0131r\u0131mc\u0131lar i\u00e7in genel bir bak\u0131\u015f a\u00e7\u0131s\u0131 sa\u011flanmas\u0131 amac\u0131 ile Enerji ve Tabii Kaynaklar\u0131 B<a href=\"https:\/\/www.enerjigazetesi.ist\/wp-content\/uploads\/2014\/05\/global-enerji-projeleri-ve-finansmani-zirvesi-3-5-haziranda-yapilacak.jpg\"><img loading=\"lazy\" class=\"alignright size-medium wp-image-27175\" title=\"global-enerji-projeleri-ve-finansmani-zirvesi-3-5-haziranda-yapilacak\" src=\"https:\/\/www.enerjigazetesi.ist\/wp-content\/uploads\/2014\/05\/global-enerji-projeleri-ve-finansmani-zirvesi-3-5-haziranda-yapilacak-300x200.jpg\" alt=\"\" width=\"300\" height=\"200\" srcset=\"https:\/\/www.enerjigazetesi.ist\/wp-content\/uploads\/2014\/05\/global-enerji-projeleri-ve-finansmani-zirvesi-3-5-haziranda-yapilacak-300x200.jpg 300w, https:\/\/www.enerjigazetesi.ist\/wp-content\/uploads\/2014\/05\/global-enerji-projeleri-ve-finansmani-zirvesi-3-5-haziranda-yapilacak-500x333.jpg 500w, https:\/\/www.enerjigazetesi.ist\/wp-content\/uploads\/2014\/05\/global-enerji-projeleri-ve-finansmani-zirvesi-3-5-haziranda-yapilacak-75x50.jpg 75w, https:\/\/www.enerjigazetesi.ist\/wp-content\/uploads\/2014\/05\/global-enerji-projeleri-ve-finansmani-zirvesi-3-5-haziranda-yapilacak.jpg 600w\" sizes=\"(max-width: 300px) 100vw, 300px\" \/><\/a>akanl\u0131\u011f\u0131\u2019n\u0131n deste\u011fiyle, ESDE (Enerji Stratejileri Derne\u011fi) ev sahipli\u011finde, Global Enerji Projeleri ve Finansman\u0131 Zirvesi (GEP) planland\u0131.<\/strong><\/p>\n<p>30 \u00fclkeden ve T\u00fcrkiye\u2019den 1.000 kat\u0131l\u0131mc\u0131n\u0131n Ankara\u2019da bulu\u015fmas\u0131n\u0131 sa\u011flayacak ve \u201cUluslararas\u0131 Enerji Yat\u0131r\u0131m Projeleri ve Finansman\u0131\u201d ana temas\u0131 ile ger\u00e7ekle\u015fecek Zirve, 3-5 Haziran tarihleri aras\u0131nda Ankara JW Marriott Hotel\u2019de ger\u00e7ekle\u015ftirilecek.<\/p>\n<p>Global Enerji Projeleri ve Finansman\u0131 Zirvesi ba\u015fta enerji projeleri finansman\u0131 olmak \u00fczere, \u00fclkemizin enerji sekt\u00f6r\u00fcn\u00fcn sorunlar\u0131na \u00e7\u00f6z\u00fcmler aramak, mevcut ve alternatif enerji kaynaklar\u0131n\u0131 geli\u015ftirmek, giderek artan enerji ihtiyac\u0131n\u0131 etkin bir bi\u00e7imde kar\u015f\u0131lamak ve d\u00fcnya enerji pazar\u0131nda daha fazla s\u00f6z sahibi olmak amac\u0131yla, yeni \u00f6ng\u00f6r\u00fc ve projeksiyonlar\u0131n de\u011ferlendirebilece\u011fi k\u00fcresel i\u015fbirli\u011fi dinamiklerini de bir araya getirecek.<\/p>\n<p>Global Enerji Projeleri ve Finansman\u0131 Zirvesi`ne yabanc\u0131 devlet ve h\u00fck\u00fcmet temsilcileri, Enerji sekt\u00f6r\u00fcnde faaliyette bulunan \u00fcst d\u00fczey \u015firket y\u00f6neticileri, b\u00fcrokratlar, konusunda uzman yerli ve yabanc\u0131 akademisyenler, yabanc\u0131 yat\u0131r\u0131mc\u0131lar ve temsilcilerinin aktif kat\u0131l\u0131m\u0131 \u00f6ng\u00f6r\u00fcl\u00fcyor.<\/p>\n<p>Kaynak: <a href=\"http:\/\/www.enerjigunlugu.net\/global-enerji-projeleri-ve-finansmani-zirvesi-3-5-_8768.html\" target=\"_blank\">Enerji G\u00fcnl\u00fc\u011f\u00fc<\/a><\/p>","protected":false},"excerpt":{"rendered":"<p>Sorry, this entry is only available in Turkish. For the sake of viewer convenience, the content is shown below in the alternative language. You may click the link to switch the active language.T\u00fcrkiye\u2019nin d\u00fcnya enerji sekt\u00f6r\u00fcndeki yeri, makro ve mikro g\u00f6stergelerin incelenmesi ve de\u011ferlendirilmesi amac\u0131yla Global Enerji Projeleri ve Finansman\u0131 Zirvesi yap\u0131lacak. T\u00fcrkiye\u2019nin d\u00fcnya enerji [&hellip;]<\/p>\n","protected":false},"author":1,"featured_media":27175,"comment_status":"open","ping_status":"open","sticky":false,"template":"","format":"standard","meta":[],"categories":[53],"tags":[63,67,1009,165,15424,15425,15423,15422,15421],"views":1089,"_links":{"self":[{"href":"https:\/\/www.enerjigazetesi.ist\/en\/wp-json\/wp\/v2\/posts\/27174"}],"collection":[{"href":"https:\/\/www.enerjigazetesi.ist\/en\/wp-json\/wp\/v2\/posts"}],"about":[{"href":"https:\/\/www.enerjigazetesi.ist\/en\/wp-json\/wp\/v2\/types\/post"}],"author":[{"embeddable":true,"href":"https:\/\/www.enerjigazetesi.ist\/en\/wp-json\/wp\/v2\/users\/1"}],"replies":[{"embeddable":true,"href":"https:\/\/www.enerjigazetesi.ist\/en\/wp-json\/wp\/v2\/comments?post=27174"}],"version-history":[{"count":1,"href":"https:\/\/www.enerjigazetesi.ist\/en\/wp-json\/wp\/v2\/posts\/27174\/revisions"}],"predecessor-version":[{"id":27176,"href":"https:\/\/www.enerjigazetesi.ist\/en\/wp-json\/wp\/v2\/posts\/27174\/revisions\/27176"}],"wp:featuredmedia":[{"embeddable":true,"href":"https:\/\/www.enerjigazetesi.ist\/en\/wp-json\/wp\/v2\/media\/27175"}],"wp:attachment":[{"href":"https:\/\/www.enerjigazetesi.ist\/en\/wp-json\/wp\/v2\/media?parent=27174"}],"wp:term":[{"taxonomy":"category","embeddable":true,"href":"https:\/\/www.enerjigazetesi.ist\/en\/wp-json\/wp\/v2\/categories?post=27174"},{"taxonomy":"post_tag","embeddable":true,"href":"https:\/\/www.enerjigazetesi.ist\/en\/wp-json\/wp\/v2\/tags?post=27174"}],"curies":[{"name":"wp","href":"https:\/\/api.w.org\/{rel}","templated":true}]}}