{"id":27118,"date":"2014-05-30T15:19:51","date_gmt":"2014-05-30T12:19:51","guid":{"rendered":"https:\/\/www.enerjigazetesi.ist\/?p=27118"},"modified":"2014-05-30T15:19:51","modified_gmt":"2014-05-30T12:19:51","slug":"nukleerde-inandirici-bilgi-paylasimi-sart","status":"publish","type":"post","link":"https:\/\/www.enerjigazetesi.ist\/en\/nukleerde-inandirici-bilgi-paylasimi-sart\/","title":{"rendered":"(Turkish) N\u00fckleerde \u0130nand\u0131r\u0131c\u0131 Bilgi Payla\u015f\u0131m\u0131 \u015eart!"},"content":{"rendered":"<p class=\"qtranxs-available-languages-message qtranxs-available-languages-message-en\">Sorry, this entry is only available in <a href=\"https:\/\/www.enerjigazetesi.ist\/tr\/wp-json\/wp\/v2\/posts\/27118\" class=\"qtranxs-available-language-link qtranxs-available-language-link-tr\" title=\"Turkish\">Turkish<\/a>. For the sake of viewer convenience, the content is shown below in the alternative language. You may click the link to switch the active language.<\/p><p><strong>Ekonomi Muhabirleri Derne\u011fi Ba\u015fkan\u0131 Turgay T\u00fcrker, n\u00fckleer enerji ve teknolojileri konusunda kamuoyu ile inand\u0131r\u0131c\u0131 bilgi payla\u015f\u0131m\u0131n\u0131n \u015fart oldu\u011funu s\u00f6yledi.\u00a0<\/strong><\/p>\n<p>Enerji ve Tabii Kaynaklar Bakanl\u0131\u011f\u0131\u2019n\u0131n deste\u011fi ve Bakan Yard\u0131mc\u0131s\u0131 Murat Mercan\u2019\u0131n kat\u0131l\u0131m\u0131yla d\u00fczenlenen \u0130stanbul N\u00fckleer Santraller Zirvesi, a\u00e7\u0131l\u0131\u015f oturumu ard\u0131ndan n\u00fckleer enerjiye y\u00f6nelik ele\u015ftirileri de\u011ferlendiren medya oturumuyla devam <a href=\"https:\/\/www.enerjigazetesi.ist\/wp-content\/uploads\/2014\/05\/nukleer.jpg\"><img loading=\"lazy\" class=\"alignright size-medium wp-image-27119\" title=\"nukleer\" src=\"https:\/\/www.enerjigazetesi.ist\/wp-content\/uploads\/2014\/05\/nukleer-300x198.jpg\" alt=\"\" width=\"300\" height=\"198\" srcset=\"https:\/\/www.enerjigazetesi.ist\/wp-content\/uploads\/2014\/05\/nukleer-300x198.jpg 300w, https:\/\/www.enerjigazetesi.ist\/wp-content\/uploads\/2014\/05\/nukleer-75x50.jpg 75w, https:\/\/www.enerjigazetesi.ist\/wp-content\/uploads\/2014\/05\/nukleer.jpg 425w\" sizes=\"(max-width: 300px) 100vw, 300px\" \/><\/a>etti.<\/p>\n<p>INBEx Genel M\u00fcd\u00fcr\u00fc Prof.Dr. Jan Blomgren ba\u015fkanl\u0131\u011f\u0131ndaki oturumda, \u2018\u2019N\u00fckleer Enerji Santrali\u2019nin Tolumsal Kabul\u00fc: Teoride vePratikte T\u00fcrkiye \u00d6rne\u011fi\u2019\u2019 ba\u015fl\u0131kl\u0131 bir sunu\u015f ger\u00e7ekle\u015ftiren Hacettepe \u00dcniversitesi Uluslararas\u0131 \u0130li\u015fkiler B\u00f6l\u00fcm\u00fc \u00f6\u011fretim \u00fcyesi Do\u00e7.Dr. \u015eebnem Udum, \u2018kitle imha silahlar\u0131\u2019 denildi\u011finde dahi sadece n\u00fckleer s\u00f6z konusu imi\u015f gibi alg\u0131sal ba\u011flant\u0131 kuruldu\u011funa dikkati \u00e7ekti.<\/p>\n<p>Oysa \u2018kitle imha silahlar\u0131\u2019 ile biyolojik ve kimyasal silahlara g\u00f6nderme yap\u0131ld\u0131\u011f\u0131n\u0131 ve t\u00fcm d\u00fcnyada bu \u00e7er\u00e7evede \u00f6nlemler al\u0131nd\u0131\u011f\u0131n\u0131 anlatan Udum, ancak toplumsal a\u00e7\u0131s\u0131ndan n\u00fckleer ifadesiyle birlikte \u2018silahlanma\u2019 alg\u0131s\u0131 olu\u015ftu\u011funu hatta yerle\u015fti\u011fini s\u00f6yledi. Bunun da n\u00fckleer enerjiyi anlatmak ve anlamada ciddi \u00f6nyarg\u0131 yaratt\u0131\u011f\u0131n\u0131 kaydeden Udum, \u2018\u2019T\u00fcrkiye\u2019deki tabloda n\u00fckleer enerjiden duyulan kayg\u0131 \u00f6ylesine y\u00fcksek ki bu da n\u00fckleer kaza riski beklentisini tetikliyor\u2019\u2019 dedi.<\/p>\n<p>MURAT MERCAN:T\u00dcRK\u0130YE&#8217;N\u0130N N\u00dcKLEER SANTRAL KURMA SER\u00dcVEN\u0130 GEC\u0130KM\u0130\u015e B\u0130R SER\u00dcVEND\u0130R<\/p>\n<p>T\u00fcrkiye\u2019de mutlaka sivil toplum ile g\u00fcven tesis edici bir ili\u015fki kurulmas\u0131 gerekti\u011fini belirten Udum, T\u00fcrkiye a\u00e7\u0131s\u0131ndan n\u00fckleer enerjiye ge\u00e7i\u015f gereklili\u011fini topluma anlatmak ve g\u00fcvenli n\u00fckleer tesis kurulmas\u0131yla ilgili ayd\u0131nlat\u0131c\u0131 bilgilendirme yapmak ihtiyac\u0131na dikkati \u00e7ekti.<\/p>\n<p><em>GREENPEACE N\u00dcKLEER SANTRAL MAL\u0130YET D\u00dc\u015e\u00dcRME TERC\u0130H\u0130NE D\u0130KKAT \u00c7EKT\u0130<br \/>\n<\/em><br \/>\nMedya oturumundaki konu\u015fmac\u0131lardanGreenpeace Enerji B\u00f6l\u00fcm\u00fc Temsilcisi Vladimir Chuprov da, n\u00fckleer santral projelerinde riskin finans ve in\u015faa a\u015famas\u0131nda ba\u015flad\u0131\u011f\u0131n\u0131 anlatan bir sunum yapt\u0131.Rusya\u2019daki Rosatom Santrali \u00f6rne\u011fi \u00fczerinden ya\u015fananlar\u0131 anlatan Chuprov, n\u00fckleer enerji santrali in\u015faat\u0131nda en klasik sorunlardan birisini in\u015faat s\u00fcrecinde maliyetin s\u00fcrekli artmas\u0131 ve biti\u015f tarihinin ertelenmesi olarak tan\u0131mlad\u0131. Bunun n\u00fckleer santralde g\u00fcvenlik \u00f6nlemleri a\u00e7\u0131s\u0131ndan d\u00fc\u015f\u00fck maliyetli y\u00f6ntemlerin tercih edilmesine neden oldu\u011funu kaydeden Chuprov, Rosatom\u2019da maliyet d\u00fc\u015f\u00fcrmek i\u00e7in kalitesiz malzeme ve teknoloji kullan\u0131m\u0131na gidildi\u011fini \u00f6ne s\u00fcrerek, T\u00fcrkiye\u2019de ise Akkuyu\u2019daki n\u00fckleer santral projesinin de finansal tabloya bak\u0131ld\u0131\u011f\u0131nda ciddi riskler i\u00e7erdi\u011fini iddia etti.<\/p>\n<p><em>KAMUOYUNA \u0130NANDIRICI B\u0130LG\u0130 PAYLA\u015eIMI OLMALI<br \/>\n<\/em><br \/>\nOturumda medya rol\u00fcyle ilgili detayl\u0131 bir de\u011ferlendirme yapan Ekonomi Muhabirleri Derne\u011fi Ba\u015fkan\u0131 Turgay T\u00fcrker ise T\u00fcrkiye\u2019nin n\u00fckleer enerji ile ilgili tarih\u00e7esine bak\u0131ld\u0131\u011f\u0131nda birbirinden talihsiz s\u00fcre\u00e7ler ya\u015fand\u0131\u011f\u0131n\u0131 ifade etti. Akkuyu\u2019daki santral in\u015faat\u0131yla ilgili mutlaka medyaya detayl\u0131 ve d\u00fczenli bilgilendirme yap\u0131lmas\u0131 gerekti\u011fini kaydeden T\u00fcrker, insan hayat\u0131 riski ta\u015f\u0131yan b\u00f6ylesi bir konuda her t\u00fcrl\u00fc g\u00fcvenlik \u00f6nleminin al\u0131nd\u0131\u011f\u0131na dair kamuoyuna inand\u0131r\u0131c\u0131 bilgi payla\u015f\u0131m\u0131 ihtiyac\u0131n\u0131n s\u00fcrd\u00fc\u011f\u00fcn\u00fc s\u00f6yledi.<\/p>\n<p>Kaynak: Enerji G\u00fcnl\u00fc\u011f\u00fc<\/p>","protected":false},"excerpt":{"rendered":"<p>Sorry, this entry is only available in Turkish. For the sake of viewer convenience, the content is shown below in the alternative language. You may click the link to switch the active language.Ekonomi Muhabirleri Derne\u011fi Ba\u015fkan\u0131 Turgay T\u00fcrker, n\u00fckleer enerji ve teknolojileri konusunda kamuoyu ile inand\u0131r\u0131c\u0131 bilgi payla\u015f\u0131m\u0131n\u0131n \u015fart oldu\u011funu s\u00f6yledi.\u00a0 Enerji ve Tabii Kaynaklar [&hellip;]<\/p>\n","protected":false},"author":1,"featured_media":27119,"comment_status":"open","ping_status":"open","sticky":false,"template":"","format":"standard","meta":[],"categories":[53,43],"tags":[15380,15381,15382,15383,71,15384],"views":788,"_links":{"self":[{"href":"https:\/\/www.enerjigazetesi.ist\/en\/wp-json\/wp\/v2\/posts\/27118"}],"collection":[{"href":"https:\/\/www.enerjigazetesi.ist\/en\/wp-json\/wp\/v2\/posts"}],"about":[{"href":"https:\/\/www.enerjigazetesi.ist\/en\/wp-json\/wp\/v2\/types\/post"}],"author":[{"embeddable":true,"href":"https:\/\/www.enerjigazetesi.ist\/en\/wp-json\/wp\/v2\/users\/1"}],"replies":[{"embeddable":true,"href":"https:\/\/www.enerjigazetesi.ist\/en\/wp-json\/wp\/v2\/comments?post=27118"}],"version-history":[{"count":1,"href":"https:\/\/www.enerjigazetesi.ist\/en\/wp-json\/wp\/v2\/posts\/27118\/revisions"}],"predecessor-version":[{"id":27120,"href":"https:\/\/www.enerjigazetesi.ist\/en\/wp-json\/wp\/v2\/posts\/27118\/revisions\/27120"}],"wp:featuredmedia":[{"embeddable":true,"href":"https:\/\/www.enerjigazetesi.ist\/en\/wp-json\/wp\/v2\/media\/27119"}],"wp:attachment":[{"href":"https:\/\/www.enerjigazetesi.ist\/en\/wp-json\/wp\/v2\/media?parent=27118"}],"wp:term":[{"taxonomy":"category","embeddable":true,"href":"https:\/\/www.enerjigazetesi.ist\/en\/wp-json\/wp\/v2\/categories?post=27118"},{"taxonomy":"post_tag","embeddable":true,"href":"https:\/\/www.enerjigazetesi.ist\/en\/wp-json\/wp\/v2\/tags?post=27118"}],"curies":[{"name":"wp","href":"https:\/\/api.w.org\/{rel}","templated":true}]}}