{"id":27083,"date":"2014-05-29T16:13:04","date_gmt":"2014-05-29T13:13:04","guid":{"rendered":"https:\/\/www.enerjigazetesi.ist\/?p=27083"},"modified":"2014-05-29T16:13:04","modified_gmt":"2014-05-29T13:13:04","slug":"izmir-osb-ve-akenden-gunesten-enerjiye-bir-ilk-daha","status":"publish","type":"post","link":"https:\/\/www.enerjigazetesi.ist\/en\/izmir-osb-ve-akenden-gunesten-enerjiye-bir-ilk-daha\/","title":{"rendered":"(Turkish) \u0130zmir Osb Ve Aken\u2019den \u201cG\u00fcne\u015ften Enerjiye\u201d Bir \u0130lk Daha!"},"content":{"rendered":"<p class=\"qtranxs-available-languages-message qtranxs-available-languages-message-en\">Sorry, this entry is only available in <a href=\"https:\/\/www.enerjigazetesi.ist\/tr\/wp-json\/wp\/v2\/posts\/27083\" class=\"qtranxs-available-language-link qtranxs-available-language-link-tr\" title=\"Turkish\">Turkish<\/a>. For the sake of viewer convenience, the content is shown below in the alternative language. You may click the link to switch the active language.<\/p><p><\/p>\n<p style=\"text-align: left;\" align=\"center\"><strong>Aken Solar\u2019\u0131n \u0130zmir Organize Sanayi B\u00f6lgesi\u2019nde \u0130zmir Kalk\u0131nma Ajans\u0131 (\u0130ZKA) ile ger\u00e7ekle\u015ftirdi\u011fi fotovoltaik g\u00fcne\u015f panel uygulamas\u0131n\u0131n a\u00e7\u0131l\u0131\u015f\u0131 11 Haziranda 2014\u2019de ger\u00e7ekle\u015ftirilecek t\u00f6ren ile yap\u0131lacak.<\/strong><\/p>\n<p><strong>Aken Solar<\/strong>\u2019\u0131n \u0130ZKA ile beraber ger\u00e7ekle\u015fti<a href=\"https:\/\/www.enerjigazetesi.ist\/wp-content\/uploads\/2014\/05\/izmir-osb-ve-akenden-gunesten-enerjiye-bir-ilk-daha.jpg\"><img loading=\"lazy\" class=\"alignleft size-medium wp-image-27084\" title=\"izmir-osb-ve-akenden-gunesten-enerjiye-bir-ilk-daha\" src=\"https:\/\/www.enerjigazetesi.ist\/wp-content\/uploads\/2014\/05\/izmir-osb-ve-akenden-gunesten-enerjiye-bir-ilk-daha-300x215.jpg\" alt=\"\" width=\"300\" height=\"215\" srcset=\"https:\/\/www.enerjigazetesi.ist\/wp-content\/uploads\/2014\/05\/izmir-osb-ve-akenden-gunesten-enerjiye-bir-ilk-daha-300x215.jpg 300w, https:\/\/www.enerjigazetesi.ist\/wp-content\/uploads\/2014\/05\/izmir-osb-ve-akenden-gunesten-enerjiye-bir-ilk-daha-500x358.jpg 500w, https:\/\/www.enerjigazetesi.ist\/wp-content\/uploads\/2014\/05\/izmir-osb-ve-akenden-gunesten-enerjiye-bir-ilk-daha-69x50.jpg 69w, https:\/\/www.enerjigazetesi.ist\/wp-content\/uploads\/2014\/05\/izmir-osb-ve-akenden-gunesten-enerjiye-bir-ilk-daha.jpg 558w\" sizes=\"(max-width: 300px) 100vw, 300px\" \/><\/a>rdi\u011fi ilk \u00e7al\u0131\u015fma olma \u00f6zelli\u011fini de ta\u015f\u0131yan proje ile y\u0131lda 92949,88 kWh\/y\u0131l elektrik \u00fcretilmesi hedefleniyor. Bu 56 ton karbondioksitin \u00e7evreye sal\u0131n\u0131m\u0131n\u0131n da engellenmesi anlam\u0131na geliyor.<\/p>\n<p>\u0130zmir Kalk\u0131nma Ajans\u0131 taraf\u0131ndan Mart ay\u0131nda ihalesi yap\u0131larak \u00e7al\u0131\u015fmalar\u0131na ba\u015flanan proje 3 ayl\u0131k bir s\u00fcrede tamamlanarak aktif hale getirildi.<\/p>\n<p>Proje ile ilgili konu\u015fan <strong>Aken Solar Y\u00f6netici Orta\u011f\u0131 Frederik Van Ruijven<\/strong>, \u201c <em>Organize sanayi b\u00f6lgeleri en \u00e7ok elektri\u011fe ihtiya\u00e7 duyulan ve en \u00e7okelektrik t\u00fcketen b\u00f6lgeler. Bu tarz kurulum alanlar\u0131nda fotovoltaik sistemlerin g\u00f6sterece\u011fi performans, solar enerji uygulamalar\u0131 ile ilgili ak\u0131llarda kalan sorulara yan\u0131t olacakt\u0131r.\u00a0 Organize Sanayi B\u00f6lgesi i\u00e7in elektrik \u00fcretimi sa\u011flayabilen bir sistemin, evler ve alternatif t\u00fcm alanlar i\u00e7inde yeterli olaca\u011f\u0131n\u0131n g\u00f6stergesi olacakt\u0131r<\/em> \u201c dedi.<\/p>\n<p>Ayr\u0131ca <strong>Bay Ruijven<\/strong>, T\u00fcrkiye\u2019nin g\u00fcne\u015f enerjisi kullan\u0131m\u0131 i\u00e7in en uygun \u00fclkelerden birisi oldu\u011funa dikkat \u00e7ekerek, bu alanda ki uygulamalar ve \u00e7al\u0131\u015fmalar ile sekt\u00f6r\u00fcn geli\u015fiminin daha da ivme kazanaca\u011f\u0131n\u0131 belirtti.<\/p>\n<p>Yay\u0131nc\u0131: <a href=\"https:\/\/www.enerjigazetesi.ist\" target=\"_blank\">Enerji Gazetesi<\/a><\/p>","protected":false},"excerpt":{"rendered":"<p>Sorry, this entry is only available in Turkish. For the sake of viewer convenience, the content is shown below in the alternative language. You may click the link to switch the active language. Aken Solar\u2019\u0131n \u0130zmir Organize Sanayi B\u00f6lgesi\u2019nde \u0130zmir Kalk\u0131nma Ajans\u0131 (\u0130ZKA) ile ger\u00e7ekle\u015ftirdi\u011fi fotovoltaik g\u00fcne\u015f panel uygulamas\u0131n\u0131n a\u00e7\u0131l\u0131\u015f\u0131 11 Haziranda 2014\u2019de ger\u00e7ekle\u015ftirilecek t\u00f6ren [&hellip;]<\/p>\n","protected":false},"author":1,"featured_media":27084,"comment_status":"open","ping_status":"open","sticky":false,"template":"","format":"standard","meta":[],"categories":[53,49],"tags":[10416,19,63,67,1009,165,15361,607,15364,227,13,15365,5411,1429,15362,15363,846,105],"views":990,"_links":{"self":[{"href":"https:\/\/www.enerjigazetesi.ist\/en\/wp-json\/wp\/v2\/posts\/27083"}],"collection":[{"href":"https:\/\/www.enerjigazetesi.ist\/en\/wp-json\/wp\/v2\/posts"}],"about":[{"href":"https:\/\/www.enerjigazetesi.ist\/en\/wp-json\/wp\/v2\/types\/post"}],"author":[{"embeddable":true,"href":"https:\/\/www.enerjigazetesi.ist\/en\/wp-json\/wp\/v2\/users\/1"}],"replies":[{"embeddable":true,"href":"https:\/\/www.enerjigazetesi.ist\/en\/wp-json\/wp\/v2\/comments?post=27083"}],"version-history":[{"count":2,"href":"https:\/\/www.enerjigazetesi.ist\/en\/wp-json\/wp\/v2\/posts\/27083\/revisions"}],"predecessor-version":[{"id":27086,"href":"https:\/\/www.enerjigazetesi.ist\/en\/wp-json\/wp\/v2\/posts\/27083\/revisions\/27086"}],"wp:featuredmedia":[{"embeddable":true,"href":"https:\/\/www.enerjigazetesi.ist\/en\/wp-json\/wp\/v2\/media\/27084"}],"wp:attachment":[{"href":"https:\/\/www.enerjigazetesi.ist\/en\/wp-json\/wp\/v2\/media?parent=27083"}],"wp:term":[{"taxonomy":"category","embeddable":true,"href":"https:\/\/www.enerjigazetesi.ist\/en\/wp-json\/wp\/v2\/categories?post=27083"},{"taxonomy":"post_tag","embeddable":true,"href":"https:\/\/www.enerjigazetesi.ist\/en\/wp-json\/wp\/v2\/tags?post=27083"}],"curies":[{"name":"wp","href":"https:\/\/api.w.org\/{rel}","templated":true}]}}