{"id":27064,"date":"2014-05-29T14:31:19","date_gmt":"2014-05-29T11:31:19","guid":{"rendered":"https:\/\/www.enerjigazetesi.ist\/?p=27064"},"modified":"2014-05-29T14:31:19","modified_gmt":"2014-05-29T11:31:19","slug":"alstom-paylasilamiyor","status":"publish","type":"post","link":"https:\/\/www.enerjigazetesi.ist\/en\/alstom-paylasilamiyor\/","title":{"rendered":"(Turkish) Alstom Payla\u015f\u0131lam\u0131yor&#8230;"},"content":{"rendered":"<p class=\"qtranxs-available-languages-message qtranxs-available-languages-message-en\">Sorry, this entry is only available in <a href=\"https:\/\/www.enerjigazetesi.ist\/tr\/wp-json\/wp\/v2\/posts\/27064\" class=\"qtranxs-available-language-link qtranxs-available-language-link-tr\" title=\"Turkish\">Turkish<\/a>. For the sake of viewer convenience, the content is shown below in the alternative language. You may click the link to switch the active language.<\/p><p><strong>Frans\u0131z Alstom\u2019un hisselerini sat\u0131n almak isteyen GE bir \u00f6nceki teklifini iyile\u015ftirdi\u011fini a\u00e7\u0131klarken, Siemens son teklifini 16 Haziran\u2019a kadar sunacak.<\/strong><\/p>\n<p><a href=\"https:\/\/www.enerjigazetesi.ist\/wp-content\/uploads\/2014\/05\/alstom.jpg\"><img loading=\"lazy\" class=\"alignleft size-medium wp-image-27065\" title=\"alstom\" src=\"https:\/\/www.enerjigazetesi.ist\/wp-content\/uploads\/2014\/05\/alstom-300x68.jpg\" alt=\"\" width=\"300\" height=\"68\" srcset=\"https:\/\/www.enerjigazetesi.ist\/wp-content\/uploads\/2014\/05\/alstom-300x68.jpg 300w, https:\/\/www.enerjigazetesi.ist\/wp-content\/uploads\/2014\/05\/alstom-80x18.jpg 80w, https:\/\/www.enerjigazetesi.ist\/wp-content\/uploads\/2014\/05\/alstom.jpg 430w\" sizes=\"(max-width: 300px) 100vw, 300px\" \/><\/a>Frans\u0131z \u015firketi Alstom\u2019un hisselerinin sat\u0131\u015f\u0131nda al\u0131c\u0131 olan ABD\u2019li General Electric ile Alman Siemens aras\u0131nda ya\u015fanan rekabet giderek art\u0131yor. GE daha \u00f6nce yapt\u0131\u011f\u0131 teklifi iyile\u015ftirdi\u011fini a\u00e7\u0131klarken Siemens, 16 Haziran\u2019a kadar son teklifini sunacak.<\/p>\n<p>General Electric y\u00f6netimi, daha \u00f6ce yapt\u0131\u011f\u0131 ve Frans\u0131z \u015firket taraf\u0131ndan reddedilen 12,35 milyar avroluk ilk teklifte iyile\u015ftirmeye gitti\u011fini duyurdu. Ayr\u0131ca GE ge\u00e7en hafta sonunda Alstom`un enerji varl\u0131klar\u0131 i\u00e7in yapt\u0131\u011f\u0131 17 milyar dolarl\u0131k teklifin tamamlanmas\u0131 i\u00e7in belirledi\u011fi nihai tarihi, Frans\u0131z yetkililerin endi\u015felerini gidermek amac\u0131yla 3 hafta uzatt\u0131\u011f\u0131n\u0131 duyurmu\u015ftu.<\/p>\n<p>Fransa Ekonomi Bakan\u0131 Montebourg da, ge\u00e7en ay General Electric\u2019in, \u015firketin enerji b\u00f6l\u00fcm\u00fcn\u00fc sat\u0131n almak i\u00e7in 12,35 milyar avroluk teklifini yeterli bulmayarak reddetmi\u015fti.<\/p>\n<p>\u015eirket y\u00f6netimi, \u00f6zellikle istihdam\u0131n korunmas\u0131 konusunda ilk teklife oranla iyile\u015ftirme yap\u0131ld\u0131\u011f\u0131n\u0131 belirtti ancak ayr\u0131nt\u0131 payla\u015fmad\u0131.<\/p>\n<p>Siemens ise son teklifini 16 Haziran\u2019a kadar Frans\u0131z \u015firketine teslim edece\u011fini a\u00e7\u0131klad\u0131. Siemens teklifini daha cazip hale getirmek i\u00e7in Alstom\u2019un enerji b\u00f6l\u00fcm\u00fcn\u00fcn yan\u0131 s\u0131ra ta\u015f\u0131mac\u0131l\u0131k b\u00f6l\u00fcm\u00fcyle de ilgilendi\u011fini, \u015firketi sat\u0131n almak yerine ortak i\u015f birli\u011fine gitmek istedi\u011fini a\u00e7\u0131klam\u0131\u015ft\u0131.<\/p>\n<p>FRANSA H\u00dcK\u00dcMET\u0130 ALSTOM\u2019U SATMAK \u0130STEM\u0130YOR<\/p>\n<p>Fransa Ekonomi Bakan\u0131 Arnaud Montebourg, ge\u00e7en hafta sendika temsilcileriyle g\u00f6r\u00fc\u015fmesinin ard\u0131ndan yapt\u0131\u011f\u0131 a\u00e7\u0131klamada, Alstom\u2019un kurtar\u0131lmas\u0131 i\u00e7in \u201cdevletin hissesini art\u0131rmas\u0131 veya yerli sermaye kat\u0131l\u0131m\u0131 ile sorunun belki de \u00e7\u00f6z\u00fclebilece\u011fi\u201d mesaj\u0131n\u0131 vermi\u015f ve \u201cA \u00e7\u00f6z\u00fcm\u00fc \u015firketin hisselerini ABD\u2019li General Electric\u2019in almas\u0131, B \u00e7\u00f6z\u00fcm\u00fc ise Alman Siemens\u2019in almas\u0131. Belki de yerli sermayenin kat\u0131l\u0131m\u0131yla bir C \u00e7\u00f6z\u00fcm\u00fc bulabiliriz\u201d de\u011ferlendirmesinde bulunmu\u015ftu.<\/p>\n<p>Yabanc\u0131 sermayenin, \u015firketin hisselerinin \u00f6nemli bir k\u0131sm\u0131n\u0131 almas\u0131 halinde i\u015f\u00e7i \u00e7\u0131kartmas\u0131ndan endi\u015fe duyan sendikalar\u0131n da devletin hissesini art\u0131rmas\u0131na destek verdi\u011fi belirtiliyor.<\/p>\n<p>Frans\u0131z h\u00fckumeti ge\u00e7en ay, Sermaye Piyasas\u0131 Kurumu\u2019nun sat\u0131\u015fa ili\u015fkin devreye girmesini \u00f6nermi\u015f, Cumhurba\u015fkan\u0131 Fran\u00e7ois Hollande da ABD ve Alman \u015firketleri temsilcileriyle g\u00f6r\u00fc\u015fmesinde, istihdam\u0131n d\u00fc\u015f\u00fcr\u00fclmemesi ve fabrikalar\u0131n ba\u015fka yere g\u00f6t\u00fcr\u00fclmemesi konusunda g\u00fcvence istemi\u015fti.<\/p>\n<p>Kaynak: Enerji G\u00fcnl\u00fc\u011f\u00fc<\/p>","protected":false},"excerpt":{"rendered":"<p>Sorry, this entry is only available in Turkish. For the sake of viewer convenience, the content is shown below in the alternative language. You may click the link to switch the active language.Frans\u0131z Alstom\u2019un hisselerini sat\u0131n almak isteyen GE bir \u00f6nceki teklifini iyile\u015ftirdi\u011fini a\u00e7\u0131klarken, Siemens son teklifini 16 Haziran\u2019a kadar sunacak. Frans\u0131z \u015firketi Alstom\u2019un hisselerinin [&hellip;]<\/p>\n","protected":false},"author":1,"featured_media":27065,"comment_status":"open","ping_status":"open","sticky":false,"template":"","format":"standard","meta":[],"categories":[53],"tags":[15354,15353,15352,2422,1053],"views":475,"_links":{"self":[{"href":"https:\/\/www.enerjigazetesi.ist\/en\/wp-json\/wp\/v2\/posts\/27064"}],"collection":[{"href":"https:\/\/www.enerjigazetesi.ist\/en\/wp-json\/wp\/v2\/posts"}],"about":[{"href":"https:\/\/www.enerjigazetesi.ist\/en\/wp-json\/wp\/v2\/types\/post"}],"author":[{"embeddable":true,"href":"https:\/\/www.enerjigazetesi.ist\/en\/wp-json\/wp\/v2\/users\/1"}],"replies":[{"embeddable":true,"href":"https:\/\/www.enerjigazetesi.ist\/en\/wp-json\/wp\/v2\/comments?post=27064"}],"version-history":[{"count":2,"href":"https:\/\/www.enerjigazetesi.ist\/en\/wp-json\/wp\/v2\/posts\/27064\/revisions"}],"predecessor-version":[{"id":27067,"href":"https:\/\/www.enerjigazetesi.ist\/en\/wp-json\/wp\/v2\/posts\/27064\/revisions\/27067"}],"wp:featuredmedia":[{"embeddable":true,"href":"https:\/\/www.enerjigazetesi.ist\/en\/wp-json\/wp\/v2\/media\/27065"}],"wp:attachment":[{"href":"https:\/\/www.enerjigazetesi.ist\/en\/wp-json\/wp\/v2\/media?parent=27064"}],"wp:term":[{"taxonomy":"category","embeddable":true,"href":"https:\/\/www.enerjigazetesi.ist\/en\/wp-json\/wp\/v2\/categories?post=27064"},{"taxonomy":"post_tag","embeddable":true,"href":"https:\/\/www.enerjigazetesi.ist\/en\/wp-json\/wp\/v2\/tags?post=27064"}],"curies":[{"name":"wp","href":"https:\/\/api.w.org\/{rel}","templated":true}]}}