{"id":27051,"date":"2014-05-29T12:12:23","date_gmt":"2014-05-29T09:12:23","guid":{"rendered":"https:\/\/www.enerjigazetesi.ist\/?p=27051"},"modified":"2014-05-29T12:15:47","modified_gmt":"2014-05-29T09:15:47","slug":"ab-enerjide-rusyaya-bagimliligi-azaltma-planini-acikladi","status":"publish","type":"post","link":"https:\/\/www.enerjigazetesi.ist\/en\/ab-enerjide-rusyaya-bagimliligi-azaltma-planini-acikladi\/","title":{"rendered":"(Turkish) AB, Enerjide Rusya\u2019ya Ba\u011f\u0131ml\u0131l\u0131\u011f\u0131 Azaltma Plan\u0131n\u0131 A\u00e7\u0131klad\u0131!"},"content":{"rendered":"<p class=\"qtranxs-available-languages-message qtranxs-available-languages-message-en\">Sorry, this entry is only available in <a href=\"https:\/\/www.enerjigazetesi.ist\/tr\/wp-json\/wp\/v2\/posts\/27051\" class=\"qtranxs-available-language-link qtranxs-available-language-link-tr\" title=\"Turkish\">Turkish<\/a>. For the sake of viewer convenience, the content is shown below in the alternative language. You may click the link to switch the active language.<\/p><p><strong>Avrupa Komisyonu, enerjide Rusya\u2019ya ba\u011f\u0131ml\u0131l\u0131\u011f\u0131 azaltmaya y\u00f6nelik planlar\u0131n\u0131 a\u00e7\u0131klad\u0131. Planda i\u00e7erideki enerji kaynaklar\u0131n\u0131n geli\u015ftirilmesi, enerji verimlili\u011finin art\u0131r\u0131lmas\u0131, k\u0131tadaki enerji ba\u011flant\u0131lar\u0131n\u0131n g\u00fc\u00e7lendirilmesi ve tedarik\u00e7ilerin \u00e7e\u015fitlendirilmesi yer al\u0131yor. Avrupa Birli\u011fi liderlerinin Haziran ay\u0131ndaki zirvelerinde g\u00f6r\u00fc\u015fece\u011fi raporda, yenilenebilir ve n\u00fckleer enerji de dahil olmak \u00fczere i\u00e7 kaynaklar\u0131n te\u015fvik edilmesi ve ortak enerji piyasas\u0131n\u0131n tamamlanmas\u0131na y\u00f6nelik \u00f6nlemlere yer veriliyor.<\/strong><\/p>\n<p>Raporu sunan Avrupa Komisyonu\u2019nun enerjiden sorumlu \u00fcyesi G\u00fcnther Oettinger, \u2018\u0130\u00e7 piyasay\u0131 geli\u015ftirmek, enerji fiyatlar\u0131n\u0131n a\u015fa\u011f\u0131 yukar\u0131 her yerde ayn\u0131 olmas\u0131 anlam\u0131<a href=\"https:\/\/www.enerjigazetesi.ist\/wp-content\/uploads\/2014\/05\/ab-enerjide-rusyaya-bagimliligi-azaltma-planini-acikladi.jpg\"><img loading=\"lazy\" class=\"alignleft size-medium wp-image-27052\" title=\"ab-enerjide-rusyaya-bagimliligi-azaltma-planini-acikladi\" src=\"https:\/\/www.enerjigazetesi.ist\/wp-content\/uploads\/2014\/05\/ab-enerjide-rusyaya-bagimliligi-azaltma-planini-acikladi-300x204.jpg\" alt=\"\" width=\"300\" height=\"204\" srcset=\"https:\/\/www.enerjigazetesi.ist\/wp-content\/uploads\/2014\/05\/ab-enerjide-rusyaya-bagimliligi-azaltma-planini-acikladi-300x204.jpg 300w, https:\/\/www.enerjigazetesi.ist\/wp-content\/uploads\/2014\/05\/ab-enerjide-rusyaya-bagimliligi-azaltma-planini-acikladi-73x50.jpg 73w, https:\/\/www.enerjigazetesi.ist\/wp-content\/uploads\/2014\/05\/ab-enerjide-rusyaya-bagimliligi-azaltma-planini-acikladi.jpg 497w\" sizes=\"(max-width: 300px) 100vw, 300px\" \/><\/a>na gelecek\u2019 dedi ve do\u011falgazda Rusya gibi tekel konumunda bir \u00fclkedeye ba\u011f\u0131ml\u0131 olunmamas\u0131 gerekti\u011fini s\u00f6yledi.<\/p>\n<p>\u2018\u00d6nemli tedarik\u00e7ilerle g\u00fc\u00e7l\u00fc ve istikrarl\u0131 ili\u015fkiler kurmal\u0131, ancak siyasi ve ticari \u015fantaj\u0131n kurban\u0131 olmaktan ka\u00e7\u0131nmal\u0131y\u0131z\u2019 diyen Oettinger, i\u00e7 enerji piyasas\u0131n\u0131n tamamlanmas\u0131, altyap\u0131n\u0131n iyile\u015ftirilmesi, enerjide daha verimli hale gelinmesi ve i\u00e7 kaynaklar\u0131n daha iyi kullan\u0131lmas\u0131 \u00e7a\u011fr\u0131s\u0131nda bulundu.<\/p>\n<p>Komisyon\u2019dan yap\u0131lan a\u00e7\u0131klamada do\u011falgaz tedarik\u00e7ilerinin de \u00e7e\u015fitlendirilmesi gerekti\u011finin alt\u0131n\u0131 \u00e7izildi ve \u00f6rnek olarak G\u00fcney Koridoru\u2019nun geni\u015fletilmesiyle birlikte Hazar b\u00f6lgesine yo\u011funla\u015f\u0131lmas\u0131 ve Akdeniz\u2019de bir do\u011falgaz merkezi olu\u015fturulmas\u0131na i\u015faret edildi.<\/p>\n<p>Komisyon, 2013 y\u0131l\u0131nda AB\u2019nin hacim baz\u0131nda do\u011falgaz ithalat\u0131n\u0131n y\u00fczde 39\u2032unu Rusya\u2019dan, y\u00fczde 33\u2032\u00fcn\u00fc Norve\u00e7\u2019ten ve y\u00fczde 22\u2032sini de Kuzey Afrika\u2019dan geldi\u011fini a\u00e7\u0131klad\u0131.<\/p>\n<p>Rusya\u2019n\u0131n AB \u00fclkelerine satt\u0131\u011f\u0131 do\u011falgaz\u0131n yakla\u015f\u0131k yar\u0131s\u0131 Ukrayna \u00fczerinden sevk ediliyor. Rusya\u2019n\u0131n Ukrayna\u2019ya do\u011falgaz sat\u0131\u015f\u0131n\u0131 durdurma tehdidinde bulunmas\u0131, Avrupa\u2019da 2006 ve 2009 y\u0131llar\u0131nda oldu\u011fu gibi do\u011falgaz kesintisi ya\u015fanaca\u011f\u0131 endi\u015felerine yol a\u00e7t\u0131.<\/p>\n<p>Baz\u0131 AB \u00fclkeleri ve yetkilileri, AB\u2019de bir \u2018enerji birli\u011fi\u2019 olu\u015fturulmas\u0131 ve do\u011falgaz ithalat\u0131n\u0131n bir AB kurumu arac\u0131l\u0131\u011f\u0131yla ortak \u015fekilde yap\u0131lmas\u0131n\u0131 \u00f6nermi\u015fti. Ancak hen\u00fcz bu konuda AB \u00fclkeleri aras\u0131nda fikir birli\u011fi olu\u015fmu\u015f de\u011fil.<\/p>\n<p>Kaynak: <a title=\"euractiv\" href=\"http:\/\/www.euractiv.com.tr\/enerji\/article\/ab-enerjide-rusyaya-bagimliligi-azaltma-planini-sundu-029712\" rel=\"nofollow\" target=\"_blank\">euractiv<\/a><\/p>","protected":false},"excerpt":{"rendered":"<p>Sorry, this entry is only available in Turkish. For the sake of viewer convenience, the content is shown below in the alternative language. You may click the link to switch the active language.Avrupa Komisyonu, enerjide Rusya\u2019ya ba\u011f\u0131ml\u0131l\u0131\u011f\u0131 azaltmaya y\u00f6nelik planlar\u0131n\u0131 a\u00e7\u0131klad\u0131. Planda i\u00e7erideki enerji kaynaklar\u0131n\u0131n geli\u015ftirilmesi, enerji verimlili\u011finin art\u0131r\u0131lmas\u0131, k\u0131tadaki enerji ba\u011flant\u0131lar\u0131n\u0131n g\u00fc\u00e7lendirilmesi ve tedarik\u00e7ilerin [&hellip;]<\/p>\n","protected":false},"author":1,"featured_media":27052,"comment_status":"open","ping_status":"open","sticky":false,"template":"","format":"standard","meta":[],"categories":[46,53],"tags":[1192,2132,3969,92,226,1028,15326,63,15327,67,1009,1475,2698,165,12,14750,15328,5457,13520,14143,15329],"views":762,"_links":{"self":[{"href":"https:\/\/www.enerjigazetesi.ist\/en\/wp-json\/wp\/v2\/posts\/27051"}],"collection":[{"href":"https:\/\/www.enerjigazetesi.ist\/en\/wp-json\/wp\/v2\/posts"}],"about":[{"href":"https:\/\/www.enerjigazetesi.ist\/en\/wp-json\/wp\/v2\/types\/post"}],"author":[{"embeddable":true,"href":"https:\/\/www.enerjigazetesi.ist\/en\/wp-json\/wp\/v2\/users\/1"}],"replies":[{"embeddable":true,"href":"https:\/\/www.enerjigazetesi.ist\/en\/wp-json\/wp\/v2\/comments?post=27051"}],"version-history":[{"count":2,"href":"https:\/\/www.enerjigazetesi.ist\/en\/wp-json\/wp\/v2\/posts\/27051\/revisions"}],"predecessor-version":[{"id":27054,"href":"https:\/\/www.enerjigazetesi.ist\/en\/wp-json\/wp\/v2\/posts\/27051\/revisions\/27054"}],"wp:featuredmedia":[{"embeddable":true,"href":"https:\/\/www.enerjigazetesi.ist\/en\/wp-json\/wp\/v2\/media\/27052"}],"wp:attachment":[{"href":"https:\/\/www.enerjigazetesi.ist\/en\/wp-json\/wp\/v2\/media?parent=27051"}],"wp:term":[{"taxonomy":"category","embeddable":true,"href":"https:\/\/www.enerjigazetesi.ist\/en\/wp-json\/wp\/v2\/categories?post=27051"},{"taxonomy":"post_tag","embeddable":true,"href":"https:\/\/www.enerjigazetesi.ist\/en\/wp-json\/wp\/v2\/tags?post=27051"}],"curies":[{"name":"wp","href":"https:\/\/api.w.org\/{rel}","templated":true}]}}