{"id":27011,"date":"2014-05-28T14:44:08","date_gmt":"2014-05-28T11:44:08","guid":{"rendered":"https:\/\/www.enerjigazetesi.ist\/?p=27011"},"modified":"2014-05-28T14:44:08","modified_gmt":"2014-05-28T11:44:08","slug":"turkmen-gazinin-avrupaya-ulasmasi-icin-cabalar-yogunlasti","status":"publish","type":"post","link":"https:\/\/www.enerjigazetesi.ist\/en\/turkmen-gazinin-avrupaya-ulasmasi-icin-cabalar-yogunlasti\/","title":{"rendered":"(Turkish) T\u00fcrkmen Gaz\u0131n\u0131n Avrupa\u2019ya Ula\u015fmas\u0131 \u0130\u00e7in \u00c7abalar Yo\u011funla\u015ft\u0131!"},"content":{"rendered":"<p class=\"qtranxs-available-languages-message qtranxs-available-languages-message-en\">Sorry, this entry is only available in <a href=\"https:\/\/www.enerjigazetesi.ist\/tr\/wp-json\/wp\/v2\/posts\/27011\" class=\"qtranxs-available-language-link qtranxs-available-language-link-tr\" title=\"Turkish\">Turkish<\/a>. For the sake of viewer convenience, the content is shown below in the alternative language. You may click the link to switch the active language.<\/p><p><strong>T\u00fcrkiye, Azerbaycan ve T\u00fcrkmenistan D\u0131\u015fi\u015fleri Bakanlar\u0131 \u00fc\u00e7l\u00fc toplant\u0131s\u0131nda T\u00fcrkmenistan do\u011falgaz\u0131n\u0131n Hazar Denizi \u00fczerinden Avrupa\u2019ya ta\u015f\u0131nmas\u0131 konusu ele al\u0131nd\u0131.<\/strong><\/p>\n<p>T\u00fcrk D\u0131\u015fi\u015fleri Bakan\u0131 Ahmet Davuto\u011flu, Azerbaycan ve T\u00fcrkmenistan D\u0131\u015fi\u015fleri bakanlar\u0131yla Bak\u00fc\u2019de ger\u00e7ekle\u015ftirdi\u011fi ve ba\u015fta enerji olmak \u00fczere her t\u00fcrl\u00fc i\u015fbirli\u011fini artt\u0131rmay\u0131<a href=\"https:\/\/www.enerjigazetesi.ist\/wp-content\/uploads\/2014\/05\/disisleri-bakanlari-uclu-gorusme.jpg\"><img loading=\"lazy\" class=\"alignleft size-medium wp-image-27012\" title=\"disisleri-bakanlari-uclu-gorusme\" src=\"https:\/\/www.enerjigazetesi.ist\/wp-content\/uploads\/2014\/05\/disisleri-bakanlari-uclu-gorusme-297x300.jpg\" alt=\"\" width=\"297\" height=\"300\" srcset=\"https:\/\/www.enerjigazetesi.ist\/wp-content\/uploads\/2014\/05\/disisleri-bakanlari-uclu-gorusme-297x300.jpg 297w, https:\/\/www.enerjigazetesi.ist\/wp-content\/uploads\/2014\/05\/disisleri-bakanlari-uclu-gorusme-49x50.jpg 49w, https:\/\/www.enerjigazetesi.ist\/wp-content\/uploads\/2014\/05\/disisleri-bakanlari-uclu-gorusme.jpg 313w\" sizes=\"(max-width: 297px) 100vw, 297px\" \/><\/a> \u00f6ng\u00f6ren g\u00f6r\u00fc\u015fme sonras\u0131 yap\u0131lan ortak bas\u0131n toplant\u0131s\u0131nda, Avrasya do\u011fu-bat\u0131 koridoru ba\u011flam\u0131nda sadece \u00fc\u00e7 \u00fclke i\u00e7in de\u011fil, b\u00fct\u00fcn b\u00f6lgeye katk\u0131s\u0131 olacak projeleri masaya yat\u0131rd\u0131klar\u0131n\u0131 ve bu i\u015fbirli\u011finin b\u00f6lgesel bar\u0131\u015fa da katk\u0131 sa\u011flayaca\u011f\u0131na inand\u0131\u011f\u0131n\u0131 ifade etti.<\/p>\n<p>G\u00f6r\u00fc\u015fmelerde enerji, ula\u015ft\u0131rma ve k\u00fclt\u00fcr alanlar\u0131 ba\u015fta olmak \u00fczere i\u015fbirli\u011fi konular\u0131n\u0131 ele ald\u0131klar\u0131n\u0131 vurgulayan Davuto\u011flu, her y\u0131l iki kez g\u00f6r\u00fc\u015fme karar\u0131 ald\u0131klar\u0131n\u0131 s\u00f6yleyerek, bu toplant\u0131lar\u0131n cumhurba\u015fkanlar\u0131 ve bakanlar d\u00fczeyinde de yap\u0131lmas\u0131n\u0131n planland\u0131\u011f\u0131n\u0131 da s\u00f6zlerine ekledi.<\/p>\n<p>ENERJ\u0130, ULA\u015eTIRMA VE K\u00dcLT\u00dcR PROJELER\u0130 \u00d6NE \u00c7IKTI<\/p>\n<p>Azerbaycan D\u0131\u015fi\u015fleri Bakan\u0131 Elmar Memmedyarov da Bak\u00fc\u2019de ilk kez \u00fc\u00e7 \u00fclke aras\u0131nda bu formatta toplant\u0131 yap\u0131ld\u0131\u011f\u0131n\u0131 vurgulayarak \u00fc\u00e7 \u00fclke aras\u0131nda siyaset, ekonomi, k\u00fclt\u00fcr, enerji, turizm, spor ve di\u011fer alanlarda i\u015fbirli\u011fini geli\u015ftirme karar\u0131 ald\u0131klar\u0131n\u0131 belirtti.<\/p>\n<p>Konu\u015fmas\u0131na Azerbaycan leh\u00e7esiyle ba\u015flayan T\u00fcrkmenistan D\u0131\u015fi\u015fleri Bakan\u0131 Ra\u015fid Meredov da \u00fc\u00e7 \u00fclke d\u0131\u015fi\u015fleri bakanlar\u0131n ele ald\u0131\u011f\u0131 konulardan enerji, ula\u015ft\u0131rma ve k\u00fclt\u00fcr projelerinin \u00f6ne \u00e7\u0131kt\u0131\u011f\u0131n\u0131 s\u00f6yledi.<\/p>\n<p>Davuto\u011flu \u00fc\u00e7l\u00fc toplant\u0131s\u0131 \u00f6ncesi, Azerbaycan Cumhurba\u015fkan\u0131 \u0130lham Aliyev ile de g\u00f6r\u00fc\u015ft\u00fc. G\u00f6r\u00fc\u015fmede, Ukrayna krizi \u00f6ncelikli olmak \u00fczere b\u00f6lgesel sorunlar ele al\u0131nd\u0131.<\/p>\n<p>T\u00dcRKMEN GAZININ AVRUPA\u2019YA ULA\u015eMASI<\/p>\n<p>Ukrayna krizi sonras\u0131nda Rus do\u011falgaz\u0131na alternatif aray\u0131\u015f\u0131nda olan Avrupa, 32 trilyon metrek\u00fcp do\u011falgaz rezerviyle d\u00fcnyan\u0131n d\u00f6rd\u00fcnc\u00fc b\u00fcy\u00fck rezervlerine sahip olan T\u00fcrkmenistan ile de yak\u0131ndan ilgileniyor. Ancak bu konuda baz\u0131 engeller bulunuyor. Hazar Denizi\u2019nde k\u0131y\u0131s\u0131 olan Azerbaycan ile k\u0131ta sahanl\u0131\u011f\u0131 ve stat\u00fc konusunda s\u00fcren anla\u015fmazl\u0131k da, projenin ilerleyememesinin en \u00f6nemli sebepleri aras\u0131nda.<\/p>\n<p>Y\u0131lda 80 milyar metrek\u00fcp \u00fcretilen ve \u00e7o\u011fu \u00c7in, Rusya ve Kazakistan\u2019a ihra\u00e7 edilen T\u00fcrkmen gaz\u0131n\u0131n Trans-Hazar Do\u011falgaz Boru Hatt\u0131 projesi ile Hazar Denizi \u00fczerinden Azerbaycan\u2019a ve T\u00fcrkiye\u2019ye, oradan da Avrupa\u2019ya ula\u015ft\u0131r\u0131lmas\u0131na Rusya ve \u0130ran stratejik olarak kar\u015f\u0131 \u00e7\u0131k\u0131yor. Asya piyasas\u0131n\u0131 geleneksel olarak daha \u00e7ekici bulan T\u00fcrkmenistan ise K\u0131rg\u0131zistan-Tacikistan s\u0131n\u0131r\u0131ndaki anla\u015fmazl\u0131k nedeniyle \u00c7in Boru Hatt\u0131\u2019n\u0131n tehdit alt\u0131nda olmas\u0131 nedeniyle Avrupa piyasas\u0131na da s\u0131cak bak\u0131yor. Ayr\u0131ca ge\u00e7en hafta Rusya-\u00c7in aras\u0131nda imzalanan do\u011falgaz anla\u015fmas\u0131 \u00c7in\u2019e verilecek do\u011falgaz\u0131n fiyat\u0131nda a\u015fa\u011f\u0131 y\u00f6nl\u00fc bir bask\u0131 yaratabilir.<\/p>\n<p>Kaynak: Enerji G\u00fcnl\u00fc\u011f\u00fc<\/p>","protected":false},"excerpt":{"rendered":"<p>Sorry, this entry is only available in Turkish. For the sake of viewer convenience, the content is shown below in the alternative language. You may click the link to switch the active language.T\u00fcrkiye, Azerbaycan ve T\u00fcrkmenistan D\u0131\u015fi\u015fleri Bakanlar\u0131 \u00fc\u00e7l\u00fc toplant\u0131s\u0131nda T\u00fcrkmenistan do\u011falgaz\u0131n\u0131n Hazar Denizi \u00fczerinden Avrupa\u2019ya ta\u015f\u0131nmas\u0131 konusu ele al\u0131nd\u0131. T\u00fcrk D\u0131\u015fi\u015fleri Bakan\u0131 Ahmet Davuto\u011flu, [&hellip;]<\/p>\n","protected":false},"author":1,"featured_media":27012,"comment_status":"open","ping_status":"open","sticky":false,"template":"","format":"standard","meta":[],"categories":[46,53],"tags":[15299,15297,15296,15298],"views":582,"_links":{"self":[{"href":"https:\/\/www.enerjigazetesi.ist\/en\/wp-json\/wp\/v2\/posts\/27011"}],"collection":[{"href":"https:\/\/www.enerjigazetesi.ist\/en\/wp-json\/wp\/v2\/posts"}],"about":[{"href":"https:\/\/www.enerjigazetesi.ist\/en\/wp-json\/wp\/v2\/types\/post"}],"author":[{"embeddable":true,"href":"https:\/\/www.enerjigazetesi.ist\/en\/wp-json\/wp\/v2\/users\/1"}],"replies":[{"embeddable":true,"href":"https:\/\/www.enerjigazetesi.ist\/en\/wp-json\/wp\/v2\/comments?post=27011"}],"version-history":[{"count":2,"href":"https:\/\/www.enerjigazetesi.ist\/en\/wp-json\/wp\/v2\/posts\/27011\/revisions"}],"predecessor-version":[{"id":27014,"href":"https:\/\/www.enerjigazetesi.ist\/en\/wp-json\/wp\/v2\/posts\/27011\/revisions\/27014"}],"wp:featuredmedia":[{"embeddable":true,"href":"https:\/\/www.enerjigazetesi.ist\/en\/wp-json\/wp\/v2\/media\/27012"}],"wp:attachment":[{"href":"https:\/\/www.enerjigazetesi.ist\/en\/wp-json\/wp\/v2\/media?parent=27011"}],"wp:term":[{"taxonomy":"category","embeddable":true,"href":"https:\/\/www.enerjigazetesi.ist\/en\/wp-json\/wp\/v2\/categories?post=27011"},{"taxonomy":"post_tag","embeddable":true,"href":"https:\/\/www.enerjigazetesi.ist\/en\/wp-json\/wp\/v2\/tags?post=27011"}],"curies":[{"name":"wp","href":"https:\/\/api.w.org\/{rel}","templated":true}]}}