{"id":26973,"date":"2014-05-26T15:16:00","date_gmt":"2014-05-26T12:16:00","guid":{"rendered":"https:\/\/www.enerjigazetesi.ist\/?p=26973"},"modified":"2014-05-26T15:16:00","modified_gmt":"2014-05-26T12:16:00","slug":"turkiye-yemende-dogalgaz-aramaya-talip","status":"publish","type":"post","link":"https:\/\/www.enerjigazetesi.ist\/en\/turkiye-yemende-dogalgaz-aramaya-talip\/","title":{"rendered":"(Turkish) T\u00fcrkiye, Yemen&#8217;de Do\u011falgaz Aramaya Talip!"},"content":{"rendered":"<p class=\"qtranxs-available-languages-message qtranxs-available-languages-message-en\">Sorry, this entry is only available in <a href=\"https:\/\/www.enerjigazetesi.ist\/tr\/wp-json\/wp\/v2\/posts\/26973\" class=\"qtranxs-available-language-link qtranxs-available-language-link-tr\" title=\"Turkish\">Turkish<\/a>. For the sake of viewer convenience, the content is shown below in the alternative language. You may click the link to switch the active language.<\/p><p><strong>Enerji ve Tabii Kaynaklar Bakan\u0131 Taner Y\u0131ld\u0131z, Yemen Elektrik ve Enerji Bakan\u0131 Saleh Somae&#8217;ye, Yemen&#8217;deki do\u011falgaz kaynaklar\u0131yla alakal\u0131 T\u00fcrkiye&#8217;nin ihtiya\u00e7lar\u0131n\u0131 kar\u015f\u0131layabilecek bir aramaya, faaliyetine girebileceklerini iletti\u011fini bildirdi.<\/strong><\/p>\n<div><!-- C-ON-TEXT_CONTENT_START --><a href=\"https:\/\/www.enerjigazetesi.ist\/wp-content\/uploads\/2014\/05\/yemen.jpg\"><img loading=\"lazy\" class=\"alignright size-medium wp-image-26974\" title=\"yemen\" src=\"https:\/\/www.enerjigazetesi.ist\/wp-content\/uploads\/2014\/05\/yemen-300x183.jpg\" alt=\"\" width=\"300\" height=\"183\" srcset=\"https:\/\/www.enerjigazetesi.ist\/wp-content\/uploads\/2014\/05\/yemen-300x183.jpg 300w, https:\/\/www.enerjigazetesi.ist\/wp-content\/uploads\/2014\/05\/yemen-500x305.jpg 500w, https:\/\/www.enerjigazetesi.ist\/wp-content\/uploads\/2014\/05\/yemen-80x48.jpg 80w, https:\/\/www.enerjigazetesi.ist\/wp-content\/uploads\/2014\/05\/yemen.jpg 551w\" sizes=\"(max-width: 300px) 100vw, 300px\" \/><\/a>Enerji ve Tabii Kaynaklar Bakan\u0131 Taner Y\u0131ld\u0131z, bakanl\u0131kta Yemen Elektrik ve Enerji Bakan\u0131 Saleh Somae ile g\u00f6r\u00fc\u015ft\u00fc.<\/p>\n<p>Y\u0131ld\u0131z, ortak bas\u0131n toplant\u0131s\u0131nda yapt\u0131\u011f\u0131 konu\u015fmada, son derece verimli bir toplant\u0131 yapt\u0131klar\u0131n\u0131 s\u00f6yledi.<\/p>\n<p>\u0130ki \u00fclkenin kendi aras\u0131nda ger\u00e7ekle\u015ftirebilece\u011fi enerji projeleri \u00fczerinde durduklar\u0131n\u0131 dile getiren Y\u0131ld\u0131z, yar\u0131na kadar enerjiyle ilgili bir mutabakat zapt\u0131 olu\u015fturmak i\u00e7in \u00e7al\u0131\u015ft\u0131klar\u0131n\u0131 ifade etti.<\/p>\n<p>Y\u0131ld\u0131z, Yemen&#8217;in enerji ihtiyac\u0131n\u0131 kar\u015f\u0131la\u015facak bir model kurulmas\u0131ndan yana olduklar\u0131n\u0131 belirterek, \u015f\u00f6yle konu\u015ftu:<\/p>\n<p>&#8220;Bu sorumlulu\u011fu almay\u0131 T\u00fcrkiye kabul ediyor ve istiyor. \u00c7\u00fcnk\u00fc orada kurulacak olan yenilenebilir, ithal k\u00f6m\u00fcr, do\u011falgaz kaynaklar\u0131yla ilgili b\u00fct\u00fcn haz\u0131rl\u0131klar \u00f6zel sekt\u00f6r taraf\u0131ndan yap\u0131lacakt\u0131r. Yemen&#8217;deki do\u011falgaz kaynaklar\u0131yla alakal\u0131 T\u00fcrkiye&#8217;nin ihtiya\u00e7lar\u0131n\u0131 kar\u015f\u0131layabilecek bir aramaya, faaliyetine girebilece\u011fimizi kendilerine ilettim. B\u00f6lgenin her yan\u0131nda do\u011falgaz arama giri\u015fimlerimiz devam etmekte. \u00d6zellikle enerji alan\u0131ndaki i\u015fbirli\u011finden iki \u00fclkenin de kazanaca\u011f\u0131na inan\u0131yorum.&#8221;<\/p>\n<p>Yemen Elektrik ve Enerji Bakan\u0131 Saleh Somae de iki \u00fclkenin enerji ihtiyac\u0131n\u0131n kar\u015f\u0131lanmas\u0131n\u0131n bakanl\u0131klar aras\u0131ndaki i\u015fbirli\u011fiyle \u00e7\u00f6z\u00fcme kavu\u015fturulabilece\u011fini s\u00f6yledi.<\/p>\n<p>\u0130\u015fbirli\u011finin Yemen <a title=\"Petrol\" href=\"http:\/\/www.bigpara.com\/dunya-emtia-borsalari?utm_source=hurriyet-haber-detay&amp;utm_medium=backlink&amp;utm_campaign=euro\" target=\"_blank\">Petrol<\/a> Bakanl\u0131\u011f\u0131 ile daha da geli\u015fece\u011fini ifade eden Somae, e\u011fitim ve enerji kaynaklar\u0131n\u0131n bu i\u015fbirli\u011finde \u00f6nemli \u00e7al\u0131\u015fma alanlar\u0131 olaca\u011f\u0131n\u0131 dile getirdi. Somae, i\u015fbirli\u011fi konular\u0131n\u0131n yar\u0131n imzalanacak mutabakat zapt\u0131nda yer alaca\u011f\u0131n\u0131 belirtti.<\/p>\n<p><strong>&#8220;Arama Talebini Parlamentomuza Sunaca\u011f\u0131z&#8221;<\/strong><\/p>\n<p>Somae, T\u00fcrkiye&#8217;nin Yemen&#8217;de do\u011falgaz arama yapmas\u0131 konusundaki sorular\u0131 yan\u0131tlarken, &#8220;Petrol ve do\u011falgazda zengin b\u00f6lgelerimiz mevcut. Bu t\u00fcr yat\u0131r\u0131mlarda T\u00fcrkiye&#8217;nin \u00f6nc\u00fcl\u00fck sahibi olaca\u011f\u0131n\u0131 d\u00fc\u015f\u00fcnmekteyiz. Yemen&#8217;deki t\u00fcm bakanl\u0131klar T\u00fcrkiye&#8217;ye karde\u015f\u00e7e ve dostane bakmakta arama faaliyetiyle ilgili konular\u0131 parlamentomuza sunaca\u011f\u0131z&#8221; dedi.<\/p>\n<p>Bakan Y\u0131ld\u0131z, T\u00fcrkiye&#8217;nin do\u011falgazda 5 \u00fclkeden tedarikte bulundu\u011funu an\u0131msatarak, tedarik yap\u0131lan \u00fclke ve g\u00fczergah say\u0131s\u0131n\u0131 \u00e7e\u015fitlendirmek istediklerini s\u00f6yledi.<\/p>\n<p>Do\u011falgaz tedariki yap\u0131lan \u00fclke say\u0131s\u0131n\u0131 2023&#8217;e kadar 8-9&#8217;a \u00e7\u0131karmay\u0131 hedeflediklerini belirten Y\u0131ld\u0131z, &#8220;Yemen&#8217;in bu \u00fclkelerden birisi olmas\u0131n\u0131 tercih ederiz. Orada ruhsatland\u0131r\u0131lmas\u0131 halinde TPAO olarak bir arama faaliyetine gitmek i\u00e7in karar alaca\u011f\u0131z&#8221; diye konu\u015ftu.<\/p>\n<p>Kaynak: h\u00fcrriyet<\/p>\n<\/div>\n<p><\/p>","protected":false},"excerpt":{"rendered":"<p>Sorry, this entry is only available in Turkish. For the sake of viewer convenience, the content is shown below in the alternative language. You may click the link to switch the active language.Enerji ve Tabii Kaynaklar Bakan\u0131 Taner Y\u0131ld\u0131z, Yemen Elektrik ve Enerji Bakan\u0131 Saleh Somae&#8217;ye, Yemen&#8217;deki do\u011falgaz kaynaklar\u0131yla alakal\u0131 T\u00fcrkiye&#8217;nin ihtiya\u00e7lar\u0131n\u0131 kar\u015f\u0131layabilecek bir aramaya, [&hellip;]<\/p>\n","protected":false},"author":1,"featured_media":26974,"comment_status":"open","ping_status":"open","sticky":false,"template":"","format":"standard","meta":[],"categories":[46,53],"tags":[92,15268,667,846,2810,15269],"views":710,"_links":{"self":[{"href":"https:\/\/www.enerjigazetesi.ist\/en\/wp-json\/wp\/v2\/posts\/26973"}],"collection":[{"href":"https:\/\/www.enerjigazetesi.ist\/en\/wp-json\/wp\/v2\/posts"}],"about":[{"href":"https:\/\/www.enerjigazetesi.ist\/en\/wp-json\/wp\/v2\/types\/post"}],"author":[{"embeddable":true,"href":"https:\/\/www.enerjigazetesi.ist\/en\/wp-json\/wp\/v2\/users\/1"}],"replies":[{"embeddable":true,"href":"https:\/\/www.enerjigazetesi.ist\/en\/wp-json\/wp\/v2\/comments?post=26973"}],"version-history":[{"count":2,"href":"https:\/\/www.enerjigazetesi.ist\/en\/wp-json\/wp\/v2\/posts\/26973\/revisions"}],"predecessor-version":[{"id":26976,"href":"https:\/\/www.enerjigazetesi.ist\/en\/wp-json\/wp\/v2\/posts\/26973\/revisions\/26976"}],"wp:featuredmedia":[{"embeddable":true,"href":"https:\/\/www.enerjigazetesi.ist\/en\/wp-json\/wp\/v2\/media\/26974"}],"wp:attachment":[{"href":"https:\/\/www.enerjigazetesi.ist\/en\/wp-json\/wp\/v2\/media?parent=26973"}],"wp:term":[{"taxonomy":"category","embeddable":true,"href":"https:\/\/www.enerjigazetesi.ist\/en\/wp-json\/wp\/v2\/categories?post=26973"},{"taxonomy":"post_tag","embeddable":true,"href":"https:\/\/www.enerjigazetesi.ist\/en\/wp-json\/wp\/v2\/tags?post=26973"}],"curies":[{"name":"wp","href":"https:\/\/api.w.org\/{rel}","templated":true}]}}