{"id":26883,"date":"2014-05-24T14:13:41","date_gmt":"2014-05-24T11:13:41","guid":{"rendered":"https:\/\/www.enerjigazetesi.ist\/?p=26883"},"modified":"2014-05-24T14:13:41","modified_gmt":"2014-05-24T11:13:41","slug":"berat-hes-icin-poturge-ve-gergerde-kamulastirma","status":"publish","type":"post","link":"https:\/\/www.enerjigazetesi.ist\/en\/berat-hes-icin-poturge-ve-gergerde-kamulastirma\/","title":{"rendered":"(Turkish) Berat HES \u0130\u00e7in P\u00f6t\u00fcrge ve Gerger`de Kamula\u015ft\u0131rma!"},"content":{"rendered":"<p class=\"qtranxs-available-languages-message qtranxs-available-languages-message-en\">Sorry, this entry is only available in <a href=\"https:\/\/www.enerjigazetesi.ist\/tr\/wp-json\/wp\/v2\/posts\/26883\" class=\"qtranxs-available-language-link qtranxs-available-language-link-tr\" title=\"Turkish\">Turkish<\/a>. For the sake of viewer convenience, the content is shown below in the alternative language. You may click the link to switch the active language.<\/p><p><strong>Berat Reg\u00fclat\u00f6r\u00fc ve hidroelektrik santralinin in\u015fas\u0131 i\u00e7in Ad\u0131yaman Gerger ve Malatya P\u00f6t\u00fcrge`nin baz\u0131 k\u00f6ylerinde bulunan \u00e7e\u015fitli ta\u015f\u0131nmazlar acele kamula\u015ft\u0131r\u0131lacak..<\/strong><\/p>\n<p><a href=\"https:\/\/www.enerjigazetesi.ist\/wp-content\/uploads\/2014\/05\/berat-regulatoru-hes.jpg\"><img loading=\"lazy\" class=\"alignright size-medium wp-image-26884\" title=\"berat-regulatoru hes\" src=\"https:\/\/www.enerjigazetesi.ist\/wp-content\/uploads\/2014\/05\/berat-regulatoru-hes-300x224.jpg\" alt=\"\" width=\"300\" height=\"224\" srcset=\"https:\/\/www.enerjigazetesi.ist\/wp-content\/uploads\/2014\/05\/berat-regulatoru-hes-300x224.jpg 300w, https:\/\/www.enerjigazetesi.ist\/wp-content\/uploads\/2014\/05\/berat-regulatoru-hes-66x50.jpg 66w, https:\/\/www.enerjigazetesi.ist\/wp-content\/uploads\/2014\/05\/berat-regulatoru-hes.jpg 387w\" sizes=\"(max-width: 300px) 100vw, 300px\" \/><\/a>Ad\u0131yaman ve Malatya s\u0131n\u0131rlar\u0131 i\u00e7inde kalan Berat Reg\u00fclat\u00f6r\u00fc ve HES`in yap\u0131m\u0131 i\u00e7in ihtiya\u00e7 duyulan baz\u0131 ta\u015f\u0131nmazlar acele kamula\u015ft\u0131r\u0131lacak.<\/p>\n<p>Kamula\u015ft\u0131r\u0131lacak ta\u015f\u0131nmazlardan bir b\u00f6l\u00fcm\u00fc Ad\u0131yaman`\u0131n Gerger \u0130l\u00e7esi`ne ba\u011fl\u0131, Demirta\u015f ve Yenibardak k\u00f6ylerinde bulunuyor.<\/p>\n<p>Malatya`n\u0131n P\u00f6t\u00fcrge il\u00e7esine ba\u011fl\u0131 Me\u015fedibi k\u00f6y\u00fcndeki iki parsel de kamula\u015ft\u0131r\u0131lacak ta\u015f\u0131nmazlar aras\u0131nda yer al\u0131yor.<\/p>\n<p>S\u00f6z konusu ta\u015f\u0131nmazlar\u0131n kamula\u015ft\u0131rma i\u015flemi, Hazine ad\u0131na tescil edilmek \u00fczere Maliye Bakanl\u0131\u011f\u0131 taraf\u0131ndan ger\u00e7ekle\u015ftirilecek.<\/p>\n<p>Kaynak: Enerji G\u00fcnl\u00fc\u011f\u00fc<\/p>","protected":false},"excerpt":{"rendered":"<p>Sorry, this entry is only available in Turkish. For the sake of viewer convenience, the content is shown below in the alternative language. You may click the link to switch the active language.Berat Reg\u00fclat\u00f6r\u00fc ve hidroelektrik santralinin in\u015fas\u0131 i\u00e7in Ad\u0131yaman Gerger ve Malatya P\u00f6t\u00fcrge`nin baz\u0131 k\u00f6ylerinde bulunan \u00e7e\u015fitli ta\u015f\u0131nmazlar acele kamula\u015ft\u0131r\u0131lacak.. Ad\u0131yaman ve Malatya s\u0131n\u0131rlar\u0131 [&hellip;]<\/p>\n","protected":false},"author":1,"featured_media":26884,"comment_status":"open","ping_status":"open","sticky":false,"template":"","format":"standard","meta":[],"categories":[53,47],"tags":[3115,15230,15233,35370,3489,15232,15231],"views":1089,"_links":{"self":[{"href":"https:\/\/www.enerjigazetesi.ist\/en\/wp-json\/wp\/v2\/posts\/26883"}],"collection":[{"href":"https:\/\/www.enerjigazetesi.ist\/en\/wp-json\/wp\/v2\/posts"}],"about":[{"href":"https:\/\/www.enerjigazetesi.ist\/en\/wp-json\/wp\/v2\/types\/post"}],"author":[{"embeddable":true,"href":"https:\/\/www.enerjigazetesi.ist\/en\/wp-json\/wp\/v2\/users\/1"}],"replies":[{"embeddable":true,"href":"https:\/\/www.enerjigazetesi.ist\/en\/wp-json\/wp\/v2\/comments?post=26883"}],"version-history":[{"count":2,"href":"https:\/\/www.enerjigazetesi.ist\/en\/wp-json\/wp\/v2\/posts\/26883\/revisions"}],"predecessor-version":[{"id":26886,"href":"https:\/\/www.enerjigazetesi.ist\/en\/wp-json\/wp\/v2\/posts\/26883\/revisions\/26886"}],"wp:featuredmedia":[{"embeddable":true,"href":"https:\/\/www.enerjigazetesi.ist\/en\/wp-json\/wp\/v2\/media\/26884"}],"wp:attachment":[{"href":"https:\/\/www.enerjigazetesi.ist\/en\/wp-json\/wp\/v2\/media?parent=26883"}],"wp:term":[{"taxonomy":"category","embeddable":true,"href":"https:\/\/www.enerjigazetesi.ist\/en\/wp-json\/wp\/v2\/categories?post=26883"},{"taxonomy":"post_tag","embeddable":true,"href":"https:\/\/www.enerjigazetesi.ist\/en\/wp-json\/wp\/v2\/tags?post=26883"}],"curies":[{"name":"wp","href":"https:\/\/api.w.org\/{rel}","templated":true}]}}