{"id":26838,"date":"2014-05-23T11:59:55","date_gmt":"2014-05-23T08:59:55","guid":{"rendered":"https:\/\/www.enerjigazetesi.ist\/?p=26838"},"modified":"2014-05-23T11:59:55","modified_gmt":"2014-05-23T08:59:55","slug":"almanyada-gunesten-elektrik-uretimi-yuzde-82-5-artti","status":"publish","type":"post","link":"https:\/\/www.enerjigazetesi.ist\/en\/almanyada-gunesten-elektrik-uretimi-yuzde-82-5-artti\/","title":{"rendered":"(Turkish) Almanya`da G\u00fcne\u015ften Elektrik \u00dcretimi Y\u00fczde 82.5 Artt\u0131&#8230;"},"content":{"rendered":"<p class=\"qtranxs-available-languages-message qtranxs-available-languages-message-en\">Sorry, this entry is only available in <a href=\"https:\/\/www.enerjigazetesi.ist\/tr\/wp-json\/wp\/v2\/posts\/26838\" class=\"qtranxs-available-language-link qtranxs-available-language-link-tr\" title=\"Turkish\">Turkish<\/a>. For the sake of viewer convenience, the content is shown below in the alternative language. You may click the link to switch the active language.<\/p><p><strong>Almanya`da y\u0131l\u0131n ilk \u00e7eyre\u011finde g\u00fcne\u015f ve r\u00fczgar enerjisinden elektrik \u00fcretimi artarken, geleneksel enerji tesislerinde elektrik \u00fcretimi y\u00fczde 5,4 azald\u0131. Almanya\u2019n\u0131n ilk \u00e7eyrekte g\u00fcne\u015ften elektrik \u00fcretimi y\u00fczde 82,5 artarak 6,1 milyar kWh olu<a href=\"https:\/\/www.enerjigazetesi.ist\/wp-content\/uploads\/2014\/04\/gunes-enerjisinde-hollanda-hedef-buyutuyor.jpg\"><img loading=\"lazy\" class=\"alignleft size-medium wp-image-25575\" title=\"gunes-enerjisi\" src=\"https:\/\/www.enerjigazetesi.ist\/wp-content\/uploads\/2014\/04\/gunes-enerjisinde-hollanda-hedef-buyutuyor-300x192.jpg\" alt=\"\" width=\"300\" height=\"192\" srcset=\"https:\/\/www.enerjigazetesi.ist\/wp-content\/uploads\/2014\/04\/gunes-enerjisinde-hollanda-hedef-buyutuyor-300x192.jpg 300w, https:\/\/www.enerjigazetesi.ist\/wp-content\/uploads\/2014\/04\/gunes-enerjisinde-hollanda-hedef-buyutuyor-77x50.jpg 77w, https:\/\/www.enerjigazetesi.ist\/wp-content\/uploads\/2014\/04\/gunes-enerjisinde-hollanda-hedef-buyutuyor.jpg 424w\" sizes=\"(max-width: 300px) 100vw, 300px\" \/><\/a>rken, karadaki r\u00fczgar t\u00fcrbinleri 20,6 milyar kWh, denizdekiler ise 17,4 milyar kWh elektrik \u00fcretti.<\/strong><\/p>\n<p>Almanya`n\u0131n k\u00f6m\u00fcr, do\u011fal gaz ve n\u00fckleer santral gibi geleneksel enerji tesislerinde br\u00fct elektrik \u00fcretim 2014 ilk \u00e7eyrekte ge\u00e7en y\u0131l\u0131n ayn\u0131 d\u00f6nemine g\u00f6re y\u00fczde 5,4 azalarak, 164 milyar kWh olarak ger\u00e7ekle\u015fti.<\/p>\n<p>\u0130lk \u00e7eyrekte k\u00f6m\u00fcr yak\u0131tl\u0131 santrallerde elektrik \u00fcretimi y\u00fczde 17,4, do\u011fal gaz yak\u0131tl\u0131 santrallerde \u00fcretim y\u00fczde 19,7, linyit yak\u0131tl\u0131 santrallerde \u00fcretim y\u00fczde 4,8 ve n\u00fckleer santrallerde \u00fcretim y\u00fczde 4,6 azald\u0131.<\/p>\n<p>Linyit yak\u0131tl\u0131 santrallerde 41 milyar kWh, do\u011fal gaz yak\u0131tl\u0131 santrallerde 18,5 kWh ve n\u00fckleer yak\u0131tl\u0131 santrallerde 26 milyar kWh elektrik \u00fcretildi.<\/p>\n<p>Kaynak: <a href=\"http:\/\/www.enerjigunlugu.net\/almanyada-gunesten-elektrik-uretimi-yuzde-825-artt_8628.html\" target=\"_blank\">Enerji G\u00fcnl\u00fc\u011f\u00fc<\/a><\/p>","protected":false},"excerpt":{"rendered":"<p>Sorry, this entry is only available in Turkish. For the sake of viewer convenience, the content is shown below in the alternative language. You may click the link to switch the active language.Almanya`da y\u0131l\u0131n ilk \u00e7eyre\u011finde g\u00fcne\u015f ve r\u00fczgar enerjisinden elektrik \u00fcretimi artarken, geleneksel enerji tesislerinde elektrik \u00fcretimi y\u00fczde 5,4 azald\u0131. Almanya\u2019n\u0131n ilk \u00e7eyrekte g\u00fcne\u015ften [&hellip;]<\/p>\n","protected":false},"author":1,"featured_media":25575,"comment_status":"open","ping_status":"open","sticky":false,"template":"","format":"standard","meta":[],"categories":[53,49],"tags":[929,5291,19,63,67,1009,165,227,13,12474,1675,88,16],"views":1065,"_links":{"self":[{"href":"https:\/\/www.enerjigazetesi.ist\/en\/wp-json\/wp\/v2\/posts\/26838"}],"collection":[{"href":"https:\/\/www.enerjigazetesi.ist\/en\/wp-json\/wp\/v2\/posts"}],"about":[{"href":"https:\/\/www.enerjigazetesi.ist\/en\/wp-json\/wp\/v2\/types\/post"}],"author":[{"embeddable":true,"href":"https:\/\/www.enerjigazetesi.ist\/en\/wp-json\/wp\/v2\/users\/1"}],"replies":[{"embeddable":true,"href":"https:\/\/www.enerjigazetesi.ist\/en\/wp-json\/wp\/v2\/comments?post=26838"}],"version-history":[{"count":1,"href":"https:\/\/www.enerjigazetesi.ist\/en\/wp-json\/wp\/v2\/posts\/26838\/revisions"}],"predecessor-version":[{"id":26839,"href":"https:\/\/www.enerjigazetesi.ist\/en\/wp-json\/wp\/v2\/posts\/26838\/revisions\/26839"}],"wp:featuredmedia":[{"embeddable":true,"href":"https:\/\/www.enerjigazetesi.ist\/en\/wp-json\/wp\/v2\/media\/25575"}],"wp:attachment":[{"href":"https:\/\/www.enerjigazetesi.ist\/en\/wp-json\/wp\/v2\/media?parent=26838"}],"wp:term":[{"taxonomy":"category","embeddable":true,"href":"https:\/\/www.enerjigazetesi.ist\/en\/wp-json\/wp\/v2\/categories?post=26838"},{"taxonomy":"post_tag","embeddable":true,"href":"https:\/\/www.enerjigazetesi.ist\/en\/wp-json\/wp\/v2\/tags?post=26838"}],"curies":[{"name":"wp","href":"https:\/\/api.w.org\/{rel}","templated":true}]}}