{"id":26802,"date":"2014-05-22T14:01:34","date_gmt":"2014-05-22T11:01:34","guid":{"rendered":"https:\/\/www.enerjigazetesi.ist\/?p=26802"},"modified":"2014-05-22T14:01:53","modified_gmt":"2014-05-22T11:01:53","slug":"kuraklik-nedeniyle-yazin-komur-ve-dogalgaz-santralleri-daha-cok-calisacak","status":"publish","type":"post","link":"https:\/\/www.enerjigazetesi.ist\/en\/kuraklik-nedeniyle-yazin-komur-ve-dogalgaz-santralleri-daha-cok-calisacak\/","title":{"rendered":"(Turkish) Kurakl\u0131ktan Yaz\u0131n K\u00f6m\u00fcr ve Do\u011falgaz Santralleri Daha \u00c7ok \u00c7al\u0131\u015facak!"},"content":{"rendered":"<p class=\"qtranxs-available-languages-message qtranxs-available-languages-message-en\">Sorry, this entry is only available in <a href=\"https:\/\/www.enerjigazetesi.ist\/tr\/wp-json\/wp\/v2\/posts\/26802\" class=\"qtranxs-available-language-link qtranxs-available-language-link-tr\" title=\"Turkish\">Turkish<\/a>. For the sake of viewer convenience, the content is shown below in the alternative language. You may click the link to switch the active language.<\/p><p><strong>Kurakl\u0131k nedeniyle barajlar dolmad\u0131. Uzmanlara g\u00f6re elektrik ihtiyac\u0131n\u0131 kar\u015f\u0131lamak i\u00e7in yaz\u0131n k\u00f6m\u00fcr ve do\u011falgaz santralleri daha \u00e7ok \u00e7al\u0131\u015facak. Yerli kaynaklara y\u00f6nelimi art\u0131rmak isteyen T\u00fcrkiye, k\u00f6m\u00fcr santrallerinin pay\u0131n\u0131 da y\u00fczde 25\u2019ten y\u00fczde 30\u2019a y\u00fckseltme hedefinde.<\/strong><\/p>\n<p>Soma\u2019daki maden facias\u0131n\u0131n ard\u0131ndan T\u00fcrkiye\u2019nin enerji politikalar\u0131nda k\u00f6m\u00fcr\u00fcn yeri yeniden g\u00fcndeme geldi. T\u00fcrkiye\u2019de k\u00f6m\u00fcr\u00fcn kurulu g\u00fcc\u00fc y\u00fczde 19,2 d\u00fczeyinde. Elektrik \u00fcretiminde ise k\u00f6m\u00fcr\u00fcn pay\u0131 y\u00fczde 25. Bunun da yar\u0131s\u0131 yerli k\u00f6m\u00fcrden sa\u011flan\u0131yor.<\/p>\n<p><a href=\"https:\/\/www.enerjigazetesi.ist\/?attachment_id=64872\" rel=\"attachment wp-att-64872\" target=\"_blank\"><img loading=\"lazy\" src=\"http:\/\/enerjienstitusu.com\/file\/k\u00f6m\u00fcr-111111.jpg\" alt=\"k\u00f6m\u00fcr 111111\" width=\"613\" height=\"292\" \/><\/a><\/p>\n<h2>\u201cBarajlar dolmad\u0131, k\u00f6m\u00fcr ve do\u011falgaza y\u00fcklenilir\u201d<\/h2>\n<p>Uzmanlara g\u00f6re bu oran d\u00f6nemsel olarak yaz\u0131n artabilir. T\u00fcrkiye\u2019de kurakl\u0131k nedeniyle barajlar dolmay\u0131nca, yaz\u0131n do\u011falgaz ve k\u00f6m\u00fcr santrallerinin daha \u00e7ok kullan\u0131lmas\u0131 bekleniyor.<\/p>\n<p>Anadolu Ajans\u0131\u2019n\u0131n Devlet Su \u0130\u015fleri M\u00fcd\u00fcrl\u00fc\u011f\u00fc\u2019nden ald\u0131\u011f\u0131 verilere g\u00f6re \u0130stanbul barajlar\u0131nda doluluk y\u00fczde 29,37, Ankara\u2019da y\u00fczde 34,94, \u0130zmir\u2019de y\u00fczde 53,52, Bursa\u2019da y\u00fczde 66,89.<\/p>\n<p>Elektrik M\u00fchendisleri Odas\u0131 Enerji Birim Koordinat\u00f6r\u00fc Olgun Sakarya aral\u0131k ay\u0131ndaki do\u011falgaz s\u0131k\u0131nt\u0131s\u0131 s\u0131ras\u0131nda yerli k\u00f6m\u00fcr santrallerinin \u00fcretimdeki pay\u0131n\u0131n y\u00fczde 12\u2019den y\u00fczde 14\u2019e \u00e7\u0131kt\u0131\u011f\u0131n\u0131, hidroliklerin pay\u0131n\u0131n da y\u00fczde 25\u2019ten y\u00fczde 30,5\u2019a y\u00fckseldi\u011fini hat\u0131rlat\u0131yor, \u201c\u00d6zellikle yaz\u0131n do\u011falgaz ve yerli k\u00f6m\u00fcre daha fazla y\u00fcklenilir. Elektrik ithali de g\u00fcndemde\u201d diyor.<\/p>\n<h2>K\u00f6m\u00fcr santralleri artacak<\/h2>\n<p>K\u00f6m\u00fcr, uzun vadede de T\u00fcrkiye i\u00e7in kilit \u00f6nemde. Petrol ve do\u011falgazda d\u0131\u015fa ba\u011f\u0131ml\u0131l\u0131\u011f\u0131 azaltmak isteyen T\u00fcrkiye, yerli kaynaklar\u0131n kullan\u0131m\u0131na a\u011f\u0131rl\u0131k vermek, 2023\u2019te petrol ve do\u011falgaz ithal etmemek istiyor. Bu, cari a\u00e7\u0131\u011f\u0131n d\u00fc\u015f\u00fcr\u00fclmesi, enerji faturas\u0131n\u0131n azalmas\u0131 a\u00e7\u0131s\u0131ndan \u00f6nemli. T\u00fcrkiye petrol ve do\u011falgaz zengini bir \u00fclke olmad\u0131\u011f\u0131 i\u00e7in elindeki imkanlar s\u0131n\u0131rl\u0131. K\u00f6m\u00fcr, yenilenebilir ve n\u00fckleer alternatif olarak \u00f6ne \u00e7\u0131k\u0131yor.<\/p>\n<h2>Hedef, 2023\u2032te t\u00fcm k\u00f6m\u00fcr kaynaklar\u0131n\u0131n kullan\u0131lmas\u0131<\/h2>\n<p>K\u00f6m\u00fcrde bug\u00fcne kadar kaynaklar\u0131n yaln\u0131zca y\u00fczde 37\u2019si de\u011ferlendirildi. Enerjide 2023\u2019te t\u00fcm k\u00f6m\u00fcr kaynaklar\u0131n\u0131n ekonomiye kazand\u0131r\u0131lmas\u0131 hedefleniyor. \u00d6n\u00fcm\u00fczdeki d\u00f6nemde h\u00fck\u00fcmet daha fazla k\u00f6m\u00fcr santrali istiyor.<\/p>\n<p><a href=\"https:\/\/www.enerjigazetesi.ist\/?attachment_id=64873\" rel=\"attachment wp-att-64873\" target=\"_blank\"><img loading=\"lazy\" src=\"http:\/\/enerjienstitusu.com\/file\/k\u00f6m\u00fcr-22222.jpg\" alt=\"k\u00f6m\u00fcr 22222\" width=\"615\" height=\"196\" \/><\/a><\/p>\n<h2>\u201cK\u00f6m\u00fcr yerli kaynak olarak avantajl\u0131\u201d<\/h2>\n<p>Elektrik M\u00fchendisleri Odas\u0131 Enerji Birim Koordinat\u00f6r\u00fc Olgun Sakarya, k\u00f6m\u00fcr\u00fcn yerli kaynak olarak bir\u00e7ok avantaj\u0131 oldu\u011funu savunuyor. Do\u011falgaza ba\u011f\u0131ml\u0131 T\u00fcrkiye\u2019nin arz g\u00fcvenli\u011fi a\u00e7\u0131s\u0131ndan k\u00f6m\u00fcr yat\u0131r\u0131mlar\u0131n\u0131 art\u0131rmas\u0131n\u0131 gerekli bulan Sakarya, son teknoloji santrallerle \u00e7evrenin tahrip edilmeyece\u011fi g\u00f6r\u00fc\u015f\u00fcnde.<\/p>\n<p>Sakarya, T\u00fcrkiye\u2019nin alternatif enerji kaynaklar\u0131na da e\u011filmesi gerekti\u011fini belirtirken, \u201cG\u00fcne\u015f zengini bir \u00fclkeyiz, yava\u015f gidiyoruz. Almanya ihtiyac\u0131n\u0131n y\u00fczde 4.5\u2019unu g\u00fcne\u015ften kar\u015f\u0131l\u0131yor\u201d diyor.<\/p>\n<p>Elektrik \u00dcreticileri Derne\u011fi Ba\u015fkan\u0131 \u00d6nder Karaduman\u2019a g\u00f6re ise T\u00fcrkiye politikalar\u0131n\u0131 g\u00f6zden ge\u00e7irmeli ve k\u00f6m\u00fcre y\u00f6nelim azalt\u0131lmal\u0131. Karaduman, k\u00f6m\u00fcr\u00fcn iklim de\u011fi\u015fikli\u011fine neden olan en tehlikeli yak\u0131t oldu\u011fu g\u00f6r\u00fc\u015f\u00fcnde.<\/p>\n<h2>\u201cT\u00fcrkiye\u2019deki k\u00f6m\u00fcr\u00fcn kalorisi az, \u00e7\u0131karmas\u0131 zor\u201d<\/h2>\n<p>Karaduman, T\u00fcrkiye\u2019de \u00e7\u0131kan k\u00f6m\u00fcr\u00fcn de\u011ferlendirmeye de\u011fecek bir k\u00f6m\u00fcr olmad\u0131\u011f\u0131n\u0131 s\u00f6yl\u00fcyor, \u201cT\u00fcrkiye\u2019deki k\u00f6m\u00fcr kilo kalori olarak d\u00fc\u015f\u00fck, derinde olduklar\u0131 i\u00e7in \u00e7\u0131kar\u0131lmalar\u0131 zor\u201d diyor. \u00d6nder Karaduman, \u00f6zelle\u015ftirmelerden sonra k\u00f6m\u00fcre kar\u015f\u0131 bilin\u00e7siz bir e\u011filim ba\u015flad\u0131\u011f\u0131n\u0131, bunun da sebebinin tamamen psikolojik oldu\u011funu s\u00f6yl\u00fcyor. Bug\u00fcne kadar Seyit\u00f6mer, Kangal santrallar\u0131 \u00f6zelle\u015ftirildi, \u00c7atala\u011fz\u0131,Yenik\u00f6y ve Kemerk\u00f6y santrallar\u0131n\u0131n teklifleri al\u0131nd\u0131.<\/p>\n<p>Karaduman i\u00e7in alternatif, n\u00fckleer ve yenilenebilir enerji. Ancak, n\u00fckleerde Rus teknolojisi yerine AB taraf\u0131ndan denenmi\u015f teknolojinin kullan\u0131lmas\u0131 gerekti\u011fini d\u00fc\u015f\u00fcn\u00fcyor, \u201cYenilenebilir i\u00e7in de iletim a\u011flar\u0131n\u0131n kuvvetlendirilmesi gerek\u201d diyor.<\/p>\n<p><a href=\"https:\/\/www.enerjigazetesi.ist\/?attachment_id=64875\" rel=\"attachment wp-att-64875\" target=\"_blank\"><img loading=\"lazy\" src=\"http:\/\/enerjienstitusu.com\/file\/k\u00f6m\u00fcr-333333.jpg\" alt=\"k\u00f6m\u00fcr 333333\" width=\"272\" height=\"286\" \/><\/a><\/p>\n<p>&nbsp;<\/p>\n<h2>\u201cTe\u015fvik olmadan, hedeflere ula\u015fmak zor\u201d<\/h2>\n<p>Enerji Piyasas\u0131 D\u00fczenleme Kurumu\u2019nun eski ba\u015fkan\u0131 Yusuf G\u00fcnay da, yerli k\u00f6m\u00fcr\u00fcn kilo kalorisinin d\u00fc\u015f\u00fck oldu\u011funu s\u00f6yl\u00fcyor ama T\u00fcrkiye\u2019nin yerli kaynaklar\u0131n\u0131 kullanmas\u0131n\u0131n da \u015fart oldu\u011funu ekliyor.<\/p>\n<p><a href=\"https:\/\/www.enerjigazetesi.ist\/?attachment_id=64874\" rel=\"attachment wp-att-64874\" target=\"_blank\"><img loading=\"lazy\" src=\"http:\/\/enerjienstitusu.com\/file\/k\u00f6m\u00fcr-4444444.jpg\" alt=\"k\u00f6m\u00fcr 4444444\" width=\"582\" height=\"945\" \/><\/a><\/p>\n<p>Haberin Devam\u0131 i\u00e7in <a href=\"http:\/\/www.aljazeera.com.tr\/al-jazeera-ozel\/enerjide-komurun-payi-artacak\" rel=\"nofollow\" target=\"_blank\">T\u0131klay\u0131n\u0131z&gt;&gt;<\/a><\/p>\n<p>Kaynak: aljazeera<\/p>","protected":false},"excerpt":{"rendered":"<p>Sorry, this entry is only available in Turkish. For the sake of viewer convenience, the content is shown below in the alternative language. You may click the link to switch the active language.Kurakl\u0131k nedeniyle barajlar dolmad\u0131. Uzmanlara g\u00f6re elektrik ihtiyac\u0131n\u0131 kar\u015f\u0131lamak i\u00e7in yaz\u0131n k\u00f6m\u00fcr ve do\u011falgaz santralleri daha \u00e7ok \u00e7al\u0131\u015facak. Yerli kaynaklara y\u00f6nelimi art\u0131rmak isteyen [&hellip;]<\/p>\n","protected":false},"author":1,"featured_media":26803,"comment_status":"open","ping_status":"open","sticky":false,"template":"","format":"standard","meta":[],"categories":[46,53],"tags":[13018,92,2555,1478,19,63,67,1009,165,1675,15179,3460,15180,10371,12313,15181,15182],"views":770,"_links":{"self":[{"href":"https:\/\/www.enerjigazetesi.ist\/en\/wp-json\/wp\/v2\/posts\/26802"}],"collection":[{"href":"https:\/\/www.enerjigazetesi.ist\/en\/wp-json\/wp\/v2\/posts"}],"about":[{"href":"https:\/\/www.enerjigazetesi.ist\/en\/wp-json\/wp\/v2\/types\/post"}],"author":[{"embeddable":true,"href":"https:\/\/www.enerjigazetesi.ist\/en\/wp-json\/wp\/v2\/users\/1"}],"replies":[{"embeddable":true,"href":"https:\/\/www.enerjigazetesi.ist\/en\/wp-json\/wp\/v2\/comments?post=26802"}],"version-history":[{"count":4,"href":"https:\/\/www.enerjigazetesi.ist\/en\/wp-json\/wp\/v2\/posts\/26802\/revisions"}],"predecessor-version":[{"id":26807,"href":"https:\/\/www.enerjigazetesi.ist\/en\/wp-json\/wp\/v2\/posts\/26802\/revisions\/26807"}],"wp:featuredmedia":[{"embeddable":true,"href":"https:\/\/www.enerjigazetesi.ist\/en\/wp-json\/wp\/v2\/media\/26803"}],"wp:attachment":[{"href":"https:\/\/www.enerjigazetesi.ist\/en\/wp-json\/wp\/v2\/media?parent=26802"}],"wp:term":[{"taxonomy":"category","embeddable":true,"href":"https:\/\/www.enerjigazetesi.ist\/en\/wp-json\/wp\/v2\/categories?post=26802"},{"taxonomy":"post_tag","embeddable":true,"href":"https:\/\/www.enerjigazetesi.ist\/en\/wp-json\/wp\/v2\/tags?post=26802"}],"curies":[{"name":"wp","href":"https:\/\/api.w.org\/{rel}","templated":true}]}}