{"id":2678,"date":"2012-10-09T13:24:49","date_gmt":"2012-10-09T10:24:49","guid":{"rendered":"https:\/\/www.enerjigazetesi.ist\/?p=2678"},"modified":"2012-10-09T13:26:30","modified_gmt":"2012-10-09T10:26:30","slug":"sakarya-universitesi-saitemden-alternatif-enerjiler-konusunda-kalici-cozumler","status":"publish","type":"post","link":"https:\/\/www.enerjigazetesi.ist\/en\/sakarya-universitesi-saitemden-alternatif-enerjiler-konusunda-kalici-cozumler\/","title":{"rendered":"(Turkish) Sakarya \u00dcniversitesi SA\u0130TEM&#8217;den Alternatif Enerji de Kal\u0131c\u0131 \u00c7\u00f6z\u00fcmler&#8230;"},"content":{"rendered":"<p class=\"qtranxs-available-languages-message qtranxs-available-languages-message-en\">Sorry, this entry is only available in <a href=\"https:\/\/www.enerjigazetesi.ist\/tr\/wp-json\/wp\/v2\/posts\/2678\" class=\"qtranxs-available-language-link qtranxs-available-language-link-tr\" title=\"Turkish\">Turkish<\/a>. For the sake of viewer convenience, the content is shown below in the alternative language. You may click the link to switch the active language.<\/p><p><\/p>\n<div>\n<p><strong>Sakarya \u00dcniversitesi \u0130leri Teknolojiler Uygulama Toplulu\u011fu \u2013 SA\u0130TEM 2003 y\u0131l\u0131nda Sakarya \u00dcniversitesinde okuyan 2 m\u00fchendislik fak\u00fcltesi \u00f6\u011frencisi taraf\u0131ndan kurulmu\u015ftur. SA\u0130TEM alternatif enerjiler konusunda kal\u0131c\u0131 \u00e7\u00f6z\u00fcmler \u00fcretmeyi kendine hedef edinmi\u015f g\u00f6n\u00fcll\u00fc olarak \u00e7al\u0131\u015fan \u00f6\u011frencilerden olu\u015fan bir ileri teknolojiler toplulu\u011fudur.<\/strong><\/p>\n<p>SA\u0130TEM b\u00fcnyesinde 20 aktif \u00f6\u011frenci ve \u00f6\u011frenciyken ekipte g\u00f6rev alm\u0131\u015f ; \u015fu anda \u00e7e\u015fitli firmalarda \u00e7al\u0131\u015fan 14 mezun dan\u0131\u015fmanla birlikte \u00e7al\u0131\u015fmalar\u0131n\u0131 y\u00fcr\u00fctmektedir. \u00c7al\u0131\u015fmalar\u0131n\u0131 t\u00fcketen toplum modelinden \u00fcreten toplum modeline ge\u00e7i\u015fin gereklili\u011finin fark\u0131ndal\u0131\u011f\u0131yla ger\u00e7ekle\u015ftirmektedir. Bu zamana kadar alternatif enerjiyle \u00e7al\u0131\u015fan ara\u00e7lar ba\u015fta olmak \u00fczere Ar-Ge ve \u00dcr-Ge faaliyetlerini y\u00fcr\u00fctmektedir. \u00dcretimini ger\u00e7ekle\u015ftirdi\u011fi projelerle bu zamana kadar T\u00fcrkiye ba\u015fta olmak \u00fczere Avrupa ve Avustralya da \u00e7e\u015fitli dereceler alm\u0131\u015ft\u0131r.<\/p>\n<p>\u00a0\u00a0\u00a0\u00a0 SA\u0130TEM bug\u00fcne kadar ad\u0131n\u0131 5 farkl\u0131 projeyle ulusal ve uluslararas\u0131 arenada duyurmustur.\u00a0<\/p>\n<p>Bunlar ;<\/p>\n<p><strong><br \/>\n*\u00a0\u00a0\u00a0\u00a0\u00a0\u00a0\u00a0 SAGUAR<br \/>\n<\/strong><br clear=\"all\" \/>Ekibimizin hayata ge\u00e7irdi\u011fi ilk proje olan SAGUAR serisinden SAGUAR 2 ; saatte 140 km ile T\u00fcrkiye\u2019nin en h\u0131zl\u0131 g\u00fcne\u015f arabas\u0131d\u0131r.<\/p>\n<p><img loading=\"lazy\" class=\"aligncenter  wp-image-2685\" title=\"1\" src=\"https:\/\/www.enerjigazetesi.ist\/wp-content\/uploads\/2012\/10\/1.jpg\" alt=\"\" width=\"645\" height=\"410\" \/><br clear=\"all\" \/><strong><\/strong><\/p>\n<\/div>\n<p><strong><br clear=\"all\" \/><\/strong><\/p>\n<div>\n<p style=\"text-align: center;\"><strong><img loading=\"lazy\" class=\"aligncenter  wp-image-2686\" title=\"2\" src=\"https:\/\/www.enerjigazetesi.ist\/wp-content\/uploads\/2012\/10\/2.jpg\" alt=\"\" width=\"652\" height=\"458\" \/><\/strong><\/p>\n<p>&nbsp;<\/p>\n<\/div>\n<p>&nbsp;<\/p>\n<div>\n<p align=\"center\"><strong>SAGUAR (SAkarya GUne\u015f ARabas\u0131) serisi ile<\/strong><\/p>\n<\/div>\n<p>&nbsp;<\/p>\n<div>\n<p align=\"center\">2011 World Solar Challange D\u00fcnya on d\u00f6rd\u00fcnc\u00fcl\u00fc\u011f\u00fc<\/p>\n<p align=\"center\">2010 T\u00dcB\u0130TAK Formula G T\u00fcrkiye \u0130kincili\u011fi<\/p>\n<p align=\"center\">2009 World Solar Challange D\u00fcnya dokuzunculu\u011fu<\/p>\n<p align=\"center\">2008 T\u00dcB\u0130TAK Formula G En \u0130yi Tasar\u0131m \u00d6d\u00fcl\u00fc<\/p>\n<p align=\"center\">2007 T\u00dcB\u0130TAK Formula G T\u00fcrkiye \u00dc\u00e7\u00fcnc\u00fcl\u00fc\u011f\u00fc<\/p>\n<p align=\"center\">2006 T\u00dcB\u0130TAK Formula G T\u00fcrkiye \u0130kincili\u011fi<\/p>\n<\/div>\n<p>&nbsp;<\/p>\n<div>\n<p align=\"center\">2005 T\u00dcB\u0130TAK Formula G T\u00fcrkiye D\u00f6rd\u00fcnc\u00fcl\u00fc\u011f\u00fc<strong><br clear=\"all\" \/><\/strong><\/p>\n<\/div>\n<p><strong>*\u00a0\u00a0\u00a0\u00a0\u00a0\u00a0\u00a0 SATEK<\/strong><\/p>\n<p style=\"text-align: center;\"><img loading=\"lazy\" class=\"aligncenter size-full wp-image-2684\" title=\"3\" src=\"https:\/\/www.enerjigazetesi.ist\/wp-content\/uploads\/2012\/10\/3.jpg\" alt=\"\" width=\"640\" height=\"480\" srcset=\"https:\/\/www.enerjigazetesi.ist\/wp-content\/uploads\/2012\/10\/3.jpg 640w, https:\/\/www.enerjigazetesi.ist\/wp-content\/uploads\/2012\/10\/3-300x225.jpg 300w, https:\/\/www.enerjigazetesi.ist\/wp-content\/uploads\/2012\/10\/3-500x375.jpg 500w, https:\/\/www.enerjigazetesi.ist\/wp-content\/uploads\/2012\/10\/3-66x50.jpg 66w\" sizes=\"(max-width: 640px) 100vw, 640px\" \/><\/p>\n<p>Ekibin hayata ge\u00e7irdi\u011fi ikinci proje olan SATEK ; SAPANCA \u2019da d\u00fczenlenen t\u00f6renle suya indirilmi\u015ftir. SATEK ; T\u00fcrkiye\u2019nin ilk g\u00fcne\u015f enerjili teknesidir. 13 deniz mili h\u0131za ula\u015fabilen SATEK\u00a0 5 ki\u015filik ta\u015f\u0131ma kapasitesine sahiptir.<\/p>\n<p><strong>*\u00a0\u00a0\u00a0\u00a0\u00a0\u00a0\u00a0 SAH\u0130MO <\/strong><\/p>\n<p><br clear=\"all\" \/>SAH\u0130MO bir litre benzine e\u015fde\u011fer hidrojen ile 453 ve 568 km yol katederek iki y\u0131l \u00fcst \u00fcste Avrupa \u00fc\u00e7\u00fcnc\u00fcs\u00fc, T\u00fcrkiye birincisi olmu\u015ftur.<\/p>\n<p align=\"center\">\u00a0<img loading=\"lazy\" class=\"aligncenter size-full wp-image-2683\" title=\"4\" src=\"https:\/\/www.enerjigazetesi.ist\/wp-content\/uploads\/2012\/10\/4.jpg\" alt=\"\" width=\"500\" height=\"285\" srcset=\"https:\/\/www.enerjigazetesi.ist\/wp-content\/uploads\/2012\/10\/4.jpg 500w, https:\/\/www.enerjigazetesi.ist\/wp-content\/uploads\/2012\/10\/4-300x171.jpg 300w, https:\/\/www.enerjigazetesi.ist\/wp-content\/uploads\/2012\/10\/4-80x45.jpg 80w\" sizes=\"(max-width: 500px) 100vw, 500px\" \/><\/p>\n<p align=\"center\">2009 Shell Eco Marathon Avrupa \u00dc\u00e7\u00fcnc\u00fcl\u00fc\u011f\u00fc, T\u00fcrkiye Birincili\u011fi<\/p>\n<p align=\"center\">2008 Shell Eco Marathon Avrupa \u00dc\u00e7\u00fcnc\u00fcl\u00fc\u011f\u00fc, T\u00fcrkiye Birincili\u011fi<\/p>\n<p><strong>*\u00a0\u00a0\u00a0\u00a0\u00a0\u00a0\u00a0 EVrim<\/strong><\/p>\n<p>T\u00fcrkiye\u2019nin elektrikli arabas\u0131 Evrim slogan\u0131yla yola \u00e7\u0131kan ekip ; yakla\u015f\u0131k 1 y\u0131l s\u00fcren tasar\u0131m s\u00fcrecinin ard\u0131ndan Evrim\u2019in \u00fcretimini tamamlay\u0131p may\u0131s 2012 de Shell Eco Marathon yar\u0131\u015f\u0131na kat\u0131lm\u0131\u015ft\u0131r. Y\u00fcksek verimli elektrikli hub motor\u00a0 ve T\u00fcrkiye\u2019nin ilk karbon fiber jant \u00fcretimini ger\u00e7ekle\u015ftirmi\u015ftir. AR \u2013 GE faaliyetleri olarak da BMS \u00fczerinde \u00e7al\u0131\u015fmalar\u0131na devam etmektedir.<\/p>\n<p><br clear=\"all\" \/>SA\u0130TEM, \u015eehir Konsepti Ak\u00fc Beslemeli Elektrik Yak\u0131t\u0131 (Urban Concept Battery Electric) s\u0131n\u0131f\u0131nda Evrimle 16 kuru\u015fluk elektrik harcayarak 145 km yol katetmi\u015ftir. Evrim %90\u2019un \u00fczerinde yerlilik oran\u0131na sahiptir<\/p>\n<p align=\"center\"><img loading=\"lazy\" class=\"aligncenter  wp-image-2682\" title=\"5\" src=\"https:\/\/www.enerjigazetesi.ist\/wp-content\/uploads\/2012\/10\/5.jpg\" alt=\"\" width=\"614\" height=\"409\" srcset=\"https:\/\/www.enerjigazetesi.ist\/wp-content\/uploads\/2012\/10\/5.jpg 614w, https:\/\/www.enerjigazetesi.ist\/wp-content\/uploads\/2012\/10\/5-300x199.jpg 300w, https:\/\/www.enerjigazetesi.ist\/wp-content\/uploads\/2012\/10\/5-500x333.jpg 500w, https:\/\/www.enerjigazetesi.ist\/wp-content\/uploads\/2012\/10\/5-75x50.jpg 75w\" sizes=\"(max-width: 614px) 100vw, 614px\" \/><\/p>\n<p align=\"center\"><br clear=\"all\" \/>2012 Shell Eco Marathon Avrupa yedincili\u011fi, T\u00fcrkiye Birincili\u011fi<\/p>\n<p style=\"text-align: center;\">\u00a0<img loading=\"lazy\" class=\"aligncenter size-full wp-image-2681\" title=\"6\" src=\"https:\/\/www.enerjigazetesi.ist\/wp-content\/uploads\/2012\/10\/61.jpg\" alt=\"\" width=\"614\" height=\"409\" srcset=\"https:\/\/www.enerjigazetesi.ist\/wp-content\/uploads\/2012\/10\/61.jpg 614w, https:\/\/www.enerjigazetesi.ist\/wp-content\/uploads\/2012\/10\/61-300x199.jpg 300w, https:\/\/www.enerjigazetesi.ist\/wp-content\/uploads\/2012\/10\/61-500x333.jpg 500w, https:\/\/www.enerjigazetesi.ist\/wp-content\/uploads\/2012\/10\/61-75x50.jpg 75w\" sizes=\"(max-width: 614px) 100vw, 614px\" \/><\/p>\n<p><strong>*\u00a0\u00a0\u00a0\u00a0\u00a0\u00a0\u00a0 SATU\u00a0 <\/strong><\/p>\n<p>\u00c7al\u0131\u015fmalar\u0131na be\u015f y\u0131l \u00f6nce ba\u015flanan SATU \u2018yu \u00f6n\u00fcm\u00fczdeki aylarda uzay s\u0131n\u0131r\u0131 olarak kabul edilen 120.000 feet\u2019e g\u00f6nderecek olan ekip \u00e7e\u015fitli \u00f6l\u00e7\u00fcmler yap\u0131p foto\u011fraf ve g\u00f6r\u00fcnt\u00fc aktar\u0131m\u0131 yapmay\u0131 hedeflemektedir. SATU; T\u00fcrkiye\u2019den en y\u00fckse\u011fe f\u0131rlat\u0131lan cisim olacakt\u0131r.\u00a0\u00a0\u00a0\u00a0<\/p>\n<p>Edindikleri tecr\u00fcbelerle \u00e7al\u0131\u015fmalar\u0131na aral\u0131ks\u0131z devam eden ekip , ger\u00e7ekle\u015ftirdikleri projeleri sanayi \u00f6\u011frenci i\u015fbirli\u011fi ve sponsorlardan ald\u0131klar\u0131 desteklerle y\u00fcr\u00fctmektedir. Kendi b\u00fct\u00e7esinin iki \u00fc\u00e7 kat\u0131 b\u00fct\u00e7eye sahip ekiplerle yar\u0131\u015fan SA\u0130TEM\u00a0 Shell Eco Marathon 2013 i\u00e7in Evrim 2 World Solar Challenge 2013 \u00a0i\u00e7in SAGUAR 3 adl\u0131 iki arac\u0131n tasar\u0131mlar\u0131n\u0131n son a\u015famas\u0131na gelmi\u015f ve arabalar\u0131n\u0131 \u00fcretmek i\u00e7in sponsorluk aray\u0131\u015f\u0131 i\u00e7erisindedirler.<\/p>\n<p style=\"text-align: left;\" align=\"center\"><a href=\"http:\/\/www.saitem.org\/\">www.saitem.org<\/a><\/p>\n<p style=\"text-align: left;\" align=\"center\"><a href=\"http:\/\/www.facebook.com\/saitem\">www.facebook.com\/saitem<\/a><\/p>\n<p style=\"text-align: left;\" align=\"center\">Kaynak: <a href=\"https:\/\/www.enerjigazetesi.ist\" target=\"_blank\">EnerjiGazetesi<\/a><\/p>\n<p>&nbsp;<\/p>\n<p>&nbsp;<\/p>\n<p>&nbsp;<\/p>","protected":false},"excerpt":{"rendered":"<p>Sorry, this entry is only available in Turkish. For the sake of viewer convenience, the content is shown below in the alternative language. You may click the link to switch the active language. Sakarya \u00dcniversitesi \u0130leri Teknolojiler Uygulama Toplulu\u011fu \u2013 SA\u0130TEM 2003 y\u0131l\u0131nda Sakarya \u00dcniversitesinde okuyan 2 m\u00fchendislik fak\u00fcltesi \u00f6\u011frencisi taraf\u0131ndan kurulmu\u015ftur. SA\u0130TEM alternatif enerjiler [&hellip;]<\/p>\n","protected":false},"author":1,"featured_media":2686,"comment_status":"open","ping_status":"open","sticky":false,"template":"","format":"standard","meta":[],"categories":[51,53,49],"tags":[219,733,13,730,732,731],"views":1473,"_links":{"self":[{"href":"https:\/\/www.enerjigazetesi.ist\/en\/wp-json\/wp\/v2\/posts\/2678"}],"collection":[{"href":"https:\/\/www.enerjigazetesi.ist\/en\/wp-json\/wp\/v2\/posts"}],"about":[{"href":"https:\/\/www.enerjigazetesi.ist\/en\/wp-json\/wp\/v2\/types\/post"}],"author":[{"embeddable":true,"href":"https:\/\/www.enerjigazetesi.ist\/en\/wp-json\/wp\/v2\/users\/1"}],"replies":[{"embeddable":true,"href":"https:\/\/www.enerjigazetesi.ist\/en\/wp-json\/wp\/v2\/comments?post=2678"}],"version-history":[{"count":4,"href":"https:\/\/www.enerjigazetesi.ist\/en\/wp-json\/wp\/v2\/posts\/2678\/revisions"}],"predecessor-version":[{"id":2689,"href":"https:\/\/www.enerjigazetesi.ist\/en\/wp-json\/wp\/v2\/posts\/2678\/revisions\/2689"}],"wp:featuredmedia":[{"embeddable":true,"href":"https:\/\/www.enerjigazetesi.ist\/en\/wp-json\/wp\/v2\/media\/2686"}],"wp:attachment":[{"href":"https:\/\/www.enerjigazetesi.ist\/en\/wp-json\/wp\/v2\/media?parent=2678"}],"wp:term":[{"taxonomy":"category","embeddable":true,"href":"https:\/\/www.enerjigazetesi.ist\/en\/wp-json\/wp\/v2\/categories?post=2678"},{"taxonomy":"post_tag","embeddable":true,"href":"https:\/\/www.enerjigazetesi.ist\/en\/wp-json\/wp\/v2\/tags?post=2678"}],"curies":[{"name":"wp","href":"https:\/\/api.w.org\/{rel}","templated":true}]}}