{"id":26728,"date":"2014-05-20T15:26:38","date_gmt":"2014-05-20T12:26:38","guid":{"rendered":"https:\/\/www.enerjigazetesi.ist\/?p=26728"},"modified":"2014-05-20T15:26:38","modified_gmt":"2014-05-20T12:26:38","slug":"turkiyenin-en-buyuk-resi-devreye-alindi","status":"publish","type":"post","link":"https:\/\/www.enerjigazetesi.ist\/en\/turkiyenin-en-buyuk-resi-devreye-alindi\/","title":{"rendered":"(Turkish) T\u00fcrkiye\u2019nin En B\u00fcy\u00fck RES\u2019i Devreye Al\u0131nd\u0131!"},"content":{"rendered":"<p class=\"qtranxs-available-languages-message qtranxs-available-languages-message-en\">Sorry, this entry is only available in <a href=\"https:\/\/www.enerjigazetesi.ist\/tr\/wp-json\/wp\/v2\/posts\/26728\" class=\"qtranxs-available-language-link qtranxs-available-language-link-tr\" title=\"Turkish\">Turkish<\/a>. For the sake of viewer convenience, the content is shown below in the alternative language. You may click the link to switch the active language.<\/p><p><strong>Polat Enerji ile Frans\u0131<a href=\"https:\/\/www.enerjigazetesi.ist\/wp-content\/uploads\/2014\/05\/turkiyenin-en-buyuk-resi-devreye-alindi.jpg\"><img loading=\"lazy\" class=\"size-medium wp-image-26729 alignright\" title=\"turkiyenin-en-buyuk-resi-devreye-alindi\" src=\"https:\/\/www.enerjigazetesi.ist\/wp-content\/uploads\/2014\/05\/turkiyenin-en-buyuk-resi-devreye-alindi-300x210.jpg\" alt=\"\" width=\"300\" height=\"210\" srcset=\"https:\/\/www.enerjigazetesi.ist\/wp-content\/uploads\/2014\/05\/turkiyenin-en-buyuk-resi-devreye-alindi-300x210.jpg 300w, https:\/\/www.enerjigazetesi.ist\/wp-content\/uploads\/2014\/05\/turkiyenin-en-buyuk-resi-devreye-alindi-71x50.jpg 71w, https:\/\/www.enerjigazetesi.ist\/wp-content\/uploads\/2014\/05\/turkiyenin-en-buyuk-resi-devreye-alindi.jpg 357w\" sizes=\"(max-width: 300px) 100vw, 300px\" \/><\/a>z EDF Energies Nouvelles \u015firketi ortak projesi olan\u00a0 Geycek r\u00fczg\u00e2r enerjisi santrali\u2019nin devreye al\u0131nd\u0131\u011f\u0131 a\u00e7\u0131kland\u0131.<\/strong><\/p>\n<p>150 MW kurulu g\u00fcc\u00fc ile T\u00fcrkiye\u2019de \u015fimdiye kadar devreye giren en b\u00fcy\u00fck r\u00fczg\u00e2r\u00a0 enerjisi santrali olma \u00f6zelli\u011fi ta\u015f\u0131yan RES\u2019te ticari elektrik \u00fcretimi 18\u00a0 Nisan\u2019da ba\u015flad\u0131.<\/p>\n<p>Santralde Enercon taraf\u0131ndan tedarik edilen 60 adet E-82 E2 \/ 2000 kW ve 10 adet E-82 E3 \/ 3000 kW r\u00fczg\u00e2r t\u00fcrbinleri kullan\u0131ld\u0131.<\/p>\n<p>Kaynak: <a href=\"http:\/\/www.yesilekonomi.com\/yenilenebilir-enerji\/turkiyenin-en-buyuk-resi-devreye-girdi\" target=\"_blank\">Ye\u015fil Ekonomi<\/a><\/p>","protected":false},"excerpt":{"rendered":"<p>Sorry, this entry is only available in Turkish. For the sake of viewer convenience, the content is shown below in the alternative language. You may click the link to switch the active language.Polat Enerji ile Frans\u0131z EDF Energies Nouvelles \u015firketi ortak projesi olan\u00a0 Geycek r\u00fczg\u00e2r enerjisi santrali\u2019nin devreye al\u0131nd\u0131\u011f\u0131 a\u00e7\u0131kland\u0131. 150 MW kurulu g\u00fcc\u00fc ile [&hellip;]<\/p>\n","protected":false},"author":1,"featured_media":26729,"comment_status":"open","ping_status":"open","sticky":false,"template":"","format":"standard","meta":[],"categories":[53,50],"tags":[14936,63,67,1009,165,15129,4487,474,69,16,231],"views":788,"_links":{"self":[{"href":"https:\/\/www.enerjigazetesi.ist\/en\/wp-json\/wp\/v2\/posts\/26728"}],"collection":[{"href":"https:\/\/www.enerjigazetesi.ist\/en\/wp-json\/wp\/v2\/posts"}],"about":[{"href":"https:\/\/www.enerjigazetesi.ist\/en\/wp-json\/wp\/v2\/types\/post"}],"author":[{"embeddable":true,"href":"https:\/\/www.enerjigazetesi.ist\/en\/wp-json\/wp\/v2\/users\/1"}],"replies":[{"embeddable":true,"href":"https:\/\/www.enerjigazetesi.ist\/en\/wp-json\/wp\/v2\/comments?post=26728"}],"version-history":[{"count":1,"href":"https:\/\/www.enerjigazetesi.ist\/en\/wp-json\/wp\/v2\/posts\/26728\/revisions"}],"predecessor-version":[{"id":26730,"href":"https:\/\/www.enerjigazetesi.ist\/en\/wp-json\/wp\/v2\/posts\/26728\/revisions\/26730"}],"wp:featuredmedia":[{"embeddable":true,"href":"https:\/\/www.enerjigazetesi.ist\/en\/wp-json\/wp\/v2\/media\/26729"}],"wp:attachment":[{"href":"https:\/\/www.enerjigazetesi.ist\/en\/wp-json\/wp\/v2\/media?parent=26728"}],"wp:term":[{"taxonomy":"category","embeddable":true,"href":"https:\/\/www.enerjigazetesi.ist\/en\/wp-json\/wp\/v2\/categories?post=26728"},{"taxonomy":"post_tag","embeddable":true,"href":"https:\/\/www.enerjigazetesi.ist\/en\/wp-json\/wp\/v2\/tags?post=26728"}],"curies":[{"name":"wp","href":"https:\/\/api.w.org\/{rel}","templated":true}]}}