{"id":26631,"date":"2014-05-19T10:23:44","date_gmt":"2014-05-19T07:23:44","guid":{"rendered":"https:\/\/www.enerjigazetesi.ist\/?p=26631"},"modified":"2014-05-19T10:23:44","modified_gmt":"2014-05-19T07:23:44","slug":"serbest-bolgelere-elektrik-tuketiciye-satis-sayilacak","status":"publish","type":"post","link":"https:\/\/www.enerjigazetesi.ist\/en\/serbest-bolgelere-elektrik-tuketiciye-satis-sayilacak\/","title":{"rendered":"(Turkish) Serbest B\u00f6lgelere Elektrik T\u00fcketiciye Sat\u0131\u015f Say\u0131lacak&#8230;"},"content":{"rendered":"<p class=\"qtranxs-available-languages-message qtranxs-available-languages-message-en\">Sorry, this entry is only available in <a href=\"https:\/\/www.enerjigazetesi.ist\/tr\/wp-json\/wp\/v2\/posts\/26631\" class=\"qtranxs-available-language-link qtranxs-available-language-link-tr\" title=\"Turkish\">Turkish<\/a>. For the sake of viewer convenience, the content is shown below in the alternative language. You may click the link to switch the active language.<\/p><p><strong>Yurt i\u00e7inden serbest b\u00f6lgelere yap\u0131lan elektrik sat\u0131\u015f\u0131 &#8220;t\u00fcketiciye sat\u0131\u015f&#8221; say\u0131lacak. Elektrik Piyasas\u0131 \u0130thalat ve \u0130hracat Y\u00f6netmeli\u011fi`nin ilgili h\u00fck\u00fcmleri ne g\u00f6re yurt i\u00e7inden serbest b\u00f6lgelere elektrik enerjisi sat\u0131\u015f\u0131, elektrik piyasas\u0131 a\u00e7\u0131s\u0131ndan t\u00fcketicilere yap\u0131lan sat\u0131\u015f olarak de\u011ferlendirilecek.<\/strong><\/p>\n<p>Enerji Piyasas\u0131 D\u00fczenleme Kurumu taraf\u0131ndan haz\u0131rlanan Elektrik Piyasas\u0131 \u0130thalat ve \u0130hracat Y\u00f6netmeli\u011fi, Resmi Gazete`de yay\u0131mlanarak y\u00fcr\u00fcrl\u00fc\u011fe girdi.<\/p>\n<p>Y\u00f6netmelik, elektrik piyasas\u0131nda, elektrik enerjisi ithalat ve ihracat faaliyetine ili\u015fkin usul ve esaslar ile uluslararas\u0131 enterkonneksiyon hatlar\u0131n\u0131n kapasite tahsisine ve s\u0131n\u0131r \u00f6tesi elektrik enerjisi ticaretine y\u00f6nelik kullan\u0131m\u0131na ili\u015fkin esaslar\u0131 d\u00fczenliyor.<\/p>\n<p>Y\u00f6netmeli\u011fe g\u00f6re, Yurt i\u00e7inden serbest b\u00f6lgelere elektrik enerjisi sat\u0131\u015f\u0131, elektrik piyasas\u0131 a\u00e7\u0131s\u0131ndan t\u00fcketicilere yap\u0131lan sat\u0131\u015f olarak de\u011ferlendirilecek ve y\u00f6netmelik h\u00fck\u00fcmleri u<a href=\"https:\/\/www.enerjigazetesi.ist\/wp-content\/uploads\/2014\/05\/serbest-bolgelere-elektrik-tuketiciye-satis-sayilacak.jpg\"><img loading=\"lazy\" class=\"alignleft size-medium wp-image-26632\" title=\"serbest-bolgelere-elektrik-tuketiciye-satis-sayilacak\" src=\"https:\/\/www.enerjigazetesi.ist\/wp-content\/uploads\/2014\/05\/serbest-bolgelere-elektrik-tuketiciye-satis-sayilacak-300x208.jpg\" alt=\"\" width=\"300\" height=\"208\" srcset=\"https:\/\/www.enerjigazetesi.ist\/wp-content\/uploads\/2014\/05\/serbest-bolgelere-elektrik-tuketiciye-satis-sayilacak-300x208.jpg 300w, https:\/\/www.enerjigazetesi.ist\/wp-content\/uploads\/2014\/05\/serbest-bolgelere-elektrik-tuketiciye-satis-sayilacak-500x348.jpg 500w, https:\/\/www.enerjigazetesi.ist\/wp-content\/uploads\/2014\/05\/serbest-bolgelere-elektrik-tuketiciye-satis-sayilacak-71x50.jpg 71w, https:\/\/www.enerjigazetesi.ist\/wp-content\/uploads\/2014\/05\/serbest-bolgelere-elektrik-tuketiciye-satis-sayilacak.jpg 566w\" sizes=\"(max-width: 300px) 100vw, 300px\" \/><\/a>ygulanmayacak.<\/p>\n<p>Ayr\u0131ca, \u0130thalat veya ihracat hakk\u0131 elde eden lisans sahibi t\u00fczel ki\u015filer taraf\u0131ndan tesis edilen hatlar hari\u00e7 olmak \u00fczere, bir enterkonneksiyon hat kapasitesinin kullan\u0131c\u0131ya tahsis s\u00fcresi bir defada 1 y\u0131l\u0131 ge\u00e7emeyecek.<\/p>\n<p><strong>ENTERKONNEKS\u0130YON HATTI KAPAS\u0130TE TAHS\u0130S\u0130 \u0130PTAL\u0130<\/strong><br \/>\nEnterkonneksiyon hatt\u0131 kapasite tahsisinde, tahsis sonras\u0131 k\u0131s\u0131t olmas\u0131 durumu hari\u00e7 olmak \u00fczere hatt\u0131n kapasite kullan\u0131m s\u00fcresi ba\u015flad\u0131ktan sonraki ilk 1 ay ve son 3 ay hari\u00e7 tutulmak \u00fczere her ay sonunda de\u011ferlendirme yap\u0131lacak. Tahsis edilen kapasite dikkate al\u0131nd\u0131\u011f\u0131nda hesaplanacak kullan\u0131m fakt\u00f6r\u00fc itibar\u0131yla, kullan\u0131lan kapasitenin son ay i\u00e7in y\u00fczde 60`tan ya da son \u00fc\u00e7 ay ortalamas\u0131n\u0131n y\u00fczde 70`ten az olmas\u0131 durumunda, enterkonneksiyon hatt\u0131 kapasite tahsisi iptal edilebilecek.<\/p>\n<p>Uluslararas\u0131 enterkonneksiyon \u015fart\u0131 olu\u015fmu\u015f \u00fclkelerden elektrik enerjisi ithalat\u0131 veya ihracat\u0131, Enerji ve Tabii Kaynaklar Bakanl\u0131\u011f\u0131n\u0131n uygun g\u00f6r\u00fc\u015f\u00fc do\u011frultusunda, Enerji Piyasas\u0131 D\u00fczenleme Kurul onay\u0131 ile yap\u0131lacak.<\/p>\n<p>Lisanslar\u0131nda yer almas\u0131 kayd\u0131yla \u00f6zel sekt\u00f6r tedarik lisans\u0131 sahibi \u015firketler, elektrik enerjisi ithalat veya ihracat\u0131 faaliyetlerini; TETA\u015e, h\u00fck\u00fcmetler aras\u0131 anla\u015fmalar kapsam\u0131nda imzalam\u0131\u015f oldu\u011fu elektrik enerjisi ithalat veya ihracat anla\u015fmalar\u0131na uygun elektrik enerjisi ithalat veya ihracat\u0131 faaliyetlerini; \u00fcretim \u015firketleri, elektrik enerjisi ihracat\u0131 faaliyetini y\u00fcr\u00fctebilecek.<\/p>\n<p>Sistem i\u015fleticisi ile uluslararas\u0131 enterkonneksiyon ba\u011flant\u0131s\u0131n\u0131 kullanan lisans sahibi t\u00fczel ki\u015fi aras\u0131nda Enterkonneksiyon Kullan\u0131m Anla\u015fmas\u0131 imzalanacak.<\/p>\n<p>Lisans sahibi t\u00fczel ki\u015filer, ithalat veya ihracat faaliyeti \u00e7er\u00e7evesinde ger\u00e7ekle\u015ftirdikleri s\u0131n\u0131r \u00f6tesi elektrik ticareti faaliyetleri ile ilgili olarak sistem i\u015fleticisine, Enterkonneksiyon Kullan\u0131m Anla\u015fmas\u0131`nda belirtilen bildirimlerde bulunmakla ve mevzuatta yer alan usul ve esaslara g\u00f6re belirlenen \u00f6demeleri yapacak.<\/p>\n<p>G\u00f6revli tedarik \u015firketleri, ithal ettikleri elektrik enerjisinin serbest olmayan t\u00fcketicilere sat\u0131\u015f\u0131n\u0131, elektrik piyasas\u0131 tarifelere ili\u015fkin mevzuat h\u00fck\u00fcmlerine uygun olarak yapacak.<\/p>\n<p><strong>SERBEST B\u00d6LGELER<\/strong><br \/>\nYurt i\u00e7inden serbest b\u00f6lgelere elektrik enerjisi sat\u0131\u015f\u0131, elektrik piyasas\u0131 a\u00e7\u0131s\u0131ndan t\u00fcketicilere yap\u0131lan sat\u0131\u015f olarak de\u011ferlendirilecek ve y\u00f6netmelik h\u00fck\u00fcmleri uygulanmayacak.<\/p>\n<p>Enterkonneksiyon hat kapasitelerinin tahsisi, enterkonneksiyon hat kullan\u0131m\u0131n\u0131n denetimi ve bu hatlardaki k\u0131s\u0131t y\u00f6netimi, TE\u0130A\u015e taraf\u0131ndan y\u00fcr\u00fct\u00fclecek.<\/p>\n<p>Uluslararas\u0131 enterkonneksiyon hatlar\u0131n\u0131n net transfer kapasiteleri, kullan\u0131ma a\u00e7\u0131k kapasiteleri, tahsis edilmi\u015f kapasiteleri, kullan\u0131ma a\u00e7\u0131k kapasitelerin \u00f6ng\u00f6r\u00fclen tahsisat s\u00fcresi ve miktarlar\u0131, sistem k\u0131s\u0131tlar\u0131 ve piyasa \u015fartlar\u0131 dikkate al\u0131narak sistem i\u015fleticisi taraf\u0131ndan hat baz\u0131nda belirlenecek ve ilan edilecek.<\/p>\n<p>Enterkonneksiyon hatlar\u0131n\u0131n kapasite tahsisinde, ulusal elektrik sistemi ve kom\u015fu \u00fclkelere ait elektrik sistemlerinin \u015febeke g\u00fcvenli\u011fini tehlikeye d\u00fc\u015f\u00fcrmeden ve ulusal elektrik sistemi ve kom\u015fu \u00fclkelere ait elektrik sistemlerinin i\u015fletme standartlar\u0131yla uyumlu olacak \u015fekilde m\u00fcmk\u00fcn olan en y\u00fcksek kapasitenin piyasa kat\u0131l\u0131mc\u0131lar\u0131na sunulmas\u0131 esas olacak.<\/p>\n<p>S\u0131n\u0131r b\u00f6lgelerinde elektrik enerjisinin temini amac\u0131yla, teknik gereklilik do\u011fmas\u0131 halinde ge\u00e7ici olarak izole b\u00f6lge y\u00f6ntemiyle elektrik ithalat\u0131na bakanl\u0131\u011f\u0131n uygun g\u00f6r\u00fc\u015f\u00fc do\u011frultusunda kurul taraf\u0131ndan izin verilebilecek.<\/p>\n<p>Y\u00f6netmelikle 1 Haziran 2011`de yay\u0131mlanan Elektrik Piyasas\u0131 \u0130thalat ve \u0130hracat Y\u00f6netmeli\u011fi y\u00fcr\u00fcrl\u00fckten kald\u0131r\u0131ld\u0131.<\/p>\n<p>Kaynak: <a href=\"http:\/\/www.enerjigunlugu.net\/serbest-bolgelere-elektrik-tuketiciye-satis-sayila_8552.html\" target=\"_blank\">Enerji G\u00fcnl\u00fc\u011f\u00fc<\/a><\/p>","protected":false},"excerpt":{"rendered":"<p>Sorry, this entry is only available in Turkish. For the sake of viewer convenience, the content is shown below in the alternative language. You may click the link to switch the active language.Yurt i\u00e7inden serbest b\u00f6lgelere yap\u0131lan elektrik sat\u0131\u015f\u0131 &#8220;t\u00fcketiciye sat\u0131\u015f&#8221; say\u0131lacak. Elektrik Piyasas\u0131 \u0130thalat ve \u0130hracat Y\u00f6netmeli\u011fi`nin ilgili h\u00fck\u00fcmleri ne g\u00f6re yurt i\u00e7inden serbest [&hellip;]<\/p>\n","protected":false},"author":1,"featured_media":26632,"comment_status":"open","ping_status":"open","sticky":false,"template":"","format":"standard","meta":[],"categories":[51,53],"tags":[68,61,63,67,1009,165,750,3286,2947,15054,15055,15056,2705],"views":822,"_links":{"self":[{"href":"https:\/\/www.enerjigazetesi.ist\/en\/wp-json\/wp\/v2\/posts\/26631"}],"collection":[{"href":"https:\/\/www.enerjigazetesi.ist\/en\/wp-json\/wp\/v2\/posts"}],"about":[{"href":"https:\/\/www.enerjigazetesi.ist\/en\/wp-json\/wp\/v2\/types\/post"}],"author":[{"embeddable":true,"href":"https:\/\/www.enerjigazetesi.ist\/en\/wp-json\/wp\/v2\/users\/1"}],"replies":[{"embeddable":true,"href":"https:\/\/www.enerjigazetesi.ist\/en\/wp-json\/wp\/v2\/comments?post=26631"}],"version-history":[{"count":1,"href":"https:\/\/www.enerjigazetesi.ist\/en\/wp-json\/wp\/v2\/posts\/26631\/revisions"}],"predecessor-version":[{"id":26633,"href":"https:\/\/www.enerjigazetesi.ist\/en\/wp-json\/wp\/v2\/posts\/26631\/revisions\/26633"}],"wp:featuredmedia":[{"embeddable":true,"href":"https:\/\/www.enerjigazetesi.ist\/en\/wp-json\/wp\/v2\/media\/26632"}],"wp:attachment":[{"href":"https:\/\/www.enerjigazetesi.ist\/en\/wp-json\/wp\/v2\/media?parent=26631"}],"wp:term":[{"taxonomy":"category","embeddable":true,"href":"https:\/\/www.enerjigazetesi.ist\/en\/wp-json\/wp\/v2\/categories?post=26631"},{"taxonomy":"post_tag","embeddable":true,"href":"https:\/\/www.enerjigazetesi.ist\/en\/wp-json\/wp\/v2\/tags?post=26631"}],"curies":[{"name":"wp","href":"https:\/\/api.w.org\/{rel}","templated":true}]}}