{"id":26583,"date":"2014-05-16T14:29:17","date_gmt":"2014-05-16T11:29:17","guid":{"rendered":"https:\/\/www.enerjigazetesi.ist\/?p=26583"},"modified":"2014-05-16T14:29:45","modified_gmt":"2014-05-16T11:29:45","slug":"orakcioglu-yenilenebilir-enerjiye-destek-cari-acigi-kalici-cozer","status":"publish","type":"post","link":"https:\/\/www.enerjigazetesi.ist\/en\/orakcioglu-yenilenebilir-enerjiye-destek-cari-acigi-kalici-cozer\/","title":{"rendered":"(Turkish) Orak\u00e7\u0131o\u011flu: Yenilenebilir Enerjiye Destek Cari A\u00e7\u0131\u011f\u0131 Kal\u0131c\u0131 \u00c7\u00f6zer&#8230;"},"content":{"rendered":"<p class=\"qtranxs-available-languages-message qtranxs-available-languages-message-en\">Sorry, this entry is only available in <a href=\"https:\/\/www.enerjigazetesi.ist\/tr\/wp-json\/wp\/v2\/posts\/26583\" class=\"qtranxs-available-language-link qtranxs-available-language-link-tr\" title=\"Turkish\">Turkish<\/a>. For the sake of viewer convenience, the content is shown below in the alternative language. You may click the link to switch the active language.<\/p><p><strong>ORKA Holding Ba\u015fkan\u0131 S\u00fcleyman Orak\u00e7\u0131o\u011flu, T\u00fcrkiye`nin y\u0131ll\u0131k enerji ithalat\u0131na e\u015f de\u011ferde cari a\u00e7\u0131k verdi\u011fini ve yenilenebilir enerjiye destek politikalar\u0131n\u0131n cari a\u00e7\u0131k problemini en kal\u0131c\u0131 \u015fekilde \u00e7\u00f6zebilece\u011fini s\u00f6yledi.<\/strong><\/p>\n<p>Turcomoney dergisine piyasalardaki geli\u015fmeleri de\u011ferlendiren ORKA Holding Y\u00f6netim Kurulu Ba\u015fkan\u0131 S\u00fcleyman Orak\u00e7\u0131o\u011flu, T\u00fcrkiye`nin y\u0131ll\u0131k yakla\u015f\u0131k 55-60 milyar dolar cari a\u00e7\u0131k verdi\u011fi hat\u0131rlatarak, \u201cBu rakam T\u00fcrkiye`nin y\u0131ll\u0131k enerji ithalat\u0131na e\u015f de\u011fer. Dolay\u0131s\u0131yla yenilenebilir enerji kaynaklar\u0131 ve yat\u0131r\u0131mlar\u0131yla ilgili olu\u015fturulacak destek politikalar\u0131 cari a\u00e7\u0131k problemini en kal\u0131c\u0131 \u015fekilde \u00e7\u00f6zebilir.&#8221; dedi.<a href=\"https:\/\/www.enerjigazetesi.ist\/wp-content\/uploads\/2014\/05\/orakcioglu-yenilenebilir-enerjiye-destek-cari-acigi-kalici-cozer.jpg\"><img loading=\"lazy\" class=\"alignleft size-medium wp-image-26584\" title=\"orakcioglu-yenilenebilir-enerjiye-destek-cari-acigi-kalici-cozer\" src=\"https:\/\/www.enerjigazetesi.ist\/wp-content\/uploads\/2014\/05\/orakcioglu-yenilenebilir-enerjiye-destek-cari-acigi-kalici-cozer-300x210.jpg\" alt=\"\" width=\"300\" height=\"210\" srcset=\"https:\/\/www.enerjigazetesi.ist\/wp-content\/uploads\/2014\/05\/orakcioglu-yenilenebilir-enerjiye-destek-cari-acigi-kalici-cozer-300x210.jpg 300w, https:\/\/www.enerjigazetesi.ist\/wp-content\/uploads\/2014\/05\/orakcioglu-yenilenebilir-enerjiye-destek-cari-acigi-kalici-cozer-71x50.jpg 71w, https:\/\/www.enerjigazetesi.ist\/wp-content\/uploads\/2014\/05\/orakcioglu-yenilenebilir-enerjiye-destek-cari-acigi-kalici-cozer.jpg 391w\" sizes=\"(max-width: 300px) 100vw, 300px\" \/><\/a><\/p>\n<p><strong>KURAKLIK ELEKTR\u0130K \u0130THAL ETT\u0130RECEK<\/strong><\/p>\n<p>Orak\u00e7\u0131o\u011flu, son aylarda ya\u015fanan kurakl\u0131k nedeniyle elektrik ithal etmemiz gerekece\u011fini belirterek, \u201cPetrolde y\u00fczde 92, do\u011falgazda y\u00fczde 98 d\u0131\u015fa ba\u011f\u0131ml\u0131y\u0131z. Bu tablo g\u00f6z \u00f6n\u00fcnde tutulmal\u0131 ve enerjide ithalata ba\u011f\u0131ml\u0131l\u0131\u011f\u0131 azaltacak ad\u0131mlar at\u0131lmal\u0131` dedi.<\/p>\n<p><strong>EKONOM\u0130DE OLUMLU BEKLENT\u0130LER YEN\u0130DEN CANLANDI<\/strong><\/p>\n<p>Orak\u00e7\u0131o\u011flu, se\u00e7im sonras\u0131 olu\u015fan iyimser beklentiyle kur ve faizlerde hissedilir gerileme ya\u015fand\u0131\u011f\u0131n\u0131, uluslararas\u0131 piyasalardaki hareketlilik ve para ak\u0131\u015f\u0131n\u0131n yeniden geli\u015fen \u00fclkelere \u00e7evrilmesiyle, T\u00fcrkiye`de borsan\u0131n y\u00fckseldi\u011fini belirterek, \u201cBu tablo ekonomiye d\u00f6n\u00fck olumlu beklentilerin yeniden canland\u0131\u011f\u0131na i\u015faret ediyor` dedi.<\/p>\n<p>Rusya-Ukrayna krizinin, T\u00fcrkiye`nin \u00f6nemini bir kez daha ortaya koydu\u011funu belirten Orak\u00e7\u0131o\u011flu, `Buradaki etki \u00e7ift tarafl\u0131 d\u00fc\u015f\u00fcn\u00fclebilir hem s\u00f6z konusu \u00fclkelere gidecek uluslararas\u0131 sermaye hem de ciddi miktardaki Rus sermayesi olas\u0131 yapt\u0131r\u0131mlardan etkilenmemek i\u00e7in \u00fclkemize y\u00f6nelebilecek\u201d dedi.<\/p>\n<p>Kaynak: <a href=\"http:\/\/www.enerjigunlugu.net\/orakcioglu:-yenilenebilir-enerjiye-destek-cari-aci_8526.html\" target=\"_blank\">Enerji G\u00fcnl\u00fc\u011f\u00fc<\/a><\/p>","protected":false},"excerpt":{"rendered":"<p>Sorry, this entry is only available in Turkish. For the sake of viewer convenience, the content is shown below in the alternative language. You may click the link to switch the active language.ORKA Holding Ba\u015fkan\u0131 S\u00fcleyman Orak\u00e7\u0131o\u011flu, T\u00fcrkiye`nin y\u0131ll\u0131k enerji ithalat\u0131na e\u015f de\u011ferde cari a\u00e7\u0131k verdi\u011fini ve yenilenebilir enerjiye destek politikalar\u0131n\u0131n cari a\u00e7\u0131k problemini en [&hellip;]<\/p>\n","protected":false},"author":1,"featured_media":26584,"comment_status":"open","ping_status":"open","sticky":false,"template":"","format":"standard","meta":[],"categories":[53,49,50],"tags":[1575,15034,68,67,1009,94,165,227,12313,15033,69,105],"views":684,"_links":{"self":[{"href":"https:\/\/www.enerjigazetesi.ist\/en\/wp-json\/wp\/v2\/posts\/26583"}],"collection":[{"href":"https:\/\/www.enerjigazetesi.ist\/en\/wp-json\/wp\/v2\/posts"}],"about":[{"href":"https:\/\/www.enerjigazetesi.ist\/en\/wp-json\/wp\/v2\/types\/post"}],"author":[{"embeddable":true,"href":"https:\/\/www.enerjigazetesi.ist\/en\/wp-json\/wp\/v2\/users\/1"}],"replies":[{"embeddable":true,"href":"https:\/\/www.enerjigazetesi.ist\/en\/wp-json\/wp\/v2\/comments?post=26583"}],"version-history":[{"count":2,"href":"https:\/\/www.enerjigazetesi.ist\/en\/wp-json\/wp\/v2\/posts\/26583\/revisions"}],"predecessor-version":[{"id":26587,"href":"https:\/\/www.enerjigazetesi.ist\/en\/wp-json\/wp\/v2\/posts\/26583\/revisions\/26587"}],"wp:featuredmedia":[{"embeddable":true,"href":"https:\/\/www.enerjigazetesi.ist\/en\/wp-json\/wp\/v2\/media\/26584"}],"wp:attachment":[{"href":"https:\/\/www.enerjigazetesi.ist\/en\/wp-json\/wp\/v2\/media?parent=26583"}],"wp:term":[{"taxonomy":"category","embeddable":true,"href":"https:\/\/www.enerjigazetesi.ist\/en\/wp-json\/wp\/v2\/categories?post=26583"},{"taxonomy":"post_tag","embeddable":true,"href":"https:\/\/www.enerjigazetesi.ist\/en\/wp-json\/wp\/v2\/tags?post=26583"}],"curies":[{"name":"wp","href":"https:\/\/api.w.org\/{rel}","templated":true}]}}