{"id":26521,"date":"2014-05-15T15:48:29","date_gmt":"2014-05-15T12:48:29","guid":{"rendered":"https:\/\/www.enerjigazetesi.ist\/?p=26521"},"modified":"2014-05-15T15:57:35","modified_gmt":"2014-05-15T12:57:35","slug":"turk-alman-isbirligi-ile-gunes-enerjisine-50-milyon-tllik-yatirim","status":"publish","type":"post","link":"https:\/\/www.enerjigazetesi.ist\/en\/turk-alman-isbirligi-ile-gunes-enerjisine-50-milyon-tllik-yatirim\/","title":{"rendered":"(Turkish) T\u00fcrk, Alman \u0130\u015fbirli\u011fi ile G\u00fcne\u015f Enerjisine 50 Milyon TL&#8217;lik Yat\u0131r\u0131m&#8230;"},"content":{"rendered":"<p class=\"qtranxs-available-languages-message qtranxs-available-languages-message-en\">Sorry, this entry is only available in <a href=\"https:\/\/www.enerjigazetesi.ist\/tr\/wp-json\/wp\/v2\/posts\/26521\" class=\"qtranxs-available-language-link qtranxs-available-language-link-tr\" title=\"Turkish\">Turkish<\/a>. For the sake of viewer convenience, the content is shown below in the alternative language. You may click the link to switch the active language.<\/p><p><\/p>\n<p style=\"text-align: left;\" align=\"center\"><strong>Alman men\u015feili SUNFARMING Eurasia ve ERKANLI Grup, g\u00fcne\u015f enerjisi (fotovoltaik) yat\u0131r\u0131m\u0131 yapmak \u00fczere anla\u015fma yapt\u0131. Anla\u015fma ile, 2014 y\u0131l\u0131nda toplam 50 milyon TL\u2019lik yat\u0131r\u0131m yap\u0131lmas\u0131 \u00f6ng\u00f6r\u00fcl\u00fcyor. \u0130\u015fbirli\u011fi \u00e7er\u00e7evesinde, end\u00fcstriyel \u00e7at\u0131lara kurulum, sanayii \u015firketlerinin enerji tasarrufu sa\u011flayabilmesinin yan\u0131 s\u0131ra kentsel d\u00f6n\u00fc\u015f\u00fcm projelerinde her binan\u0131n kendi elektri\u011fini kar\u015f\u0131layabilmesi i\u00e7in fotovotaik sistemlerin kurulmas\u0131 sa\u011flanacak.<\/strong><\/p>\n<p style=\"text-align: left;\" align=\"center\">Gelecek nesillere daha temiz bir d\u00fcnya b\u0131rakmak, g\u00fcn\u00fcm\u00fczde t\u00fcm \u015firketler i\u00e7in \u00f6n planda yer al\u0131yor.\u00a0 Bu s\u00fcre\u00e7te de g\u00fcne\u015f gibi yenilenebilir enerji kaynaklar\u0131 \u00f6nem kazan\u0131yor.<\/p>\n<p>\u00a0\u00c7evre dostu, yenilenebilir enerji yat\u0131r\u0131mlar\u0131nda \u00f6nc\u00fc rol \u00fcstlenen ERKANLI Grup ve d\u00fcnyan\u0131n \u00f6nde gelen fotovoltaik uzmanlar\u0131ndan SUNFARMING de bu sorumlulug\u0306a riayet ediyor. Bu ama\u00e7la iki \u015firket, T\u00fcrkiye\u2019de ilklerden birine imza atarak toplam 50 milyon TL\u2019lik g\u00fcne\u015f enerjisi yat\u0131r\u0131m\u0131<a href=\"https:\/\/www.enerjigazetesi.ist\/wp-content\/uploads\/2014\/05\/sunfarming_1.jpg\"><img loading=\"lazy\" class=\"alignleft size-medium wp-image-26522\" title=\"sunfarming_1\" src=\"https:\/\/www.enerjigazetesi.ist\/wp-content\/uploads\/2014\/05\/sunfarming_1-300x262.jpg\" alt=\"\" width=\"300\" height=\"262\" srcset=\"https:\/\/www.enerjigazetesi.ist\/wp-content\/uploads\/2014\/05\/sunfarming_1-300x262.jpg 300w, https:\/\/www.enerjigazetesi.ist\/wp-content\/uploads\/2014\/05\/sunfarming_1-1024x896.jpg 1024w, https:\/\/www.enerjigazetesi.ist\/wp-content\/uploads\/2014\/05\/sunfarming_1-456x400.jpg 456w, https:\/\/www.enerjigazetesi.ist\/wp-content\/uploads\/2014\/05\/sunfarming_1-57x50.jpg 57w, https:\/\/www.enerjigazetesi.ist\/wp-content\/uploads\/2014\/05\/sunfarming_1.jpg 1064w\" sizes=\"(max-width: 300px) 100vw, 300px\" \/><\/a> anla\u015fmas\u0131 imzalad\u0131.<\/p>\n<p>G\u00fcne\u015f enerjisi yat\u0131r\u0131mlar\u0131 konusunda d\u00fcnyada s\u00f6z sahibi olan, ocak ay\u0131nda SUNFARMING Eurasia Enerji \u00dcretim A.\u015e\u2019yi kurarak T\u00fcrkiye pazar\u0131na giren SUNFARMING, ERKANLI Grup ile yapt\u0131\u011f\u0131 i\u015fbirli\u011fi \u00e7er\u00e7evesinde, end\u00fcstriyel \u00e7at\u0131lara kurulum ve ERKANLI Grup portf\u00f6y\u00fcnde yer alan sanayi \u015firketlerine enerji tasarrufu ile temiz enerji yat\u0131r\u0131m\u0131 i\u00e7in f\u0131rsat sa\u011flayacak. Bunlara ek olarak, kentsel d\u00f6n\u00fc\u015f\u00fcm projelerinde her binan\u0131n kendi elektri\u011fini kar\u015f\u0131layabilmesi i\u00e7in fotovotaik sistemlerin kurulumu ger\u00e7ekle\u015ftirilecek.<\/p>\n<p>Anla\u015fman\u0131n duyuruldu\u011fu bas\u0131n toplant\u0131s\u0131nda konu\u015fan Sunfarming Eurasia Enerji \u00dcretim A.\u015e Y\u00f6netim Kurulu Ba\u015fkan\u0131 ve CEO\u2019su \u015eahin Balkan, SUNFARMING ve ERKANLI Grubu\u2019nun bu yat\u0131r\u0131m ile enerji konusunda d\u0131\u015fa ba\u011f\u0131ml\u0131 bir \u00fclke olan T\u00fcrkiye\u2019nin enerji ithalat\u0131ndan s\u0131yr\u0131lmas\u0131na destek olmay\u0131 hedeflediklerini s\u00f6yledi.<\/p>\n<p>Her ticari i\u015fletmenin g\u00fcne\u015ften faydalanarak kendi \u00f6z t\u00fcketimini kar\u015f\u0131layabilece\u011fini g\u00f6sterme konusunda da \u00f6nc\u00fc olmay\u0131 hedeflediklerine de i\u015faret eden Balkan, \u201cYat\u0131r\u0131mc\u0131lara Alman devlet bankalar\u0131ndan 15 y\u0131la kadar vadeli uygun faizli kredi sa\u011flayabiliyoruz. Bu sistemler kendilerini 8-9 y\u0131lda amorti ediyor. Kendileri direkt yat\u0131r\u0131m yapmadan \u00e7at\u0131lar\u0131na bu sistemden kurdurmak isteyenlere de al\u0131m yapma garantisi vermeleri \u015fart\u0131yla sistemi biz kurabiliyoruz\u201d dedi.<\/p>\n<p>G\u00fcne\u015f enerjisi yat\u0131r\u0131mlar\u0131nda son y\u0131llarda yat\u0131r\u0131m maliyetlerinin d\u00fc\u015ft\u00fc\u011f\u00fcne de i\u015faret eden Balkan, 2005 y\u0131l\u0131nda 1 MWp\u2019lik yat\u0131r\u0131m\u0131n 5-6 milyon Euro\u2019ya kurulurken, bug\u00fcn bu rakam\u0131n 1,5 milyon Euro\u2019ya kadar d\u00fc\u015ft\u00fc\u011f\u00fcne dikkat \u00e7ekti.<\/p>\n<p>\u00dc\u00e7 y\u0131ll\u0131k g\u00f6r\u00fc\u015fmeler sonras\u0131nda i\u015f birli\u011fi yapma karar\u0131 ald\u0131klar\u0131n\u0131 belirten Erkanl\u0131 Holding Y\u00f6netim Kurulu Ba\u015fkan\u0131 H\u00fcseyin Erkanl\u0131, \u201cBir yat\u0131r\u0131m i\u00e7in y\u00fczde 75\u2019lik d\u0131\u015f kaynak getirmek bir firman\u0131n g\u00fcvenilirli\u011fini g\u00f6steriyor. Biz de bu yat\u0131r\u0131m\u0131m\u0131zla g\u00fcvenilirli\u011fimizi kan\u0131tlad\u0131k. G\u00fcne\u015f enerjisinin k\u0131sa ve orta vadede \u00f6ne \u00e7\u0131kaca\u011f\u0131n\u0131, g\u00fcne\u015f enerjisinin gelece\u011fin teknolojisi olaca\u011f\u0131n\u0131 d\u00fc\u015f\u00fcn\u00fcyorum\u201d dedi.<\/p>\n<p>Erkanl\u0131, Soma\u2019da ya\u015fanan y\u00fcrek burkucu olay\u0131n ard\u0131ndan enerji kaynaklar\u0131n\u0131n \u00e7e\u015fitlendirilmesinin \u00f6neminin bir kez daha ortaya \u00e7\u0131kt\u0131\u011f\u0131na i\u015faret ederek, g\u00fcne\u015f, r\u00fczgar gibi yenilenebilir enerji yat\u0131r\u0131mlar\u0131n\u0131n artmas\u0131 gerekti\u011fini vurgulad\u0131.<\/p>\n<p>H\u00fcseyin Erkanl\u0131, yapt\u0131klar\u0131 Exclusive (m\u00fcnhas\u0131rl\u0131k) anla\u015fmas\u0131 ile kendi tesislerine fotovoltaik sistemler kurdurman\u0131n yan\u0131 s\u0131ra, sanayi tesisleri ve AVM\u2019ler gibi ba\u015fka binalara da kurulum yap\u0131lmas\u0131 konusunda i\u015f birli\u011fi yapacaklar\u0131n\u0131 da s\u00f6yledi.<\/p>\n<p>Kentsel d\u00f6n\u00fc\u015f\u00fcm \u00e7al\u0131\u015fmalar\u0131 \u00e7er\u00e7evesinde kat malikleriyle yapt\u0131klar\u0131 toplant\u0131larda insanlar\u0131n yeni yap\u0131lacak binalarda aidatlar\u0131n ne olaca\u011f\u0131 konusuna odaklan\u0131p ona g\u00f6re firma se\u00e7tiklerini tespit ettiklerini belirten Erkanl\u0131 \u015f\u00f6yle devam etti:<\/p>\n<p>\u201cAidatlar kimi projelerde 750 ila 1000 TL\u2019lere kadar \u00e7\u0131kabiliyor. Burada kentsel d\u00f6n\u00fc\u015f\u00fcmde in\u015fa edece\u011fimiz projelerde asans\u00f6r, sosyal tesisler, \u00e7evre ayd\u0131nlatmas\u0131 gibi ortak alanlar\u0131n enerjisini \u00fcretecek bu sistemleri kurdurmak \u00fczere anla\u015ft\u0131k. B\u00f6ylece aidatlar\u0131n y\u00fczde 15-20 oran\u0131nda d\u00fc\u015fmesini sa\u011flayaca\u011f\u0131z.\u201d<\/p>\n<p><strong>\u0130lk sipari\u015f verildi&#8230;<\/strong><\/p>\n<p>2014 y\u0131l\u0131nda y\u00fczde 25\u2019i yerli, y\u00fczde 75\u2019i yabanc\u0131 kaynakl\u0131 olmak \u00fczere toplam 50 milyon TL\u2019lik g\u00fcne\u015f enerjisi yat\u0131r\u0131m\u0131 yap\u0131lmas\u0131 planlan\u0131rken bu \u00e7er\u00e7evede; ERKANLI Grubu Ni\u011fde, Konya ve Mersin\u2019de kendi enerji b\u00f6l\u00fcm\u00fc i\u00e7in 2 MWp\u2019i a\u015fan ilk sipari\u015fini SUNFARMING Eurasia\u2019ya verdi. Bahsi ge\u00e7en yat\u0131r\u0131mlara iki ay i\u00e7inde ba\u015flanacak.<\/p>\n<p>T\u00fcrkiye\u2019de \u015fu anda 20 MWp\u2019l\u0131k g\u00fcne\u015f enerjisi kurulu g\u00fcc\u00fc bulunurken, i\u015fbirli\u011fi \u00e7er\u00e7evesinde ayr\u0131ca T\u00fcrkiye\u2019nin di\u011fer g\u00fcne\u015fli b\u00f6lgelerinde bu y\u0131l i\u00e7inde 10 MWp\u2019i a\u015fan G\u00fcne\u015f Santrali (GES) yat\u0131r\u0131mlar\u0131 da yap\u0131lmas\u0131 planlan\u0131yor.<\/p>\n<p>SUNFARMING Eurasia T\u00fcrkiye\u2019deki potansiyeli g\u00f6rerek, kendi b\u00fcnyesinde kalacak \u015fekilde 10 milyon TL\u2019yi a\u015fan g\u00fcne\u015f enerjisi yat\u0131r\u0131m\u0131 da yapacak.<\/p>\n<p>Kaynak: Enerji Gazetesi<\/p>","protected":false},"excerpt":{"rendered":"<p>Sorry, this entry is only available in Turkish. For the sake of viewer convenience, the content is shown below in the alternative language. You may click the link to switch the active language. Alman men\u015feili SUNFARMING Eurasia ve ERKANLI Grup, g\u00fcne\u015f enerjisi (fotovoltaik) yat\u0131r\u0131m\u0131 yapmak \u00fczere anla\u015fma yapt\u0131. Anla\u015fma ile, 2014 y\u0131l\u0131nda toplam 50 milyon [&hellip;]<\/p>\n","protected":false},"author":1,"featured_media":26522,"comment_status":"open","ping_status":"open","sticky":false,"template":"","format":"standard","meta":[],"categories":[53,49],"tags":[929,63,14999,13,14998,846,1286],"views":923,"_links":{"self":[{"href":"https:\/\/www.enerjigazetesi.ist\/en\/wp-json\/wp\/v2\/posts\/26521"}],"collection":[{"href":"https:\/\/www.enerjigazetesi.ist\/en\/wp-json\/wp\/v2\/posts"}],"about":[{"href":"https:\/\/www.enerjigazetesi.ist\/en\/wp-json\/wp\/v2\/types\/post"}],"author":[{"embeddable":true,"href":"https:\/\/www.enerjigazetesi.ist\/en\/wp-json\/wp\/v2\/users\/1"}],"replies":[{"embeddable":true,"href":"https:\/\/www.enerjigazetesi.ist\/en\/wp-json\/wp\/v2\/comments?post=26521"}],"version-history":[{"count":7,"href":"https:\/\/www.enerjigazetesi.ist\/en\/wp-json\/wp\/v2\/posts\/26521\/revisions"}],"predecessor-version":[{"id":26529,"href":"https:\/\/www.enerjigazetesi.ist\/en\/wp-json\/wp\/v2\/posts\/26521\/revisions\/26529"}],"wp:featuredmedia":[{"embeddable":true,"href":"https:\/\/www.enerjigazetesi.ist\/en\/wp-json\/wp\/v2\/media\/26522"}],"wp:attachment":[{"href":"https:\/\/www.enerjigazetesi.ist\/en\/wp-json\/wp\/v2\/media?parent=26521"}],"wp:term":[{"taxonomy":"category","embeddable":true,"href":"https:\/\/www.enerjigazetesi.ist\/en\/wp-json\/wp\/v2\/categories?post=26521"},{"taxonomy":"post_tag","embeddable":true,"href":"https:\/\/www.enerjigazetesi.ist\/en\/wp-json\/wp\/v2\/tags?post=26521"}],"curies":[{"name":"wp","href":"https:\/\/api.w.org\/{rel}","templated":true}]}}