{"id":26398,"date":"2014-05-13T16:47:47","date_gmt":"2014-05-13T13:47:47","guid":{"rendered":"https:\/\/www.enerjigazetesi.ist\/?p=26398"},"modified":"2014-05-13T16:47:47","modified_gmt":"2014-05-13T13:47:47","slug":"kirsehirde-150-mwlik-geycek-ruzgar-enerji-santrali-devreye-alindi","status":"publish","type":"post","link":"https:\/\/www.enerjigazetesi.ist\/en\/kirsehirde-150-mwlik-geycek-ruzgar-enerji-santrali-devreye-alindi\/","title":{"rendered":"(Turkish) K\u0131r\u015fehir\u2019de 150 MW\u2019lik Geycek R\u00fczgar Enerji Santrali Devreye Al\u0131nd\u0131!"},"content":{"rendered":"<p class=\"qtranxs-available-languages-message qtranxs-available-languages-message-en\">Sorry, this entry is only available in <a href=\"https:\/\/www.enerjigazetesi.ist\/tr\/wp-json\/wp\/v2\/posts\/26398\" class=\"qtranxs-available-language-link qtranxs-available-language-link-tr\" title=\"Turkish\">Turkish<\/a>. For the sake of viewer convenience, the content is shown below in the alternative language. You may click the link to switch the active language.<\/p><p><strong>K\u0131r\u015fehir\u2019in Mucur il\u00e7esinde ya<a href=\"https:\/\/www.enerjigazetesi.ist\/wp-content\/uploads\/2014\/05\/kirsehirde-150-mwlik-geycek-ruzgar-enerji-santrali-devreye-alindi.jpg\"><img loading=\"lazy\" class=\"alignleft size-medium wp-image-26399\" title=\"kirsehirde-150-mwlik-geycek-ruzgar-enerji-santrali-devreye-alindi\" src=\"https:\/\/www.enerjigazetesi.ist\/wp-content\/uploads\/2014\/05\/kirsehirde-150-mwlik-geycek-ruzgar-enerji-santrali-devreye-alindi-300x197.jpg\" alt=\"\" width=\"300\" height=\"197\" srcset=\"https:\/\/www.enerjigazetesi.ist\/wp-content\/uploads\/2014\/05\/kirsehirde-150-mwlik-geycek-ruzgar-enerji-santrali-devreye-alindi-300x197.jpg 300w, https:\/\/www.enerjigazetesi.ist\/wp-content\/uploads\/2014\/05\/kirsehirde-150-mwlik-geycek-ruzgar-enerji-santrali-devreye-alindi-500x329.jpg 500w, https:\/\/www.enerjigazetesi.ist\/wp-content\/uploads\/2014\/05\/kirsehirde-150-mwlik-geycek-ruzgar-enerji-santrali-devreye-alindi-75x50.jpg 75w, https:\/\/www.enerjigazetesi.ist\/wp-content\/uploads\/2014\/05\/kirsehirde-150-mwlik-geycek-ruzgar-enerji-santrali-devreye-alindi.jpg 510w\" sizes=\"(max-width: 300px) 100vw, 300px\" \/><\/a>p\u0131m\u0131 tamamlanan Geycek R\u00fczgar Enerji Santralinin devreye al\u0131nd\u0131\u011f\u0131 bildirildi.<\/strong><\/p>\n<p>Frans\u0131z yenilenebilir enerji \u015firketi EDF Energies Nouvelles\u2019ten yap\u0131lan yaz\u0131l\u0131 a\u00e7\u0131klamada, T\u00fcrkiye\u2019deki ortaklar\u0131 Polat Enerji taraf\u0131ndan K\u0131r\u015fehir Mucur\u2019da yap\u0131m\u0131 tamamlanan 150 MW\u2019lik kurulu g\u00fcce sahip Geycek R\u00fczgar Enerji Santralinin devreye al\u0131nd\u0131\u011f\u0131 belirtildi. A\u00e7\u0131klamada, \u201cEDF Energies Nouvelles, T\u00fcrk r\u00fczgar enerjisi pazar\u0131na ba\u011fl\u0131l\u0131\u011f\u0131n\u0131 bir kez daha teyit ediyor\u201d denildi.<\/p>\n<p>Yat\u0131r\u0131m tutar\u0131 yakla\u015f\u0131k 190 milyon avro olan santralin y\u0131lda 384 milyon kWh elektrik \u00fcretmesi ve 191 bin 500 ki\u015finin elektrik ihtiyac\u0131n\u0131 kar\u015f\u0131lamas\u0131 bekleniyor.<\/p>\n<p>Kaynak: <a title=\"man\u015fet tv\" href=\"http:\/\/www.mansettv.com\/haber\/geycek-ruzgar-enerji-santrali-devreye-alindi-112641.html\" rel=\"nofollow\" target=\"_blank\">man\u015fet tv<\/a><\/p>","protected":false},"excerpt":{"rendered":"<p>Sorry, this entry is only available in Turkish. For the sake of viewer convenience, the content is shown below in the alternative language. You may click the link to switch the active language.K\u0131r\u015fehir\u2019in Mucur il\u00e7esinde yap\u0131m\u0131 tamamlanan Geycek R\u00fczgar Enerji Santralinin devreye al\u0131nd\u0131\u011f\u0131 bildirildi. Frans\u0131z yenilenebilir enerji \u015firketi EDF Energies Nouvelles\u2019ten yap\u0131lan yaz\u0131l\u0131 a\u00e7\u0131klamada, T\u00fcrkiye\u2019deki [&hellip;]<\/p>\n","protected":false},"author":1,"featured_media":26399,"comment_status":"open","ping_status":"open","sticky":false,"template":"","format":"standard","meta":[],"categories":[53,50],"tags":[14936,1478,63,67,1009,165,14937,14938,4487,474,69,16,231,14939,1286],"views":1905,"_links":{"self":[{"href":"https:\/\/www.enerjigazetesi.ist\/en\/wp-json\/wp\/v2\/posts\/26398"}],"collection":[{"href":"https:\/\/www.enerjigazetesi.ist\/en\/wp-json\/wp\/v2\/posts"}],"about":[{"href":"https:\/\/www.enerjigazetesi.ist\/en\/wp-json\/wp\/v2\/types\/post"}],"author":[{"embeddable":true,"href":"https:\/\/www.enerjigazetesi.ist\/en\/wp-json\/wp\/v2\/users\/1"}],"replies":[{"embeddable":true,"href":"https:\/\/www.enerjigazetesi.ist\/en\/wp-json\/wp\/v2\/comments?post=26398"}],"version-history":[{"count":2,"href":"https:\/\/www.enerjigazetesi.ist\/en\/wp-json\/wp\/v2\/posts\/26398\/revisions"}],"predecessor-version":[{"id":26401,"href":"https:\/\/www.enerjigazetesi.ist\/en\/wp-json\/wp\/v2\/posts\/26398\/revisions\/26401"}],"wp:featuredmedia":[{"embeddable":true,"href":"https:\/\/www.enerjigazetesi.ist\/en\/wp-json\/wp\/v2\/media\/26399"}],"wp:attachment":[{"href":"https:\/\/www.enerjigazetesi.ist\/en\/wp-json\/wp\/v2\/media?parent=26398"}],"wp:term":[{"taxonomy":"category","embeddable":true,"href":"https:\/\/www.enerjigazetesi.ist\/en\/wp-json\/wp\/v2\/categories?post=26398"},{"taxonomy":"post_tag","embeddable":true,"href":"https:\/\/www.enerjigazetesi.ist\/en\/wp-json\/wp\/v2\/tags?post=26398"}],"curies":[{"name":"wp","href":"https:\/\/api.w.org\/{rel}","templated":true}]}}