{"id":26354,"date":"2014-05-13T10:12:31","date_gmt":"2014-05-13T07:12:31","guid":{"rendered":"https:\/\/www.enerjigazetesi.ist\/?p=26354"},"modified":"2014-05-13T10:12:31","modified_gmt":"2014-05-13T07:12:31","slug":"ruhani-nukleer-teknoloji-konusunda-geri-adim-yok","status":"publish","type":"post","link":"https:\/\/www.enerjigazetesi.ist\/en\/ruhani-nukleer-teknoloji-konusunda-geri-adim-yok\/","title":{"rendered":"(Turkish) Ruhani: \u2018N\u00fckleer Teknoloji Konusunda Geri Ad\u0131m Yok!\u2019"},"content":{"rendered":"<p class=\"qtranxs-available-languages-message qtranxs-available-languages-message-en\">Sorry, this entry is only available in <a href=\"https:\/\/www.enerjigazetesi.ist\/tr\/wp-json\/wp\/v2\/posts\/26354\" class=\"qtranxs-available-language-link qtranxs-available-language-link-tr\" title=\"Turkish\">Turkish<\/a>. For the sake of viewer convenience, the content is shown below in the alternative language. You may click the link to switch the active language.<\/p><p><strong>\u0130ran\u2019da se\u00e7ildikten sonra Bat\u0131 ile aray\u0131 d\u00fczeltme y\u00f6n\u00fcnde \u00f6nemli ad\u0131mlar atan Cumhurba\u015fkan\u0131 Hasan Ruhani, n\u00fckleer teknoloji konusunda geri ad\u0131m atmayacaklar\u0131n\u0131 s\u00f6yledi. Sa\u011fl\u0131k alan\u0131nda \u00fc\u00e7 yeni n\u00fckleer projenin tan\u0131t\u0131m toplant\u0131s\u0131nda konu\u015fan Ruhani, \u201cN\u00fckleer teknoloji alan\u0131nda geri ad\u0131m atmayacak ve bu alandaki ayr\u0131mc\u0131l\u0131\u011fa boyun e\u011fmeyece\u011fiz\u201d diye konu\u015ftu.<\/strong><\/p>\n<p>Bilim ve teknoloji \u00e7al\u0131\u015fmalar\u0131n\u0131n yan\u0131nda yasal, siyasi ve tan\u0131t\u0131m faaliyetlerini de e\u015fzamanl\u0131 y\u00fcr\u00fctmek zorunda olduklar\u0131n\u0131 belirten Cumhurba\u015fkan\u0131 Ruhani \u015f\u00f6yle konu\u015ftu.<\/p>\n<p>\u201cBu konuda e\u015fzamanl\u0131 ve \u00e7ok y\u00f6nl\u00fc bir \u00e7abaya ihtiya\u00e7 var. Sadece bilim alan\u0131nda faaliyetlerinizi s\u00fcrd\u00fcr\u00fcp, hukuk, siyaset ve propaganda alanlar\u0131nda aktif olmazsan\u0131z hayal \u00fcr\u00fcn\u00fc bahanelerle size sorun \u00e7\u0131karabilirler ve uluslararas\u0131 kamuoyunda aleyhinize olumsuz bir atmosfer olu\u015fturabilirler.<a href=\"https:\/\/www.enerjigazetesi.ist\/wp-content\/uploads\/2014\/05\/ruhani-nukleer-teknoloji-konusunda-geri-adim-yok.jpg\"><img loading=\"lazy\" class=\"alignleft size-medium wp-image-26355\" title=\"ruhani-nukleer-teknoloji-konusunda-geri-adim-yok\" src=\"https:\/\/www.enerjigazetesi.ist\/wp-content\/uploads\/2014\/05\/ruhani-nukleer-teknoloji-konusunda-geri-adim-yok-300x207.jpg\" alt=\"\" width=\"300\" height=\"207\" srcset=\"https:\/\/www.enerjigazetesi.ist\/wp-content\/uploads\/2014\/05\/ruhani-nukleer-teknoloji-konusunda-geri-adim-yok-300x207.jpg 300w, https:\/\/www.enerjigazetesi.ist\/wp-content\/uploads\/2014\/05\/ruhani-nukleer-teknoloji-konusunda-geri-adim-yok-72x50.jpg 72w, https:\/\/www.enerjigazetesi.ist\/wp-content\/uploads\/2014\/05\/ruhani-nukleer-teknoloji-konusunda-geri-adim-yok.jpg 492w\" sizes=\"(max-width: 300px) 100vw, 300px\" \/><\/a>\u201d<\/p>\n<p>Politikalar\u0131n\u0131n t\u00fcm bu faaliyetleri dengeli bir \u015fekilde yan yana y\u00fcr\u00fctmek oldu\u011funu ifade eden Ruhani, \u201cNiyetimiz teknoloji alan\u0131nda bir ad\u0131m dahi geri ad\u0131m atmak de\u011fil, hukuk alan\u0131nda yeni ad\u0131mlar atmakt\u0131r\u201d dedi.<\/p>\n<h2>\u0130ran ile anla\u015fmada ilk ad\u0131m 15 May\u0131s\u2019ta<\/h2>\n<p>\u0130ran Bat\u0131\u2019n\u0131n ku\u015fkuyla bakt\u0131\u011f\u0131 n\u00fckleer program\u0131n\u0131n tamamen bar\u0131\u015f\u00e7\u0131l oldu\u011funu savunuyor.<\/p>\n<p>P5+1 \u00fclkeleri olarak bilinen ABD, Fransa, Almanya, \u0130ngiltere, \u00c7in ve Rusya ile \u0130ran aras\u0131nda kas\u0131m ay\u0131nda imzalanan ge\u00e7ici anla\u015fma \u0130ran\u2019\u0131n ilerde n\u00fckleer silah yapmamay\u0131 taahh\u00fct etmesi kar\u015f\u0131l\u0131\u011f\u0131nda Bat\u0131 ve BM\u2019nin yapt\u0131r\u0131mlar\u0131n\u0131n hafifletilmesini \u00f6ng\u00f6r\u00fcyor.<\/p>\n<p>Bu anla\u015fman\u0131n ard\u0131ndan \u0130ran ve Uluslararas\u0131 Atom Enerjisi Kurumu (UAEK) aras\u0131nda bir anla\u015fma yap\u0131ld\u0131.<\/p>\n<p>Bu anla\u015fmayla Tahran\u2019\u0131n n\u00fckleer program\u0131yla ilgili iddialar\u0131n a\u00e7\u0131kl\u0131\u011fa kavu\u015fturulmas\u0131 i\u00e7in ad\u0131m ad\u0131m ilerlenecek bir yol haritas\u0131 belirlendi.<\/p>\n<p>Toplam yedi ad\u0131mdan olu\u015fan takvimin ilk a\u015famas\u0131 15 May\u0131s\u2019ta hayata ge\u00e7irilecek ve \u0130ran patlatma kablolar\u0131yla ilgili bilgileri UAEK ile payla\u015facak.<\/p>\n<p>Kaynak: <a href=\"http:\/\/www.aljazeera.com.tr\/haber\/ruhani-nukleerden-geri-adim-yok\" target=\"_blank\">aljazeera<\/a><\/p>","protected":false},"excerpt":{"rendered":"<p>Sorry, this entry is only available in Turkish. For the sake of viewer convenience, the content is shown below in the alternative language. You may click the link to switch the active language.\u0130ran\u2019da se\u00e7ildikten sonra Bat\u0131 ile aray\u0131 d\u00fczeltme y\u00f6n\u00fcnde \u00f6nemli ad\u0131mlar atan Cumhurba\u015fkan\u0131 Hasan Ruhani, n\u00fckleer teknoloji konusunda geri ad\u0131m atmayacaklar\u0131n\u0131 s\u00f6yledi. Sa\u011fl\u0131k alan\u0131nda [&hellip;]<\/p>\n","protected":false},"author":1,"featured_media":26355,"comment_status":"open","ping_status":"open","sticky":false,"template":"","format":"standard","meta":[],"categories":[53,43],"tags":[929,63,67,1009,165,14896,8959,1333,14897,14898,7847,14895,12223,14899,947,946],"views":682,"_links":{"self":[{"href":"https:\/\/www.enerjigazetesi.ist\/en\/wp-json\/wp\/v2\/posts\/26354"}],"collection":[{"href":"https:\/\/www.enerjigazetesi.ist\/en\/wp-json\/wp\/v2\/posts"}],"about":[{"href":"https:\/\/www.enerjigazetesi.ist\/en\/wp-json\/wp\/v2\/types\/post"}],"author":[{"embeddable":true,"href":"https:\/\/www.enerjigazetesi.ist\/en\/wp-json\/wp\/v2\/users\/1"}],"replies":[{"embeddable":true,"href":"https:\/\/www.enerjigazetesi.ist\/en\/wp-json\/wp\/v2\/comments?post=26354"}],"version-history":[{"count":1,"href":"https:\/\/www.enerjigazetesi.ist\/en\/wp-json\/wp\/v2\/posts\/26354\/revisions"}],"predecessor-version":[{"id":26356,"href":"https:\/\/www.enerjigazetesi.ist\/en\/wp-json\/wp\/v2\/posts\/26354\/revisions\/26356"}],"wp:featuredmedia":[{"embeddable":true,"href":"https:\/\/www.enerjigazetesi.ist\/en\/wp-json\/wp\/v2\/media\/26355"}],"wp:attachment":[{"href":"https:\/\/www.enerjigazetesi.ist\/en\/wp-json\/wp\/v2\/media?parent=26354"}],"wp:term":[{"taxonomy":"category","embeddable":true,"href":"https:\/\/www.enerjigazetesi.ist\/en\/wp-json\/wp\/v2\/categories?post=26354"},{"taxonomy":"post_tag","embeddable":true,"href":"https:\/\/www.enerjigazetesi.ist\/en\/wp-json\/wp\/v2\/tags?post=26354"}],"curies":[{"name":"wp","href":"https:\/\/api.w.org\/{rel}","templated":true}]}}