{"id":26346,"date":"2014-05-12T14:35:01","date_gmt":"2014-05-12T11:35:01","guid":{"rendered":"https:\/\/www.enerjigazetesi.ist\/?p=26346"},"modified":"2014-05-12T14:35:01","modified_gmt":"2014-05-12T11:35:01","slug":"guneste-ilk-lisanslar-solentege-ve-halk-enerjinin","status":"publish","type":"post","link":"https:\/\/www.enerjigazetesi.ist\/en\/guneste-ilk-lisanslar-solentege-ve-halk-enerjinin\/","title":{"rendered":"(Turkish) G\u00fcne\u015fte \u0130lk Lisanslar Solentege ve Halk Enerji`nin!"},"content":{"rendered":"<p class=\"qtranxs-available-languages-message qtranxs-available-languages-message-en\">Sorry, this entry is only available in <a href=\"https:\/\/www.enerjigazetesi.ist\/tr\/wp-json\/wp\/v2\/posts\/26346\" class=\"qtranxs-available-language-link qtranxs-available-language-link-tr\" title=\"Turkish\">Turkish<\/a>. For the sake of viewer convenience, the content is shown below in the alternative language. You may click the link to switch the active language.<\/p><p><strong>G\u00fcne\u015fe dayal\u0131 elektrik \u00fcretim lisans\u0131 yar\u0131\u015f\u0131n\u0131n 8 MW`lik Elaz\u0131\u011f\u0131 aya\u011f\u0131n\u0131 kWh ba\u015f\u0131na 8.27 liral\u0131k teklifiyle Solentegre Enerji, 5 MW`lik Elaz\u0131\u011f aya\u011f\u0131n\u0131n 4.9 MW`lik k\u0131sm\u0131n\u0131 ise kWh ba\u015f\u0131na 6.80 TL`lik teklifiyle Halk Enerji kazand\u0131. G\u00fcne\u015f enerjisinden elektrik \u00fcretimi lisans\u0131 i\u00e7in ilk yar\u0131\u015fma ihalesi yap\u0131ld\u0131. \u00dclke \u00e7ap\u0131nda g\u00fcne\u015fe ayr\u0131lan 600 megavatl\u0131k kapasitenin, Elaz\u0131\u011f ve Erzurum`a ayr\u0131lan 13 megavatl\u0131k k\u0131sm\u0131 i\u00e7in yap\u0131lan yar\u0131\u015fma TE\u0130A\u015e Genel M\u00fcd\u00fcrl\u00fc\u011f\u00fcnde ger\u00e7ekle\u015ftirildi.<\/strong><\/p>\n<p>Elaz\u0131\u011f`a ayr\u0131lan 8 megavatl\u0131k kapasi<a href=\"https:\/\/www.enerjigazetesi.ist\/wp-content\/uploads\/2014\/05\/guneste-ilk-lisanslar-solentege-ve-halk-enerjinin.jpg\"><img loading=\"lazy\" class=\"alignleft size-medium wp-image-26347\" title=\"guneste-ilk-lisanslar-solentege-ve-halk-enerjinin\" src=\"https:\/\/www.enerjigazetesi.ist\/wp-content\/uploads\/2014\/05\/guneste-ilk-lisanslar-solentege-ve-halk-enerjinin-300x207.jpg\" alt=\"\" width=\"300\" height=\"207\" srcset=\"https:\/\/www.enerjigazetesi.ist\/wp-content\/uploads\/2014\/05\/guneste-ilk-lisanslar-solentege-ve-halk-enerjinin-300x207.jpg 300w, https:\/\/www.enerjigazetesi.ist\/wp-content\/uploads\/2014\/05\/guneste-ilk-lisanslar-solentege-ve-halk-enerjinin-72x50.jpg 72w, https:\/\/www.enerjigazetesi.ist\/wp-content\/uploads\/2014\/05\/guneste-ilk-lisanslar-solentege-ve-halk-enerjinin.jpg 449w\" sizes=\"(max-width: 300px) 100vw, 300px\" \/><\/a>te i\u00e7in a\u00e7\u0131lan yar\u0131\u015fmaya, Solentegre Enerji, RA G\u00fcne\u015f, G\u00fc\u00e7l\u00fc Tekstil Limited \u015eirketi, \u0130n\u015far Enerji ve Ba\u015fakkent G\u00fcne\u015f Enerjisi \u00dcretim A\u015e kat\u0131ld\u0131. Burada en y\u00fcksek teklif, megavat ba\u015f\u0131na 827 bin lira ile Solentegre Enerji`den geldi.<\/p>\n<p>Erzurum b\u00f6lgesindeki 5 megavatl\u0131k kapasite i\u00e7in yap\u0131lan yar\u0131\u015fmaya ise Makronom Enerji \u00dcretim Limited \u015eirketi ile Halk Enerji teklif sundu. S\u00f6z konusu kapasitenin 4.9 megavatl\u0131k k\u0131sm\u0131 i\u00e7in en y\u00fcksek teklifi megavat ba\u015f\u0131na 68 bin lira ile Halk Enerji verdi.<\/p>\n<p>Teklifler, \u00fcretim tesisinin ilk \u00fcnitesinin ge\u00e7ici kabul\u00fcn\u00fcn yap\u0131ld\u0131\u011f\u0131 tarihten ba\u015flamak \u00fczere en fazla 3 y\u0131l i\u00e7erisinde birim megavat ba\u015f\u0131na TE\u0130A\u015e`a katk\u0131 pay\u0131 \u00f6deme taahh\u00fcd\u00fcne g\u00f6re de\u011ferlendiriliyor.<\/p>\n<p>TE\u0130A\u015e, ihaleyi kazananalar\u0131 Enerji Piyasas\u0131 D\u00fczenleme Kurumu`na bildirecek. EPDK, kazanan giri\u015fimcilerin projelerinin lisansland\u0131r\u0131lmas\u0131 s\u00fcrecini ba\u015flatacak. \u0130lk etapta \u00f6nlisans verilecek.<\/p>\n<p>Kaynak: <a href=\"http:\/\/www.enerjigunlugu.net\/guneste-ilk-lisanslar-solentege-ve-halk-enerjinin_8448.html\" target=\"_blank\">Enerji G\u00fcnl\u00fc\u011f\u00fc<\/a><\/p>","protected":false},"excerpt":{"rendered":"<p>Sorry, this entry is only available in Turkish. For the sake of viewer convenience, the content is shown below in the alternative language. You may click the link to switch the active language.G\u00fcne\u015fe dayal\u0131 elektrik \u00fcretim lisans\u0131 yar\u0131\u015f\u0131n\u0131n 8 MW`lik Elaz\u0131\u011f\u0131 aya\u011f\u0131n\u0131 kWh ba\u015f\u0131na 8.27 liral\u0131k teklifiyle Solentegre Enerji, 5 MW`lik Elaz\u0131\u011f aya\u011f\u0131n\u0131n 4.9 MW`lik [&hellip;]<\/p>\n","protected":false},"author":1,"featured_media":26347,"comment_status":"open","ping_status":"open","sticky":false,"template":"","format":"standard","meta":[],"categories":[53,49],"tags":[63,67,1009,165,227,13,14892,14890,5140,14891],"views":985,"_links":{"self":[{"href":"https:\/\/www.enerjigazetesi.ist\/en\/wp-json\/wp\/v2\/posts\/26346"}],"collection":[{"href":"https:\/\/www.enerjigazetesi.ist\/en\/wp-json\/wp\/v2\/posts"}],"about":[{"href":"https:\/\/www.enerjigazetesi.ist\/en\/wp-json\/wp\/v2\/types\/post"}],"author":[{"embeddable":true,"href":"https:\/\/www.enerjigazetesi.ist\/en\/wp-json\/wp\/v2\/users\/1"}],"replies":[{"embeddable":true,"href":"https:\/\/www.enerjigazetesi.ist\/en\/wp-json\/wp\/v2\/comments?post=26346"}],"version-history":[{"count":2,"href":"https:\/\/www.enerjigazetesi.ist\/en\/wp-json\/wp\/v2\/posts\/26346\/revisions"}],"predecessor-version":[{"id":26349,"href":"https:\/\/www.enerjigazetesi.ist\/en\/wp-json\/wp\/v2\/posts\/26346\/revisions\/26349"}],"wp:featuredmedia":[{"embeddable":true,"href":"https:\/\/www.enerjigazetesi.ist\/en\/wp-json\/wp\/v2\/media\/26347"}],"wp:attachment":[{"href":"https:\/\/www.enerjigazetesi.ist\/en\/wp-json\/wp\/v2\/media?parent=26346"}],"wp:term":[{"taxonomy":"category","embeddable":true,"href":"https:\/\/www.enerjigazetesi.ist\/en\/wp-json\/wp\/v2\/categories?post=26346"},{"taxonomy":"post_tag","embeddable":true,"href":"https:\/\/www.enerjigazetesi.ist\/en\/wp-json\/wp\/v2\/tags?post=26346"}],"curies":[{"name":"wp","href":"https:\/\/api.w.org\/{rel}","templated":true}]}}