{"id":26326,"date":"2014-05-12T11:29:46","date_gmt":"2014-05-12T08:29:46","guid":{"rendered":"https:\/\/www.enerjigazetesi.ist\/?p=26326"},"modified":"2014-05-12T11:29:46","modified_gmt":"2014-05-12T08:29:46","slug":"turkiyenin-elektrigi-turkcelle-emanet","status":"publish","type":"post","link":"https:\/\/www.enerjigazetesi.ist\/en\/turkiyenin-elektrigi-turkcelle-emanet\/","title":{"rendered":"(Turkish) T\u00fcrkiye\u2019nin Elektri\u011fi Turkcell\u2019e Emanet&#8230;"},"content":{"rendered":"<p class=\"qtranxs-available-languages-message qtranxs-available-languages-message-en\">Sorry, this entry is only available in <a href=\"https:\/\/www.enerjigazetesi.ist\/tr\/wp-json\/wp\/v2\/posts\/26326\" class=\"qtranxs-available-language-link qtranxs-available-language-link-tr\" title=\"Turkish\">Turkish<\/a>. For the sake of viewer convenience, the content is shown below in the alternative language. You may click the link to switch the active language.<\/p><p><strong>&#8211; Turkcell, enerji ve su y\u00f6netimi konusunda T\u00fcrkiye\u2019de \u00f6nc\u00fc role sahip. M2M teknolojileri sayesinde bug\u00fcn hem \u015firketlere hem de \u00fclkeye b\u00fcy\u00fck tasarruf sa\u011fl\u0131yor. Turkcell\u2019in M2M uygulamalar\u0131 sayesinde T\u00fcrkiye ekonomisine 2013\u2019te 1,5 milyar TL tasarruf sa\u011fland\u0131.<\/strong><\/p>\n<p><strong>&#8211; Turkcell, halen 21 elektrik da\u011f\u0131t\u0131m \u015firketinin t\u00fcm\u00fc taraf\u0131ndan tercih ediliyor. Bu \u015firketlerin yar\u0131s\u0131ndan fazlas\u0131 sadece Turkcell\u2019le \u00e7al\u0131\u015fmay\u0131 tercih ediyor. Bug\u00fcn \u00fclkemizde toplam 150 bin ak\u0131ll\u0131 saya\u00e7tan 110 bini Turkcell M2M ile \u00e7al\u0131\u015f\u0131yor.<a href=\"https:\/\/www.enerjigazetesi.ist\/wp-content\/uploads\/2014\/05\/turkiyenin-elektrigi-turkcelle-emanet.jpg\"><img loading=\"lazy\" class=\"alignright size-medium wp-image-26327\" title=\"turkiyenin-elektrigi-turkcelle-emanet\" src=\"https:\/\/www.enerjigazetesi.ist\/wp-content\/uploads\/2014\/05\/turkiyenin-elektrigi-turkcelle-emanet-300x209.jpg\" alt=\"\" width=\"300\" height=\"209\" srcset=\"https:\/\/www.enerjigazetesi.ist\/wp-content\/uploads\/2014\/05\/turkiyenin-elektrigi-turkcelle-emanet-300x209.jpg 300w, https:\/\/www.enerjigazetesi.ist\/wp-content\/uploads\/2014\/05\/turkiyenin-elektrigi-turkcelle-emanet-500x349.jpg 500w, https:\/\/www.enerjigazetesi.ist\/wp-content\/uploads\/2014\/05\/turkiyenin-elektrigi-turkcelle-emanet-71x50.jpg 71w, https:\/\/www.enerjigazetesi.ist\/wp-content\/uploads\/2014\/05\/turkiyenin-elektrigi-turkcelle-emanet.jpg 531w\" sizes=\"(max-width: 300px) 100vw, 300px\" \/><\/a><\/strong><\/p>\n<p>T\u00fcrkiye\u2019nin ak\u0131ll\u0131 \u015febeke d\u00f6n\u00fc\u015f\u00fcm\u00fcnde ve enerji verimlili\u011fi projelerinde \u00f6nc\u00fc bir oyuncu haline gelen <strong>Turkcell<\/strong>, sekt\u00f6r\u00fcn en \u00f6nemli organizasyonlar\u0131ndan <strong>2.Uluslararas\u0131 \u0130stanbul Ak\u0131ll\u0131 \u015eebekeler Kongre ve Fuar\u0131<\/strong>\u2019n\u0131n<strong> Elmas Sponsorlu\u011fu<\/strong>\u2019nu \u00fcstlendi. Etkinli\u011fin a\u00e7\u0131l\u0131\u015f\u0131 bug\u00fcn <strong>T.C. Bilim, Sanayi ve Teknoloji Bakan\u0131 Fikri I\u015f\u0131k <\/strong>taraf\u0131ndan yap\u0131ld\u0131. <strong>8-9 May\u0131s tarihlerinde \u0130stanbul WOW Hotel ve Kongre Merkezi<\/strong>\u2019nde ger\u00e7ekle\u015fen fuarda Turkcell, hem panellerdeki etkin rol\u00fc hem de geni\u015f stand\u0131 ile yer al\u0131yor.<\/p>\n<p><strong>Elektrik \u015firketlerinin t\u00fcm\u00fc Turkcell\u2019i tercih ediyor<\/strong><\/p>\n<p><strong>Uluslararas\u0131 \u0130stanbul Ak\u0131ll\u0131 \u015eebekeler Kongre ve Fuar\u0131<\/strong>\u2019n\u0131 de\u011ferlendiren <strong>Turkcell Genel M\u00fcd\u00fcr Yard\u0131mc\u0131s\u0131 Yi\u011fit Kulaba\u015f<\/strong>, \u201cBug\u00fcn enerji ve su y\u00f6netimi konusu sadece T\u00fcrkiye\u2019nin de\u011fil, yerk\u00fcrenin en \u00f6nemli g\u00fcndem maddelerinden biri.\u00a0 Enerjinin verimli kullan\u0131labilmesi ve ak\u0131ll\u0131 \u015febeke d\u00f6n\u00fc\u015f\u00fcm\u00fc sadece bug\u00fcn\u00fc de\u011fil yar\u0131n\u0131n d\u00fcnyas\u0131n\u0131 da \u015fekillendiriyor. Turkcell bu her iki kritik konuda da T\u00fcrkiye\u2019de \u00f6nc\u00fc bir role sahip. Mutlulukla s\u00f6yl\u00fcyorum ki, \u00fclkemizde faaliyet g\u00f6steren toplam 21 elektrik da\u011f\u0131t\u0131m \u015firketinin t\u00fcm\u00fc Turkcell ile \u00e7al\u0131\u015f\u0131yor.\u00a0 Ayr\u0131ca bu \u015firketlerin y\u00fczde 70\u2019inin tek tercihiyiz. Bug\u00fcn toplam <strong>150 bin ak\u0131ll\u0131 saya\u00e7tan 110 bini Turkcell M2M <\/strong>hatlar\u0131<strong> <\/strong>ile \u00e7al\u0131\u015f\u0131yor.\u201d dedi.<\/p>\n<p>Kulaba\u015f s\u00f6zlerini \u015f\u00f6yle s\u00fcrd\u00fcrd\u00fc: \u201c2013 y\u0131l\u0131nda <strong>cari a\u00e7\u0131\u011f\u0131m\u0131z 65 milyar dolar<\/strong> olarak ger\u00e7ekle\u015fti ve bu cari a\u00e7\u0131\u011f\u0131n yakla\u015f\u0131k y\u00fczde 84\u2019\u00fc enerji ithalat\u0131ndan kaynaklan\u0131yor. Ayn\u0131 \u015fekilde Say\u0131n Bakan\u0131m\u0131z\u0131n mecliste yapt\u0131\u011f\u0131 bir bilgilendirmeye g\u00f6re de elektrikte <strong>y\u00fczde 70\u2019lere varan kay\u0131p ve ka\u00e7ak<\/strong> b\u00f6lgeleri oldu\u011fu g\u00f6r\u00fcn\u00fcyor. Biz makineler aras\u0131 ileti\u015fimi ekonomik verimlili\u011fi art\u0131racak bir \u00e7\u00f6z\u00fcmler b\u00fct\u00fcn\u00fc olarak g\u00f6r\u00fcyoruz. <strong>2013\u2019te T\u00fcrkiye\u2019deki her 3 makineden 2\u2019sine Turkcell M2M <\/strong>hatlar\u0131yla hizmet vererek<strong> yakla\u015f\u0131k 1,4 milyon Turkcell S\u0130M kartl\u0131 makine<\/strong>yi konu\u015fturduk. B\u00f6ylece \u00fclke ekonomisine <strong>1,5 milyar TL\u2019den fazla katk\u0131<\/strong> sa\u011flad\u0131k. T\u00fcrkiye pazar\u0131nda yakla\u015f\u0131k 150 milyon uzaktan y\u00f6netilebilir cihaz potansiyeli oldu\u011funu d\u00fc\u015f\u00fcn\u00fcrsek \u00fclkemizin hen\u00fcz ba\u015flang\u0131\u00e7 seviyesinde oldu\u011funu g\u00f6r\u00fcyoruz. Toplumsal faydan\u0131n ortaya \u00e7\u0131kmas\u0131 i\u00e7in \u00fclkemizde ak\u0131ll\u0131 \u015febekeler ile ilgili politikan\u0131n olu\u015fturulmas\u0131n\u0131 \u00e7ok \u00f6nemsiyoruz. Ak\u0131ll\u0131 \u015eebekeler Kongre ve Fuar\u0131, bu a\u00e7\u0131dan \u00f6nemli bir f\u0131rsatt\u0131r. Bu etkinlikte hem teknolojimiz ile hem de telekom\u00fcnikasyon pazar\u0131 ile benzerlikler ta\u015f\u0131yan enerji sekt\u00f6r\u00fcne deneyimlerimizle katk\u0131 sa\u011fl\u0131yoruz.\u201d<\/p>\n<p><strong>Turkcell Reaktif Enerji Servisi faturalarda %10 \u2013 20 aras\u0131 tasarruf sa\u011fl\u0131yor<\/strong><\/p>\n<p>Son olarak Turkcell Reaktif Enerji Servisi\u2019nden de s\u00f6z eden <strong>Kulaba\u015f<\/strong>, \u201cMa\u011faza, fabrika, okul, hastane, AVM, otel gibi i\u015fletmelerde kullan\u0131lan cihazlar, makineler, f\u0131r\u0131nlar, elektrik enerjisini kullan\u0131rken \u015febekeden aktif ve reaktif enerji \u00e7ekiyorlar. Ancak cihazlar\u0131n asl\u0131nda \u015febekeden sadece aktif enerjiye ihtiyac\u0131 bulunuyor. Ortalama 1.000 TL\u2019nin \u00fczerinde fatura \u00f6deyen i\u015f yerleri kullanmad\u0131klar\u0131 bu reaktif enerjinin belli limitlerin \u00fczerine \u00e7\u0131kmas\u0131 halinde Devlet kurallar\u0131na g\u00f6re da\u011f\u0131t\u0131m firmas\u0131 firmaya ceza kesiyor. Turkcell Reaktif Enerji Servisi, reaktif enerji t\u00fcketimi artt\u0131\u011f\u0131nda ve ceza riski olu\u015ftu\u011funda SMS ve e-maille ilgili firmay\u0131 uyararak, reaktif ceza bedelinin \u00f6denmesini engelliyor. Gereksiz elektrik t\u00fcketimini tespit ederek, elektrik faturalar\u0131nda ortalama %10 \u2013 20 aras\u0131nda tasarruf sa\u011flam\u0131\u015f oluyor\u201d diye konu\u015ftu.<\/p>\n<p><strong>Sekt\u00f6r\u00fcn odak alan\u0131nda M2M var<\/strong><\/p>\n<p>Saya\u00e7 okuma, lojistik, finansal hizmetler taraf\u0131nda mobil POS cihazlar\u0131 ve ATM\u2019ler, yazarkasalar, tar\u0131m ve hayvanc\u0131l\u0131k, g\u00fcvenlik ba\u011flant\u0131l\u0131 binalar M2M\u2019in y\u00fckseli\u015f g\u00f6sterdi\u011fi alanlar olarak g\u00f6steriliyor. T\u00fcrkiye\u2019deki ilk M2M uygulamalar\u0131 2001\u2019de Ara\u00e7 Takip Uygulamalar\u0131 ile ba\u015flad\u0131. M2M \u00e7\u00f6z\u00fcmleri; elektrik, su ve gaz saya\u00e7lar\u0131nda kay\u0131p\/ka\u00e7ak oran\u0131n\u0131n azalt\u0131lmas\u0131, yiyecek-i\u00e7ecek makine ve dolaplar\u0131n\u0131n takibinde rota optimizasyonu, uzaktan sulama otomasyonu, seralar\u0131n takibi, lojistik sekt\u00f6r\u00fcnde akaryak\u0131t maliyetlerinin azalt\u0131lmas\u0131 gibi pek \u00e7ok farkl\u0131 ama\u00e7la kullan\u0131l\u0131yor. M2M \u015fu anda en \u00f6nemli kullan\u0131m alan\u0131 haline gelmi\u015f olan Ara\u00e7 Takip\u2019in yan\u0131nda sa\u011fl\u0131k alan\u0131nda t\u0131bbi otomasyona ve ak\u0131ll\u0131 ev aletlerine kadar say\u0131s\u0131z alanda kullan\u0131lma potansiyeline sahip ve bir\u00e7ok alanda \u015fimdiden Turkcell\u2019le kullan\u0131lmaya ba\u015flam\u0131\u015f durumda.<\/p>\n<p>Yay\u0131nc\u0131: <a href=\"https:\/\/www.enerjigazetesi.ist\" target=\"_blank\">Enerji Gazetesi<\/a><\/p>","protected":false},"excerpt":{"rendered":"<p>Sorry, this entry is only available in Turkish. For the sake of viewer convenience, the content is shown below in the alternative language. You may click the link to switch the active language.&#8211; Turkcell, enerji ve su y\u00f6netimi konusunda T\u00fcrkiye\u2019de \u00f6nc\u00fc role sahip. M2M teknolojileri sayesinde bug\u00fcn hem \u015firketlere hem de \u00fclkeye b\u00fcy\u00fck tasarruf sa\u011fl\u0131yor. [&hellip;]<\/p>\n","protected":false},"author":1,"featured_media":26327,"comment_status":"open","ping_status":"open","sticky":false,"template":"","format":"standard","meta":[],"categories":[51,53],"tags":[10161,68,61,63,67,1009,165,14875,14877,14874,14876],"views":646,"_links":{"self":[{"href":"https:\/\/www.enerjigazetesi.ist\/en\/wp-json\/wp\/v2\/posts\/26326"}],"collection":[{"href":"https:\/\/www.enerjigazetesi.ist\/en\/wp-json\/wp\/v2\/posts"}],"about":[{"href":"https:\/\/www.enerjigazetesi.ist\/en\/wp-json\/wp\/v2\/types\/post"}],"author":[{"embeddable":true,"href":"https:\/\/www.enerjigazetesi.ist\/en\/wp-json\/wp\/v2\/users\/1"}],"replies":[{"embeddable":true,"href":"https:\/\/www.enerjigazetesi.ist\/en\/wp-json\/wp\/v2\/comments?post=26326"}],"version-history":[{"count":1,"href":"https:\/\/www.enerjigazetesi.ist\/en\/wp-json\/wp\/v2\/posts\/26326\/revisions"}],"predecessor-version":[{"id":26328,"href":"https:\/\/www.enerjigazetesi.ist\/en\/wp-json\/wp\/v2\/posts\/26326\/revisions\/26328"}],"wp:featuredmedia":[{"embeddable":true,"href":"https:\/\/www.enerjigazetesi.ist\/en\/wp-json\/wp\/v2\/media\/26327"}],"wp:attachment":[{"href":"https:\/\/www.enerjigazetesi.ist\/en\/wp-json\/wp\/v2\/media?parent=26326"}],"wp:term":[{"taxonomy":"category","embeddable":true,"href":"https:\/\/www.enerjigazetesi.ist\/en\/wp-json\/wp\/v2\/categories?post=26326"},{"taxonomy":"post_tag","embeddable":true,"href":"https:\/\/www.enerjigazetesi.ist\/en\/wp-json\/wp\/v2\/tags?post=26326"}],"curies":[{"name":"wp","href":"https:\/\/api.w.org\/{rel}","templated":true}]}}