{"id":26273,"date":"2014-05-11T13:44:02","date_gmt":"2014-05-11T10:44:02","guid":{"rendered":"https:\/\/www.enerjigazetesi.ist\/?p=26273"},"modified":"2014-05-11T13:44:02","modified_gmt":"2014-05-11T10:44:02","slug":"almanyanin-yenilenebilir-enerji-uretimi-artti","status":"publish","type":"post","link":"https:\/\/www.enerjigazetesi.ist\/en\/almanyanin-yenilenebilir-enerji-uretimi-artti\/","title":{"rendered":"(Turkish) Almanya`n\u0131n Yenilenebilir Enerji \u00dcretimi Artt\u0131&#8230;"},"content":{"rendered":"<p class=\"qtranxs-available-languages-message qtranxs-available-languages-message-en\">Sorry, this entry is only available in <a href=\"https:\/\/www.enerjigazetesi.ist\/tr\/wp-json\/wp\/v2\/posts\/26273\" class=\"qtranxs-available-language-link qtranxs-available-language-link-tr\" title=\"Turkish\">Turkish<\/a>. For the sake of viewer convenience, the content is shown below in the alternative language. You may click the link to switch the active language.<\/p><p><strong>Almanya`n\u0131n yenilenebilir enerji \u00fcretimi y\u0131l\u0131n ilk \u00e7eyre\u011finde ge\u00e7en y\u0131l\u0131n ayn\u0131 d\u00f6nemine g\u00f6re y\u00fczde 12,6 artt\u0131. Almanya\u2019da 2014 y\u0131l\u0131n\u0131n ilk \u00fc\u00e7 ay\u0131nda yenilenebilir enerji \u00fcretimi ge\u00e7en y\u0131l\u0131n ayn\u0131 d\u00f6nemine g\u00f6re y\u00fczde 12,6 artarak 40,2 milyar kilovat\/saat olarak ger\u00e7ekle\u015fti.<\/strong><\/p>\n<p>Bu d\u00f6nemde \u00fcretilen yenilenebilir enerjide r\u00fczgar\u0131n pay\u0131 17,8 milyar kwh\/saat iken, g\u00fcne\u015fin pay\u0131 5,7 milyar kwh\/saat oldu.<\/p>\n<p>R\u00fczgar t\u00fcrbinleri ge\u00e7en y\u0131l\u0131n ayn\u0131 d\u00f6nemine g\u00f6re, y\u00fczde 19 art\u0131\u015fla 17,8 milyar kwh\/saat ve g\u00fcne\u015f panelleri y\u00fczde 70 art\u0131\u015fla 5,7 milyar kwh\/saat enerji \u00fcretti.<a href=\"https:\/\/www.enerjigazetesi.ist\/wp-content\/uploads\/2014\/05\/almanyanin-yenilenebilir-enerji-uretimi-artti.jpg\"><img loading=\"lazy\" class=\"alignleft size-medium wp-image-26274\" title=\"almanyanin-yenilenebilir-enerji-uretimi-artti\" src=\"https:\/\/www.enerjigazetesi.ist\/wp-content\/uploads\/2014\/05\/almanyanin-yenilenebilir-enerji-uretimi-artti-300x198.jpg\" alt=\"\" width=\"300\" height=\"198\" srcset=\"https:\/\/www.enerjigazetesi.ist\/wp-content\/uploads\/2014\/05\/almanyanin-yenilenebilir-enerji-uretimi-artti-300x198.jpg 300w, https:\/\/www.enerjigazetesi.ist\/wp-content\/uploads\/2014\/05\/almanyanin-yenilenebilir-enerji-uretimi-artti-75x50.jpg 75w, https:\/\/www.enerjigazetesi.ist\/wp-content\/uploads\/2014\/05\/almanyanin-yenilenebilir-enerji-uretimi-artti.jpg 500w\" sizes=\"(max-width: 300px) 100vw, 300px\" \/><\/a><\/p>\n<p><strong>N\u0130SAN AYINDA G\u00dcNE\u015e VE R\u00dcZGAR \u00dcRET\u0130M\u0130 ARTTI<\/strong><br \/>\n\u00d6te yandan Almanya`n\u0131n g\u00fcne\u015f enerjisi \u00fcretimi Nisan ay\u0131nda bir \u00f6nceki y\u0131l\u0131n ayn\u0131 ay\u0131na g\u00f6re y\u00fczde 15 artt\u0131. Ocak-Nisan d\u00f6neminde ise g\u00fcne\u015f enerjisi \u00fcretimi y\u00fczde 44,9art\u0131\u015f g\u00f6sterdi.<\/p>\n<p>R\u00fczgar enerjisi \u00fcretimindeki art\u0131\u015f ise Nisan ay\u0131nda bir \u00f6nceki y\u0131l\u0131n Nisan ay\u0131na g\u00f6re y\u00fczde 8 oldu.<\/p>\n<p><strong>ENERJ\u0130 ALANINDA YEN\u0130 B\u0130R D\u00d6NEME G\u0130R\u0130LD\u0130<\/strong><br \/>\nYenilenebilir enerjiye verdi\u011fi desteklerle s\u0131k s\u0131k tart\u0131\u015fmalar\u0131n oda\u011f\u0131nda olan Almanya h\u00fck\u00fcmet cephesinden ise yeni bir a\u00e7\u0131klama geldi. Ba\u015fbakan Angela Merkel`in de kat\u0131ld\u0131\u011f\u0131 Federal Meclis oturumunda Ba\u015fbakan Yard\u0131mc\u0131s\u0131 ve Ekonomi-Enerji Bakan\u0131 Sigmar Gabriel, enerji yasa tasar\u0131s\u0131n\u0131n Almanya`n\u0131n \u00e7\u0131kar\u0131na oldu\u011funu belirtti. Gabriel, enerji alan\u0131nda yeni bir d\u00f6neme girildi\u011finin de alt\u0131n\u0131 \u00e7izdi.<\/p>\n<p>Gabriel, \u201cYenilebilir enerji kullan\u0131m\u0131nda bir i\u015fletmenin ek vergi indirimine d\u00e2hil olabilmesi san\u0131ld\u0131\u011f\u0131 kadar kolay de\u011fil. \u0130\u015fletmenin en az y\u00fczde 16 oran\u0131nda yenilenebilir enerji ile elektrik \u00fcretimi yapt\u0131\u011f\u0131n\u0131 ispat etmesi laz\u0131m.\u201d hat\u0131rlatmas\u0131nda bulundu. \u201cEnerji alan\u0131nda yeni bir d\u00f6neme girebilmek i\u00e7in geni\u015f bir toplumsal uzla\u015fmaya ihtiya\u00e7 var.\u201d diyen Gabriel, enerji konusunun \u00f6neminin alt\u0131n\u0131 \u00e7izdi. Gabriel, yenilebilir enerjiye ge\u00e7i\u015fin Almanya`n\u0131n \u00e7\u0131kar\u0131na oldu\u011funu, n\u00fckleer enerjiden r\u00fczg\u00e2r ve g\u00fcne\u015f gibi yenilenebilir enerji kaynaklar\u0131na ge\u00e7i\u015fe destek olunmas\u0131 i\u00e7in bir yenilenebilir enerji hedefi ortaya koyduklar\u0131n\u0131 da anlatt\u0131.<\/p>\n<p>Tasar\u0131, a\u011f\u0131r sanayi kurulu\u015flar\u0131na yenilenebilir enerji kullan\u0131m\u0131 i\u00e7in getirilen ek vergilerde sa\u011flanan indirim ve s\u00fcbvansiyonlar\u0131 kaps\u0131yor.<\/p>\n<p>Kaynak: <a href=\"http:\/\/www.enerjigunlugu.net\/almanyanin-yenilenebilir-enerji-uretimi-artti_8415.html\" target=\"_blank\">Enerji G\u00fcnl\u00fc\u011f\u00fc<\/a><\/p>","protected":false},"excerpt":{"rendered":"<p>Sorry, this entry is only available in Turkish. For the sake of viewer convenience, the content is shown below in the alternative language. You may click the link to switch the active language.Almanya`n\u0131n yenilenebilir enerji \u00fcretimi y\u0131l\u0131n ilk \u00e7eyre\u011finde ge\u00e7en y\u0131l\u0131n ayn\u0131 d\u00f6nemine g\u00f6re y\u00fczde 12,6 artt\u0131. Almanya\u2019da 2014 y\u0131l\u0131n\u0131n ilk \u00fc\u00e7 ay\u0131nda yenilenebilir enerji [&hellip;]<\/p>\n","protected":false},"author":1,"featured_media":26274,"comment_status":"open","ping_status":"open","sticky":false,"template":"","format":"standard","meta":[],"categories":[53,49,50],"tags":[929,63,67,1009,165,227,13,69,16,105],"views":826,"_links":{"self":[{"href":"https:\/\/www.enerjigazetesi.ist\/en\/wp-json\/wp\/v2\/posts\/26273"}],"collection":[{"href":"https:\/\/www.enerjigazetesi.ist\/en\/wp-json\/wp\/v2\/posts"}],"about":[{"href":"https:\/\/www.enerjigazetesi.ist\/en\/wp-json\/wp\/v2\/types\/post"}],"author":[{"embeddable":true,"href":"https:\/\/www.enerjigazetesi.ist\/en\/wp-json\/wp\/v2\/users\/1"}],"replies":[{"embeddable":true,"href":"https:\/\/www.enerjigazetesi.ist\/en\/wp-json\/wp\/v2\/comments?post=26273"}],"version-history":[{"count":1,"href":"https:\/\/www.enerjigazetesi.ist\/en\/wp-json\/wp\/v2\/posts\/26273\/revisions"}],"predecessor-version":[{"id":26275,"href":"https:\/\/www.enerjigazetesi.ist\/en\/wp-json\/wp\/v2\/posts\/26273\/revisions\/26275"}],"wp:featuredmedia":[{"embeddable":true,"href":"https:\/\/www.enerjigazetesi.ist\/en\/wp-json\/wp\/v2\/media\/26274"}],"wp:attachment":[{"href":"https:\/\/www.enerjigazetesi.ist\/en\/wp-json\/wp\/v2\/media?parent=26273"}],"wp:term":[{"taxonomy":"category","embeddable":true,"href":"https:\/\/www.enerjigazetesi.ist\/en\/wp-json\/wp\/v2\/categories?post=26273"},{"taxonomy":"post_tag","embeddable":true,"href":"https:\/\/www.enerjigazetesi.ist\/en\/wp-json\/wp\/v2\/tags?post=26273"}],"curies":[{"name":"wp","href":"https:\/\/api.w.org\/{rel}","templated":true}]}}