{"id":26225,"date":"2014-05-09T10:59:29","date_gmt":"2014-05-09T07:59:29","guid":{"rendered":"https:\/\/www.enerjigazetesi.ist\/?p=26225"},"modified":"2014-05-09T10:59:29","modified_gmt":"2014-05-09T07:59:29","slug":"mercan-nukleer-santraller-konusunda-cok-gec-kaldik","status":"publish","type":"post","link":"https:\/\/www.enerjigazetesi.ist\/en\/mercan-nukleer-santraller-konusunda-cok-gec-kaldik\/","title":{"rendered":"(Turkish) Mercan: \u2018N\u00fckleer Santraller Konusunda \u00c7ok Ge\u00e7 Kald\u0131k&#8230;\u2019"},"content":{"rendered":"<p class=\"qtranxs-available-languages-message qtranxs-available-languages-message-en\">Sorry, this entry is only available in <a href=\"https:\/\/www.enerjigazetesi.ist\/tr\/wp-json\/wp\/v2\/posts\/26225\" class=\"qtranxs-available-language-link qtranxs-available-language-link-tr\" title=\"Turkish\">Turkish<\/a>. For the sake of viewer convenience, the content is shown below in the alternative language. You may click the link to switch the active language.<\/p><p><strong>Enerji ve Tabii Kaynaklar Bakan Yard\u0131mc\u0131s\u0131 Hasan Murat Mercan, iki n\u00fckleer santral ihalesini tamamlad\u0131klar\u0131n\u0131 belirterek, \u201cBiz bu n\u00fckleer santral projesine 1970\u2032li y\u0131llarda ba\u015flam\u0131\u015f olsayd\u0131k bug\u00fcn en az 2-3 santralimiz olurdu.\u201d dedi.<\/strong><\/p>\n<p>Bakan Yard\u0131mc\u0131s\u0131 Mercan ile M\u00fcstakil Sanayici ve \u0130\u015fadamlar\u0131 Derne\u011fi (M\u00dcS\u0130AD) Genel Ba\u015fkan\u0131 Nail Olpak, M\u00dcS\u0130AD Zonguldak \u015eubesi\u2019nin a\u00e7\u0131l\u0131\u015f\u0131n\u0131 yapt\u0131. Daha sonra dav<a href=\"https:\/\/www.enerjigazetesi.ist\/wp-content\/uploads\/2014\/05\/bakan-yardimcisi-mercan-nukleer-santraller-konusunda-cok-gec-kaldik.jpg\"><img loading=\"lazy\" class=\"alignleft size-medium wp-image-26226\" title=\"bakan-yardimcisi-mercan-nukleer-santraller-konusunda-cok-gec-kaldik\" src=\"https:\/\/www.enerjigazetesi.ist\/wp-content\/uploads\/2014\/05\/bakan-yardimcisi-mercan-nukleer-santraller-konusunda-cok-gec-kaldik-300x189.jpg\" alt=\"\" width=\"300\" height=\"189\" srcset=\"https:\/\/www.enerjigazetesi.ist\/wp-content\/uploads\/2014\/05\/bakan-yardimcisi-mercan-nukleer-santraller-konusunda-cok-gec-kaldik-300x189.jpg 300w, https:\/\/www.enerjigazetesi.ist\/wp-content\/uploads\/2014\/05\/bakan-yardimcisi-mercan-nukleer-santraller-konusunda-cok-gec-kaldik-80x50.jpg 80w, https:\/\/www.enerjigazetesi.ist\/wp-content\/uploads\/2014\/05\/bakan-yardimcisi-mercan-nukleer-santraller-konusunda-cok-gec-kaldik.jpg 414w\" sizes=\"(max-width: 300px) 100vw, 300px\" \/><\/a>etliler, Dedeman Oteli\u2019nde d\u00fczenlenen \u2018M\u00dcS\u0130AD Zonguldak A\u00e7\u0131l\u0131\u015f ve Gala Program\u0131\u2019na kat\u0131ld\u0131. M\u00dcS\u0130AD Genel Ba\u015fkan\u0131 Nail Olpak, i\u015fadamlar\u0131ndan beklentinin daha fazla yat\u0131r\u0131m, daha fazla istihdam ve sosyal geli\u015fime, daha fazla katk\u0131 oldu\u011funu s\u00f6yledi. Olpak, \u015f\u00f6yle konu\u015ftu:<\/p>\n<p>\u201cBiz i\u015fadamlar\u0131n\u0131n bunlar\u0131 yapabilmek i\u00e7in bekledi\u011fi ise huzur, g\u00fcven, pozitif istikrar, h\u0131zl\u0131 ve adil i\u015fleyen bir hukuk sistemidir. Bug\u00fcn, siyasi istikrarla gelen ekonomik istikrar ve hedeflerin yakalanmas\u0131yla elde edilen g\u00fcven ortam\u0131, 1 y\u0131l\u0131 a\u015fk\u0131n bir s\u00fcredir devam eden \u00e7\u00f6z\u00fcm s\u00fcreci ve demokratikle\u015fme paketiyle gelece\u011fe daha g\u00fcvenle bak\u0131yoruz. Gezi ve 17 Aral\u0131k s\u00fcrecine ra\u011fmen T\u00fcrkiye ekonomisi 2013 y\u0131l\u0131nda y\u00fczde 4 b\u00fcy\u00fcm\u00fc\u015ft\u00fcr. Sanayi \u00fcretimi, ge\u00e7en y\u0131l\u0131n ilk 2 ay\u0131nda y\u00fczde 3 artm\u0131\u015fken, 2014\u2032\u00fcn ilk 2 ay\u0131nda y\u00fczde 6 artt\u0131. \u00dclkemiz ekonomisinin ilk \u00e7eyrek performans\u0131n\u0131 g\u00f6z \u00f6n\u00fcnde bulundurarak, ge\u00e7en y\u0131ldan daha d\u00fc\u015f\u00fck bir b\u00fcy\u00fcme oran\u0131n\u0131 haketmedi\u011fini s\u00f6yleyebiliriz.\u201d<\/p>\n<h2>T\u00fcrkiye\u00a010-15\u00a0y\u0131lda enerji yat\u0131r\u0131mlar\u0131n\u0131 yapmak zorunda<\/h2>\n<p>Bakan Yard\u0131mc\u0131s\u0131 Hasan Murat Mercan, T\u00fcrkiye\u2019nin \u00f6n\u00fcm\u00fczdeki 10-15 y\u0131l i\u00e7inde enerji alan\u0131nda yat\u0131r\u0131mlar\u0131n\u0131 yapmak zorunda oldu\u011funu s\u00f6yledi.<\/p>\n<p>Mercan, \u201cBug\u00fcn 60 bin megavat kurulu g\u00fcc\u00fcm\u00fcz\u00fcn en az 100 bin megavata \u00e7\u0131kmas\u0131 laz\u0131m. Ona g\u00f6re yeni yat\u0131r\u0131mlar yap\u0131lmas\u0131 gerekiyor\u201d dedi. Mercan, bakanl\u0131k ve h\u00fck\u00fcmet olarak prensiplerinin, b\u00fct\u00fcn bu yat\u0131r\u0131mlar\u0131 \u00f6zel sekt\u00f6r marifetiyle yapmak oldu\u011funu vurgulad\u0131.<\/p>\n<p>T\u00fcrkiye\u2019nin 30 y\u0131ll\u0131k petrol t\u00fcketiminin y\u00fczde 5\u2032inin yerli kaynaklarla \u00fcretildi\u011fini belirten Mercan, geri kalan\u0131n\u0131n ithal oldu\u011funu kaydetti. Mercan, \u015f\u00f6yle konu\u015ftu:<\/p>\n<p>\u201cDaha da enteresan olan\u0131 T\u00fcrkiye\u2019nin yak\u0131n ve uzak kom\u015fular\u0131n\u0131 g\u00f6z \u00f6n\u00fcne ald\u0131\u011f\u0131n\u0131z zaman d\u00fcnyadaki petrol ve do\u011falgaz yataklar\u0131n\u0131n y\u00fczde 65\u2032i bizim b\u00f6lgemizdedir. Ama T\u00fcrkiye\u2019de yok. Sonuna kadar aramaya devam ediyoruz. T\u00fcrkiye daha 2 y\u0131l \u00f6ncesine kadar maalesef, sismik ara\u015ft\u0131rma gemisine sahip de\u011fildi. Bug\u00fcn bir sismik ara\u015ft\u0131rma gemimiz uluslararas\u0131 \u00e7apta MTA\u2019n\u0131n b\u00fcnyesinde. Bir tanesi de TPA taraf\u0131ndan hemen hemen bitiriliyor. Yerli olarak yap\u0131l\u0131yor. Bunlar hayal bile edilemeyecek \u015feylerdi.\u201d<\/p>\n<p>\u00dclke olarak n\u00fckleer santral konusunda da \u00e7ok ge\u00e7 kald\u0131klar\u0131n\u0131 belirten Mercan, \u015f\u00f6yle devam etti:<\/p>\n<p>\u201cN\u00fckleer santral en \u00e7ok Avrupa\u2019dad\u0131r. Fransa\u2019da, Rusya\u2019da var. Petrol ve do\u011falgaz zengini olan \u00fclkelerde de var. Ama biz bu n\u00fckleer santral projesine 1970\u2032li y\u0131llarda ba\u015flam\u0131\u015f olsayd\u0131k bu g\u00fcn en az 2-3 santralimiz olurdu. Do\u011falgaz t\u00fcketimimiz de o kadar azal\u0131rd\u0131. Bu durum, T\u00fcrkiye\u2019nin enerji konusundaki politikalar\u0131n\u0131n arzu edilen politikalar olmad\u0131\u011f\u0131n\u0131n g\u00f6stergesidir. Bu g\u00fcn biz iki n\u00fckleer santral ihalesini tamamlad\u0131k. Kararlar verildi. \u00dc\u00e7\u00fcnc\u00fcs\u00fcn\u00fc de yak\u0131n zaman i\u00e7inde g\u00fcndeme al\u0131r\u0131z. Bu g\u00fcn ba\u015flad\u0131\u011f\u0131m\u0131z ilk santralden enerji \u00fcretmeyi 2020\u2032de \u00f6ng\u00f6r\u00fcyoruz. Bu projeler uzun vadeli projeler ve yap\u0131mlar\u0131 olduk\u00e7a zaman alan projelerdir. Enerji, ekonominin en \u00f6nemli sekt\u00f6rlerinden bir tanesidir. Gerek \u00fcretimde gerek teknolojide gerek da\u011f\u0131t\u0131m hizmetlerinde enerji sekt\u00f6r\u00fc T\u00fcrkiye\u2019nin olmazsa olmaz\u0131d\u0131r.\u201d<\/p>\n<p>Kaynak: <a href=\"http:\/\/ekonomi.haber7.com\/ekonomi\/haber\/1155466-bakan-yardimcisi-mercan-cok-gec-kaldik\" target=\"_blank\">Haber 7<\/a><\/p>","protected":false},"excerpt":{"rendered":"<p>Sorry, this entry is only available in Turkish. For the sake of viewer convenience, the content is shown below in the alternative language. You may click the link to switch the active language.Enerji ve Tabii Kaynaklar Bakan Yard\u0131mc\u0131s\u0131 Hasan Murat Mercan, iki n\u00fckleer santral ihalesini tamamlad\u0131klar\u0131n\u0131 belirterek, \u201cBiz bu n\u00fckleer santral projesine 1970\u2032li y\u0131llarda ba\u015flam\u0131\u015f [&hellip;]<\/p>\n","protected":false},"author":1,"featured_media":26226,"comment_status":"open","ping_status":"open","sticky":false,"template":"","format":"standard","meta":[],"categories":[53,43],"tags":[884,63,67,1009,165,117,532,6902,1663,4860,71,21,1597,10236,14775,1286],"views":697,"_links":{"self":[{"href":"https:\/\/www.enerjigazetesi.ist\/en\/wp-json\/wp\/v2\/posts\/26225"}],"collection":[{"href":"https:\/\/www.enerjigazetesi.ist\/en\/wp-json\/wp\/v2\/posts"}],"about":[{"href":"https:\/\/www.enerjigazetesi.ist\/en\/wp-json\/wp\/v2\/types\/post"}],"author":[{"embeddable":true,"href":"https:\/\/www.enerjigazetesi.ist\/en\/wp-json\/wp\/v2\/users\/1"}],"replies":[{"embeddable":true,"href":"https:\/\/www.enerjigazetesi.ist\/en\/wp-json\/wp\/v2\/comments?post=26225"}],"version-history":[{"count":2,"href":"https:\/\/www.enerjigazetesi.ist\/en\/wp-json\/wp\/v2\/posts\/26225\/revisions"}],"predecessor-version":[{"id":26228,"href":"https:\/\/www.enerjigazetesi.ist\/en\/wp-json\/wp\/v2\/posts\/26225\/revisions\/26228"}],"wp:featuredmedia":[{"embeddable":true,"href":"https:\/\/www.enerjigazetesi.ist\/en\/wp-json\/wp\/v2\/media\/26226"}],"wp:attachment":[{"href":"https:\/\/www.enerjigazetesi.ist\/en\/wp-json\/wp\/v2\/media?parent=26225"}],"wp:term":[{"taxonomy":"category","embeddable":true,"href":"https:\/\/www.enerjigazetesi.ist\/en\/wp-json\/wp\/v2\/categories?post=26225"},{"taxonomy":"post_tag","embeddable":true,"href":"https:\/\/www.enerjigazetesi.ist\/en\/wp-json\/wp\/v2\/tags?post=26225"}],"curies":[{"name":"wp","href":"https:\/\/api.w.org\/{rel}","templated":true}]}}