{"id":26220,"date":"2014-05-08T17:05:30","date_gmt":"2014-05-08T14:05:30","guid":{"rendered":"https:\/\/www.enerjigazetesi.ist\/?p=26220"},"modified":"2014-05-08T17:05:30","modified_gmt":"2014-05-08T14:05:30","slug":"fransa-ruzgar-enerjisi-kapasitesini-arttiriyor","status":"publish","type":"post","link":"https:\/\/www.enerjigazetesi.ist\/en\/fransa-ruzgar-enerjisi-kapasitesini-arttiriyor\/","title":{"rendered":"(Turkish) Fransa R\u00fczgar Enerjisi Kapasitesini Artt\u0131r\u0131yor!"},"content":{"rendered":"<p class=\"qtranxs-available-languages-message qtranxs-available-languages-message-en\">Sorry, this entry is only available in <a href=\"https:\/\/www.enerjigazetesi.ist\/tr\/wp-json\/wp\/v2\/posts\/26220\" class=\"qtranxs-available-language-link qtranxs-available-language-link-tr\" title=\"Turkish\">Turkish<\/a>. For the sake of viewer convenience, the content is shown below in the alternative language. You may click the link to switch the active language.<\/p><p><strong>GDF Suez ve Areva\u2019n\u0131n ba\u015f\u0131n\u0131 \u00e7ekti\u011fi konsorsiyum Frans\u0131z a\u00e7\u0131k denizinde 1 GW kapasiteli iki projeye ili\u015fkin ikinci kez d\u00fczenlenen ihaleyi kazand\u0131. Frans\u0131z h\u00fck\u00fcmeti GDF Suez ve Areva\u2019n\u0131n ba\u015f\u0131n\u0131 \u00e7ekti\u011fi konsorsiyumun Frans\u0131z a\u00e7\u0131k denizinde 1 GW kapasiteli iki projeye ili\u015fkin ikinci kez d\u00fczenlenen ihaleyi kazand\u0131\u011f\u0131n\u0131 a\u00e7\u0131klad\u0131.<\/strong><\/p>\n<p>GDF Suez\u2019in ba\u015f\u0131n\u0131 \u00e7ekti\u011fi ve \u0130spanyol yenil<a href=\"https:\/\/www.enerjigazetesi.ist\/wp-content\/uploads\/2014\/05\/fransa-ruzgar-enerjisi-kapasitesini-arttiriyor.jpg\"><img loading=\"lazy\" class=\"alignleft size-medium wp-image-26221\" title=\"fransa-ruzgar-enerjisi-kapasitesini-arttiriyor\" src=\"https:\/\/www.enerjigazetesi.ist\/wp-content\/uploads\/2014\/05\/fransa-ruzgar-enerjisi-kapasitesini-arttiriyor-300x194.jpg\" alt=\"\" width=\"300\" height=\"194\" srcset=\"https:\/\/www.enerjigazetesi.ist\/wp-content\/uploads\/2014\/05\/fransa-ruzgar-enerjisi-kapasitesini-arttiriyor-300x194.jpg 300w, https:\/\/www.enerjigazetesi.ist\/wp-content\/uploads\/2014\/05\/fransa-ruzgar-enerjisi-kapasitesini-arttiriyor-77x50.jpg 77w, https:\/\/www.enerjigazetesi.ist\/wp-content\/uploads\/2014\/05\/fransa-ruzgar-enerjisi-kapasitesini-arttiriyor.jpg 419w\" sizes=\"(max-width: 300px) 100vw, 300px\" \/><\/a>enebilir enerji \u015firketi EDP Renewables, Frans\u0131z Noen Marine ve Frans\u0131z \u00fcretici \u015firketi Areva\u2019dan olu\u015fankonsorsiyum, Fransa\u2019n\u0131n kuzeyinde Le Tr\u00e9port a\u00e7\u0131klar\u0131nda 500 MW`l\u0131k ve Fransa\u2019n\u0131n bat\u0131s\u0131nda Yeu ve Noirmoutier adalar\u0131 a\u00e7\u0131klar\u0131nda 500 MW`l\u0131k olmak \u00fczere toplamda 1 GW\u2019l\u0131k a\u00e7\u0131k deniz r\u00fczgar \u00e7iftli\u011fi ihalesini kazand\u0131.<\/p>\n<p><strong>\u0130HALE \u0130K\u0130NC\u0130 KEZ YEN\u0130LEND\u0130<\/strong><br \/>\nFransa\u2019n\u0131n kuzeyinde Le Tr\u00e9port a\u00e7\u0131klar\u0131ndaki r\u00fczgar \u00e7iftli\u011fi i\u00e7in yap\u0131lan ilk ihale 750 MW kapasiteliydi ve tarifenin \u00e7ok y\u00fcksek oldu\u011fu gerek\u00e7esi ile h\u00fck\u00fcmet taraf\u0131ndan reddedilmi\u015fti. Bunun \u00fczerine d\u00fczenlenen ikinci ihalede kapasite 500 MW\u2019a d\u00fc\u015f\u00fcr\u00fcld\u00fc ve GDF Suez \u0130spanyol EDP Renewables ile yar\u0131 yar\u0131ya kat\u0131l\u0131m ortakl\u0131\u011f\u0131 kurarak kat\u0131ld\u0131.<\/p>\n<p>8 MW\u2019l\u0131k Avera t\u00fcrbinlerinin kullan\u0131laca\u011f\u0131 iki r\u00fczgar \u00e7iftli\u011fi projesinin in\u015faat\u0131n\u0131n 2018 y\u0131l\u0131nda ba\u015flamas\u0131 ve 2020 y\u0131l\u0131ndan \u00f6nce kurulumunun tamamlanmas\u0131 \u00f6ng\u00f6r\u00fcl\u00fcyor.<\/p>\n<p><strong>2020 YILINA KADAR 6 GW R\u00dcZGAR KAPAS\u0130TES\u0130<\/strong><br \/>\nFransa Enerji Bakan\u0131 Segolene Royal Twitter \u00fczerinden yapt\u0131\u011f\u0131 a\u00e7\u0131klama ile, Fransa`da yenilebilir enerjiyi g\u00fc\u00e7lendirmek ve geli\u015ftirmek istediklerini ve bu \u00e7er\u00e7evede 2020 y\u0131l\u0131na kadar 6 GW kapasiteli a\u00e7\u0131k deniz r\u00fczgar santrali kuracaklar\u0131n\u0131 s\u00f6yledi.<\/p>\n<p>Kaynak: <a href=\"http:\/\/www.enerjigunlugu.net\/fransa-ruzgar-enerjisi-kapasitesini-arttiriyor_8389.html\" target=\"_blank\">Enerji G\u00fcnl\u00fc\u011f\u00fc<\/a><\/p>","protected":false},"excerpt":{"rendered":"<p>Sorry, this entry is only available in Turkish. For the sake of viewer convenience, the content is shown below in the alternative language. You may click the link to switch the active language.GDF Suez ve Areva\u2019n\u0131n ba\u015f\u0131n\u0131 \u00e7ekti\u011fi konsorsiyum Frans\u0131z a\u00e7\u0131k denizinde 1 GW kapasiteli iki projeye ili\u015fkin ikinci kez d\u00fczenlenen ihaleyi kazand\u0131. Frans\u0131z h\u00fck\u00fcmeti [&hellip;]<\/p>\n","protected":false},"author":1,"featured_media":26221,"comment_status":"open","ping_status":"open","sticky":false,"template":"","format":"standard","meta":[],"categories":[53,50],"tags":[14772,63,67,1009,165,1346,10764,69,16,105],"views":771,"_links":{"self":[{"href":"https:\/\/www.enerjigazetesi.ist\/en\/wp-json\/wp\/v2\/posts\/26220"}],"collection":[{"href":"https:\/\/www.enerjigazetesi.ist\/en\/wp-json\/wp\/v2\/posts"}],"about":[{"href":"https:\/\/www.enerjigazetesi.ist\/en\/wp-json\/wp\/v2\/types\/post"}],"author":[{"embeddable":true,"href":"https:\/\/www.enerjigazetesi.ist\/en\/wp-json\/wp\/v2\/users\/1"}],"replies":[{"embeddable":true,"href":"https:\/\/www.enerjigazetesi.ist\/en\/wp-json\/wp\/v2\/comments?post=26220"}],"version-history":[{"count":1,"href":"https:\/\/www.enerjigazetesi.ist\/en\/wp-json\/wp\/v2\/posts\/26220\/revisions"}],"predecessor-version":[{"id":26222,"href":"https:\/\/www.enerjigazetesi.ist\/en\/wp-json\/wp\/v2\/posts\/26220\/revisions\/26222"}],"wp:featuredmedia":[{"embeddable":true,"href":"https:\/\/www.enerjigazetesi.ist\/en\/wp-json\/wp\/v2\/media\/26221"}],"wp:attachment":[{"href":"https:\/\/www.enerjigazetesi.ist\/en\/wp-json\/wp\/v2\/media?parent=26220"}],"wp:term":[{"taxonomy":"category","embeddable":true,"href":"https:\/\/www.enerjigazetesi.ist\/en\/wp-json\/wp\/v2\/categories?post=26220"},{"taxonomy":"post_tag","embeddable":true,"href":"https:\/\/www.enerjigazetesi.ist\/en\/wp-json\/wp\/v2\/tags?post=26220"}],"curies":[{"name":"wp","href":"https:\/\/api.w.org\/{rel}","templated":true}]}}