{"id":26151,"date":"2014-05-07T11:02:35","date_gmt":"2014-05-07T08:02:35","guid":{"rendered":"https:\/\/www.enerjigazetesi.ist\/?p=26151"},"modified":"2014-05-07T11:02:35","modified_gmt":"2014-05-07T08:02:35","slug":"g-7-ulkeleri-rus-gazina-bagimliligi-azaltmanin-yollarini-tartisiyor","status":"publish","type":"post","link":"https:\/\/www.enerjigazetesi.ist\/en\/g-7-ulkeleri-rus-gazina-bagimliligi-azaltmanin-yollarini-tartisiyor\/","title":{"rendered":"(Turkish) G-7 \u00dclkeleri Rus Gaz\u0131na Ba\u011f\u0131ml\u0131l\u0131\u011f\u0131 Azaltman\u0131n Yollar\u0131n\u0131 Tart\u0131\u015f\u0131yor&#8230;"},"content":{"rendered":"<p class=\"qtranxs-available-languages-message qtranxs-available-languages-message-en\">Sorry, this entry is only available in <a href=\"https:\/\/www.enerjigazetesi.ist\/tr\/wp-json\/wp\/v2\/posts\/26151\" class=\"qtranxs-available-language-link qtranxs-available-language-link-tr\" title=\"Turkish\">Turkish<\/a>. For the sake of viewer convenience, the content is shown below in the alternative language. You may click the link to switch the active language.<\/p><p><strong>G-7 \u00fclkeleri enerji bakanlar\u0131 Rusya\u2019n\u0131n do\u011falgazdaki hakimiyetini azaltman\u0131n yollar\u0131n\u0131 tart\u0131\u015f\u0131yor. Ancak ba\u011f\u0131ml\u0131l\u0131\u011f\u0131n baz\u0131 \u00fcyelerde y\u00fczde 100\u2032e ula\u015fmas\u0131, AB \u00fclkelerinin birlik olamamas\u0131 gibi nedenlerle Rusya\u2019n\u0131n eli daha g\u00fc\u00e7l\u00fc. Roma\u2019da toplanan G-7 \u00fclkelerinin enerji bakanlar\u0131 kapal\u0131 kap\u0131lar ard\u0131nda Rus gaz\u0131na ba\u011f\u0131ml\u0131l\u0131\u011f\u0131 azaltman\u0131n yollar\u0131n\u0131 ar\u0131yor. Toplant\u0131larda gelecek ay d\u00fczenlenecek AB Zirvesi \u00f6ncesinde enerji g\u00fcvenli\u011fine y\u00f6nelik fikirler tart\u0131\u015f\u0131l\u0131yor. Avrupa Enerji Komiseri G\u00fcnter Oettinger, ge\u00e7ti\u011fimiz hafta Rusya\u2019n\u0131n t\u00fcm AB \u00fclkelerine ayn\u0131 fiyattan gaz satmas\u0131n\u0131 \u00f6nermi\u015fti.<\/strong><\/p>\n<h2>\u201cK\u0131sa vadede \u00e7\u00f6z\u00fcm yok\u201d<a href=\"https:\/\/www.enerjigazetesi.ist\/wp-content\/uploads\/2014\/05\/g-7-ulkeleri-rus-gazina-bagimliligi-azaltmanin-yollarini-tartisiyor.jpg\"><img loading=\"lazy\" class=\"alignright size-medium wp-image-26152\" title=\"g-7-ulkeleri-rus-gazina-bagimliligi-azaltmanin-yollarini-tartisiyor\" src=\"https:\/\/www.enerjigazetesi.ist\/wp-content\/uploads\/2014\/05\/g-7-ulkeleri-rus-gazina-bagimliligi-azaltmanin-yollarini-tartisiyor-300x214.jpg\" alt=\"\" width=\"300\" height=\"214\" srcset=\"https:\/\/www.enerjigazetesi.ist\/wp-content\/uploads\/2014\/05\/g-7-ulkeleri-rus-gazina-bagimliligi-azaltmanin-yollarini-tartisiyor-300x214.jpg 300w, https:\/\/www.enerjigazetesi.ist\/wp-content\/uploads\/2014\/05\/g-7-ulkeleri-rus-gazina-bagimliligi-azaltmanin-yollarini-tartisiyor-69x50.jpg 69w, https:\/\/www.enerjigazetesi.ist\/wp-content\/uploads\/2014\/05\/g-7-ulkeleri-rus-gazina-bagimliligi-azaltmanin-yollarini-tartisiyor.jpg 410w\" sizes=\"(max-width: 300px) 100vw, 300px\" \/><\/a><\/h2>\n<p>Toplant\u0131 g\u00fcndemine ili\u015fkin bilgi veren Alman Enerji Bakan\u0131 Sigmar Gabriel, toplant\u0131daki herkesin Ukrayna\u2019da k\u0131sa vadede bir \u00e7\u00f6z\u00fcm olmayaca\u011f\u0131 konusunda hemfikir oldu\u011funu s\u00f6yledi. Gabriel, \u201cK\u0131sa vadede Rusya\u2019ya ba\u011f\u0131ml\u0131l\u0131\u011f\u0131 azaltman\u0131n nas\u0131l olabilece\u011fini bize s\u00f6yleyebilecek kimse bilmiyorum.\u201d dedi.<\/p>\n<p>Avrupa Enerji Komiseri G\u00fcnter Oettinger ve teknik analistlerin de kat\u0131ld\u0131\u011f\u0131 toplant\u0131larda tart\u0131\u015fmalar\u0131n oda\u011f\u0131nda \u00fc\u00e7 konu var: Kaya gaz\u0131 kullan\u0131m\u0131n\u0131n art\u0131r\u0131lmas\u0131, daha iyi depolama y\u00f6ntemleri ve talebi azaltmak. Alman Enerji Bakan\u0131, ABD\u2019nin toplant\u0131da 2020\u2032den \u00f6nce kaya gaz\u0131 ihracat\u0131na ba\u015flayamayaca\u011f\u0131n\u0131 ifade etti\u011fini vurgulad\u0131.<\/p>\n<h2>AB\u2019nin vazge\u00e7meye \u00e7al\u0131\u015ft\u0131\u011f\u0131 k\u00f6m\u00fcr yeniden masada<\/h2>\n<p>Toplant\u0131ya kat\u0131lan ve Reuters\u2019a bilgi veren yetkililerden biri k\u00f6m\u00fcr kullan\u0131m\u0131n\u0131n art\u0131r\u0131lmas\u0131n\u0131n da se\u00e7enekler aras\u0131nda oldu\u011funu s\u00f6yledi ancak k\u00f6m\u00fcr\u00fcn te\u015fvik edilmesi, AB\u2019yi, \u00e7evre kirlili\u011finin ve karbon emisyonlar\u0131n\u0131n azalt\u0131lmas\u0131 y\u00f6n\u00fcndeki politikalar\u0131yla \u00e7eli\u015fkiye d\u00fc\u015f\u00fcrebilir.<\/p>\n<p>Avrupa Birli\u011fi\u2019ne \u00fcye \u00fclkelerin Rusya\u2019ya ba\u011f\u0131ml\u0131l\u0131klar\u0131n\u0131n farkl\u0131 oranlarda olmas\u0131 ve enerji \u015firketlerinin \u00e7\u0131karlar\u0131n\u0131n AB ile \u00e7eli\u015febilmesi, Rusya\u2019n\u0131n elini g\u00fc\u00e7lendiren etkenlerin ba\u015f\u0131nda geliyor. \u00d6rne\u011fin Avusturyal\u0131 enerji \u015firketi OMV, Rusya\u2019n\u0131n G\u00fcney Ak\u0131m Projesi\u2019nin \u0130talya yerine Avusturya\u2019da bitmesi i\u00e7in Gazprom ile el s\u0131k\u0131\u015ft\u0131. Proje, Ukrayna\u2019y\u0131 saf d\u0131\u015f\u0131 b\u0131rakarak Avrupa\u2019ya gaz ta\u015f\u0131may\u0131 hedefliyor.<\/p>\n<h2>Do\u011falgaz\u0131n \u00fc\u00e7te biri Rusya\u2019dan<\/h2>\n<p>Rusya, Avrupa Birli\u011fi\u2019nin do\u011falgaz ihtiyac\u0131n\u0131n \u00fc\u00e7te birini kar\u015f\u0131l\u0131yor. Avrupa\u2019ya gelen gaz\u0131n yar\u0131s\u0131 da Ukrayna \u00fczerinden ta\u015f\u0131n\u0131yor. Rusya\u2019n\u0131n Avrupa Birli\u011fi\u2019nden ayl\u0131k geliri 5 milyar dolar. Enerji projeksiyonlar\u0131na g\u00f6re Avrupa\u2019da i\u00e7 t\u00fcketimin artmas\u0131 nedeniyle Rusya\u2019ya ba\u011f\u0131ml\u0131l\u0131\u011f\u0131n artmas\u0131 bekleniyor.<\/p>\n<p>Yeni alternatifler pe\u015finde olan Avrupa\u2019ya kar\u015f\u0131l\u0131k Rusya da Asya\u2019daki m\u00fc\u015fterilerini art\u0131rmak istiyor, Avrupa\u2019ya ihracat i\u00e7in Ukrayna\u2019y\u0131 saf d\u0131\u015f\u0131 b\u0131rakmaya \u00e7al\u0131\u015f\u0131yor.<\/p>\n<p>Rusya Devlet Ba\u015fkan\u0131 Vladimir Putin, Ukrayna\u2019n\u0131n 3.5 milyar dolar borcunu \u00f6dememesi durumunda gaz\u0131 kesece\u011fini a\u00e7\u0131klam\u0131\u015ft\u0131.<\/p>\n<p>Kaynak: <a href=\"http:\/\/www.aljazeera.com.tr\/haber\/ab-enerjide-yeni-kaynak-pesinde\" target=\"_blank\">aljazeera<\/a><\/p>","protected":false},"excerpt":{"rendered":"<p>Sorry, this entry is only available in Turkish. For the sake of viewer convenience, the content is shown below in the alternative language. You may click the link to switch the active language.G-7 \u00fclkeleri enerji bakanlar\u0131 Rusya\u2019n\u0131n do\u011falgazdaki hakimiyetini azaltman\u0131n yollar\u0131n\u0131 tart\u0131\u015f\u0131yor. Ancak ba\u011f\u0131ml\u0131l\u0131\u011f\u0131n baz\u0131 \u00fcyelerde y\u00fczde 100\u2032e ula\u015fmas\u0131, AB \u00fclkelerinin birlik olamamas\u0131 gibi nedenlerle [&hellip;]<\/p>\n","protected":false},"author":1,"featured_media":26152,"comment_status":"open","ping_status":"open","sticky":false,"template":"","format":"standard","meta":[],"categories":[46,53],"tags":[14714,92,226,63,14715,67,1009,165,14716,14717,1675,14713,14718,14719,14720,6622],"views":776,"_links":{"self":[{"href":"https:\/\/www.enerjigazetesi.ist\/en\/wp-json\/wp\/v2\/posts\/26151"}],"collection":[{"href":"https:\/\/www.enerjigazetesi.ist\/en\/wp-json\/wp\/v2\/posts"}],"about":[{"href":"https:\/\/www.enerjigazetesi.ist\/en\/wp-json\/wp\/v2\/types\/post"}],"author":[{"embeddable":true,"href":"https:\/\/www.enerjigazetesi.ist\/en\/wp-json\/wp\/v2\/users\/1"}],"replies":[{"embeddable":true,"href":"https:\/\/www.enerjigazetesi.ist\/en\/wp-json\/wp\/v2\/comments?post=26151"}],"version-history":[{"count":2,"href":"https:\/\/www.enerjigazetesi.ist\/en\/wp-json\/wp\/v2\/posts\/26151\/revisions"}],"predecessor-version":[{"id":26154,"href":"https:\/\/www.enerjigazetesi.ist\/en\/wp-json\/wp\/v2\/posts\/26151\/revisions\/26154"}],"wp:featuredmedia":[{"embeddable":true,"href":"https:\/\/www.enerjigazetesi.ist\/en\/wp-json\/wp\/v2\/media\/26152"}],"wp:attachment":[{"href":"https:\/\/www.enerjigazetesi.ist\/en\/wp-json\/wp\/v2\/media?parent=26151"}],"wp:term":[{"taxonomy":"category","embeddable":true,"href":"https:\/\/www.enerjigazetesi.ist\/en\/wp-json\/wp\/v2\/categories?post=26151"},{"taxonomy":"post_tag","embeddable":true,"href":"https:\/\/www.enerjigazetesi.ist\/en\/wp-json\/wp\/v2\/tags?post=26151"}],"curies":[{"name":"wp","href":"https:\/\/api.w.org\/{rel}","templated":true}]}}