{"id":26131,"date":"2014-05-06T15:48:47","date_gmt":"2014-05-06T12:48:47","guid":{"rendered":"https:\/\/www.enerjigazetesi.ist\/?p=26131"},"modified":"2014-05-06T15:48:47","modified_gmt":"2014-05-06T12:48:47","slug":"yildiz-gunes-enerjisine-hedefin-15-kati-basvuru-geldi","status":"publish","type":"post","link":"https:\/\/www.enerjigazetesi.ist\/en\/yildiz-gunes-enerjisine-hedefin-15-kati-basvuru-geldi\/","title":{"rendered":"(Turkish) Y\u0131ld\u0131z: G\u00fcne\u015f Enerjisine Hedefin 15 Kat\u0131 Ba\u015fvuru Geldi!"},"content":{"rendered":"<p class=\"qtranxs-available-languages-message qtranxs-available-languages-message-en\">Sorry, this entry is only available in <a href=\"https:\/\/www.enerjigazetesi.ist\/tr\/wp-json\/wp\/v2\/posts\/26131\" class=\"qtranxs-available-language-link qtranxs-available-language-link-tr\" title=\"Turkish\">Turkish<\/a>. For the sake of viewer convenience, the content is shown below in the alternative language. You may click the link to switch the active language.<\/p><p><strong>Enerji ve Tabii Kaynaklar Bakan\u0131 Taner Y\u0131ld\u0131z, g\u00fcne\u015f enerjisinde ilk anda hedefin 600 megawatt civar\u0131nda oldu\u011funu ve bunun i\u00e7in tam 15 kat fazla ba\u015fvuru geldi\u011fini s\u00f6yledi.<\/strong><\/p>\n<p>Enerji ve Tabii Kaynaklar Bakan\u0131 Taner Y\u0131ld\u0131z, \u0130zmir Torbal\u0131`da Durmu\u015f D\u00f6ven`in sahibi oldu\u011fu Reysa\u015f Gayrimenkul Yat\u0131r\u0131m Ortakl\u0131\u011f\u0131 A.\u015e.`ye ait deponun \u00e7at\u0131s\u0131nda ku<a href=\"https:\/\/www.enerjigazetesi.ist\/wp-content\/uploads\/2014\/05\/yildiz-gunes-enerjisine-hedefin-15-kati-basvuru-geldi.jpg\"><img loading=\"lazy\" class=\"alignleft size-medium wp-image-26132\" title=\"yildiz-gunes-enerjisine-hedefin-15-kati-basvuru-geldi\" src=\"https:\/\/www.enerjigazetesi.ist\/wp-content\/uploads\/2014\/05\/yildiz-gunes-enerjisine-hedefin-15-kati-basvuru-geldi-300x189.jpg\" alt=\"\" width=\"300\" height=\"189\" srcset=\"https:\/\/www.enerjigazetesi.ist\/wp-content\/uploads\/2014\/05\/yildiz-gunes-enerjisine-hedefin-15-kati-basvuru-geldi-300x189.jpg 300w, https:\/\/www.enerjigazetesi.ist\/wp-content\/uploads\/2014\/05\/yildiz-gunes-enerjisine-hedefin-15-kati-basvuru-geldi-80x50.jpg 80w, https:\/\/www.enerjigazetesi.ist\/wp-content\/uploads\/2014\/05\/yildiz-gunes-enerjisine-hedefin-15-kati-basvuru-geldi.jpg 400w\" sizes=\"(max-width: 300px) 100vw, 300px\" \/><\/a>rulan g\u00fcne\u015f enerjisi panelleri tesisinin a\u00e7\u0131l\u0131\u015f\u0131nda yapt\u0131\u011f\u0131 konu\u015fmada, Konya Karap\u0131nar`a d\u00fcnyan\u0131n en b\u00fcy\u00fck g\u00fcne\u015f tarlas\u0131n\u0131 hizmete a\u00e7acaklar\u0131n\u0131 yeniden belirterek, `G\u00fcne\u015fte hedefimiz 600 megawatt civar\u0131nda ilk anda. Bu 600 megawatt i\u00e7in tam 15 kat ba\u015fvuru geldi. Yakla\u015f\u0131k 9 bin megawattl\u0131k m\u00fcraacat var ve 12 May\u0131s`ta da ilk ihalemize ba\u015fl\u0131yoruz` dedi.<\/p>\n<p><strong>\u0130LK \u0130HALE 12 MAYIS\u2019TA<\/strong><br \/>\nBakan Y\u0131ld\u0131z, g\u00fcne\u015f enerjisinde 600 megawatt`\u0131n hedeflendi\u011fini, bu hedefin 15 kat\u0131 ba\u015fvuru geldi\u011fini vurgulayarak, \u015funlar\u0131 s\u00f6yledi: `Yakla\u015f\u0131k 9 bin megawattl\u0131k m\u00fcraacat geldi ve 12 May\u0131s`ta da ilk ihalemize ba\u015fl\u0131yoruz. ve g\u00fcney enerjisiyle alakal\u0131 bunu mutlaka yayg\u0131nla\u015ft\u0131raca\u011f\u0131z. Altyap\u0131s\u0131n\u0131 sa\u011flam kurmadan para vererek yaln\u0131zca \u00fcreticiye para vererek bu i\u015fler olmuyor. \u00c7\u00fcnk\u00fc bizim verdi\u011fimiz para vatanda\u015f\u0131m\u0131z\u0131n paras\u0131. Yani o s\u00fcbvansiyon rakamlar\u0131n\u0131 \u00e7ok iyi kurgulamam\u0131z laz\u0131m. Biz \u015fu anda \u00fcretti\u011fi politikalarla yakla\u015f\u0131k 10- 12 \u00fclkeye ba\u015fbakanl\u0131k seviyesinde dan\u0131\u015fmanl\u0131k veren bir \u00fclke haline geldik. Genel m\u00fcd\u00fcrlerimizden ge\u00e7ici g\u00f6revle her ay 10 g\u00fcnl\u00fc\u011f\u00fcn bir haftal\u0131\u011f\u0131na d\u0131\u015far\u0131 giden ve o \u00fclkenin enerjiyle alakal\u0131 modelinin olu\u015fmas\u0131na yard\u0131mc\u0131 olan bir yap\u0131m\u0131z var. Bu son derece \u00f6nemli. O y\u00fczden ben T\u00fcrkiye`deki yap\u0131lan b\u00fct\u00fcn bu i\u015flemlerde in\u015fallah do\u011fruyu g\u00f6rd\u00fc\u011f\u00fcm\u00fcze ve mutlaka bu \u00e7er\u00e7eveyi daha da geni\u015fletece\u011fimizi s\u00f6yl\u00fcyorum.`<\/p>\n<p>Bakan Y\u0131ld\u0131z, Almanya`n\u0131n g\u00fcne\u015f enerjisinden 38 bin megawatt elektrik \u00fcretti\u011fini belirterek, \u015f\u00f6yle konu\u015ftu:`Nas\u0131l oluyor bu? Yapt\u0131\u011f\u0131n\u0131z bir i\u015fin \u00fcretici \u015fapkas\u0131 ile ayn\u0131 zamanda t\u00fcketici \u015fapkas\u0131yla beraber oldu\u011funu d\u00fc\u015f\u00fcn\u00fcn. Yani siz bir yandan elektrik kullan\u0131yorsunuz elektrik fiyatlar\u0131n\u0131n pahal\u0131 olmamas\u0131 laz\u0131m, bir yandan elektrik \u00fcretiyorsunuz fiyatlar\u0131n\u0131z\u0131n ucuz olmamas\u0131 laz\u0131m. Bu bir paradokstur. Hamdolsun T\u00fcrkiye`deki enerji politikalar\u0131 stratejileri o paradoksu \u00e7\u00f6zd\u00fc ve vatanda\u015f\u0131m\u0131z\u0131 i\u00e7in s\u00fcrekli pahal\u0131 olarak an\u0131lan ama \u00fcreticimiz i\u00e7in daima ucuz olarak an\u0131lan bu yap\u0131y\u0131 hamdolsun \u00e7\u00f6zd\u00fc.<\/p>\n<p>Almanya bu kadar bin megawatt\u0131 olu\u015fturmak i\u00e7in her y\u0131l 17 milyar Euro para veriyor. Bizim b\u00f6yle bir para verme durumumuz olmaz. 17 milyar Euro dedi\u011finiz 50 milyar lira civar\u0131nda bir rakam. Biz bunun b\u0131rak\u0131n kendisini, onda birini y\u00fczde birini bile ay\u0131rm\u0131yoruz, ay\u0131ramay\u0131z. Yaln\u0131z tabi \u00f6nemli bir \u015fey s\u00f6yleyeyim. \u0130spanya, Portekiz ve Almanya bu t\u00fcr s\u00fcbvansiyon politikalar\u0131n geri \u00e7ekme karar\u0131 ald\u0131. \u00c7\u00fcnk\u00fc bunlar s\u00fcrd\u00fcr\u00fclebilir \u015feyler de\u011fil. Bizim buraya yapt\u0131\u011f\u0131m\u0131z ve finanse etti\u011fimiz yap\u0131 s\u00fcrd\u00fcr\u00fclebilir olan yap\u0131d\u0131r. Bu tar\u0131m arazilerine herhangi bir tehdit olu\u015fturmuyor. Hatta \u00e7at\u0131lar\u0131n resimde de g\u00f6r\u00fcyoruz paneli koymadan direkt g\u00fcne\u015f paneli koyarak bunu yapmak istediklerini s\u00f6ylediler. Bu son derece do\u011fru. Bunun b\u00fct\u00fcn mekanik yap\u0131lar\u0131n\u0131 sa\u011flamla\u015ft\u0131rarak bu kesinlikle m\u00fcmk\u00fcn olabiliyor.`<\/p>\n<p><strong>D\u00dcNYANIN EN B\u00dcY\u00dcK G\u00dcNE\u015e TARLASI<\/strong><br \/>\nBakan Y\u0131ld\u0131z, Konya Karap\u0131nar`da 3 bin megawattl\u0131k bir tesis kurduklar\u0131n\u0131 hat\u0131rlatt\u0131, `D\u00fcnyan\u0131n ne b\u00fcy\u00fck g\u00fcne\u015f tarlas\u0131 olacak. Bu 60 bin d\u00f6n\u00fcml\u00fck bir yerde hani nas\u0131l denize bakt\u0131\u011f\u0131n\u0131zda ufuk \u00e7izgisinde denizle hava birle\u015fir, bizzat gidip yerinde g\u00f6rd\u00fcm. Karayla havan\u0131n birle\u015fti\u011fi d\u00fcmd\u00fcz bir arazi d\u00fc\u015f\u00fcn\u00fcn ve tar\u0131ma m\u00fcsait de\u011fil, yar\u0131m metre alt\u0131nda kire\u00e7 var. Burada d\u00fcnyan\u0131n en b\u00fcy\u00fck g\u00fcne\u015f tarlas\u0131n\u0131 olacak. Talepkar olan d\u00fcnya devlerinden firmalar var. Buran\u0131n altyap\u0131s\u0131n\u0131 TE\u0130TA\u015e ile birlikte ger\u00e7ekle\u015ftiriyoruz ve burada 3 bin megawatl\u0131k bir g\u00fcne\u015f tarlas\u0131 kurma imkan\u0131m\u0131z hamdolsun olacak. Bu da yaln\u0131z T\u00fcrkiye`nin b\u00f6lgenin de\u011fil ayn\u0131 zamanda d\u00fcnyan\u0131n en b\u00fcy\u00fck g\u00fcne\u015fle alakal\u0131 projesi olacak. \u00c7ok iddial\u0131 bir proje ama bunu yapabilecek kapasiteye sahip oldu\u011fumuzu g\u00f6rd\u00fcm` dedi.<\/p>\n<p><strong>R\u00dcZGAR ENERJ\u0130S\u0130NE VURGU<\/strong><br \/>\nEnerji ve Tabii Kaynaklar Bakan\u0131 Y\u0131ld\u0131z, r\u00fczgar enerjisinin \u00f6nemini vurgulayarak, `\u0130zmir ayn\u0131 zamanda r\u00fczgarla alakal\u0131 enerji elde etti\u011fimiz \u00f6nemli bir \u015fehrimiz. Enerji a\u00e7\u0131s\u0131ndan s\u00f6yl\u00fcyorum t\u00fcketti\u011finden daha fazlas\u0131n\u0131 \u00fcretebilen bir \u015fehir. T\u00fcrkiye`de yaln\u0131zca ge\u00e7en y\u0131l 2013 y\u0131l\u0131nda r\u00fczgardan elde edilen enerjiyi e\u011fer biz do\u011falgazdan elde etmi\u015f olsayd\u0131k 600 milyon dolar kadar daha fazla do\u011falgaz ithalat\u0131 i\u00e7in para \u00f6deyecektik. 600 milyon dolar \u00f6nemli bir rakam yani 1.5 milyar liraya yak\u0131n bir para \u00f6deyecektik. O y\u00fczden bunlar\u0131 geli\u015ftirdik\u00e7e yerli kaynaklar\u0131m\u0131z\u0131n oran\u0131n\u0131 artaca\u011f\u0131n\u0131 ve T\u00fcrkiye`nin b\u00fcy\u00fcmesine geli\u015fmesine katk\u0131 koyacak yap\u0131y\u0131 yerli kaynaklarla sa\u011flayabilece\u011fimizi \u00e7ok rahatl\u0131kla s\u00f6yleyebilirim` dedi.<\/p>\n<p><strong>ULA\u015eIM ARA\u00c7LARINDA DO\u011eALGAZ KULLANIMI SEV\u0130ND\u0130R\u0130C\u0130<\/strong><br \/>\nEnerji ve Tabii Kaynaklar Bakan\u0131 Taner Y\u0131ld\u0131z, \u00e7evreye duyarl\u0131 ve do\u011falgazl\u0131 GNC ile \u00e7al\u0131\u015fan t\u0131rlar\u0131n \u00fclke ad\u0131na son derece sevindirici oldu\u011funu belirterek, `Kayseri`de yakla\u015f\u0131k 800 tane piyasada \u00e7al\u0131\u015fan taksi var. Onlar\u0131n 500 tanesinin d\u00f6n\u00fc\u015f\u00fcm\u00fcn\u00fc yine GNC`ye onun protokol\u00fcn\u00fc yapt\u0131k. Yine ayn\u0131 \u015fekilde belediye otob\u00fcslerinin ve halk otob\u00fcslerinin do\u011falgaza d\u00f6n\u00fc\u015f\u00fcm\u00fcyle alakal\u0131 \u00e7al\u0131\u015fma yapt\u0131k. Biz \u00e7evreye ra\u011fmen de\u011fil \u00e7evreyle beraber b\u00fct\u00fcn bu enerji yat\u0131r\u0131mlar\u0131n\u0131 yap\u0131yoruz` dedi.<\/p>\n<p>Kaynak: <a href=\"http:\/\/www.enerjigunlugu.net\/yildiz:-gunes-enerjisine-hedefin-15-kati-basvuru-g_8341.html\" target=\"_blank\">Enerji G\u00fcnl\u00fc\u011f\u00fc<\/a><\/p>","protected":false},"excerpt":{"rendered":"<p>Sorry, this entry is only available in Turkish. For the sake of viewer convenience, the content is shown below in the alternative language. You may click the link to switch the active language.Enerji ve Tabii Kaynaklar Bakan\u0131 Taner Y\u0131ld\u0131z, g\u00fcne\u015f enerjisinde ilk anda hedefin 600 megawatt civar\u0131nda oldu\u011funu ve bunun i\u00e7in tam 15 kat fazla [&hellip;]<\/p>\n","protected":false},"author":1,"featured_media":26132,"comment_status":"open","ping_status":"open","sticky":false,"template":"","format":"standard","meta":[],"categories":[53,49],"tags":[710,19,63,67,1009,165,227,13,2054,69,16,667],"views":856,"_links":{"self":[{"href":"https:\/\/www.enerjigazetesi.ist\/en\/wp-json\/wp\/v2\/posts\/26131"}],"collection":[{"href":"https:\/\/www.enerjigazetesi.ist\/en\/wp-json\/wp\/v2\/posts"}],"about":[{"href":"https:\/\/www.enerjigazetesi.ist\/en\/wp-json\/wp\/v2\/types\/post"}],"author":[{"embeddable":true,"href":"https:\/\/www.enerjigazetesi.ist\/en\/wp-json\/wp\/v2\/users\/1"}],"replies":[{"embeddable":true,"href":"https:\/\/www.enerjigazetesi.ist\/en\/wp-json\/wp\/v2\/comments?post=26131"}],"version-history":[{"count":2,"href":"https:\/\/www.enerjigazetesi.ist\/en\/wp-json\/wp\/v2\/posts\/26131\/revisions"}],"predecessor-version":[{"id":26134,"href":"https:\/\/www.enerjigazetesi.ist\/en\/wp-json\/wp\/v2\/posts\/26131\/revisions\/26134"}],"wp:featuredmedia":[{"embeddable":true,"href":"https:\/\/www.enerjigazetesi.ist\/en\/wp-json\/wp\/v2\/media\/26132"}],"wp:attachment":[{"href":"https:\/\/www.enerjigazetesi.ist\/en\/wp-json\/wp\/v2\/media?parent=26131"}],"wp:term":[{"taxonomy":"category","embeddable":true,"href":"https:\/\/www.enerjigazetesi.ist\/en\/wp-json\/wp\/v2\/categories?post=26131"},{"taxonomy":"post_tag","embeddable":true,"href":"https:\/\/www.enerjigazetesi.ist\/en\/wp-json\/wp\/v2\/tags?post=26131"}],"curies":[{"name":"wp","href":"https:\/\/api.w.org\/{rel}","templated":true}]}}