{"id":26083,"date":"2014-05-05T16:14:49","date_gmt":"2014-05-05T13:14:49","guid":{"rendered":"https:\/\/www.enerjigazetesi.ist\/?p=26083"},"modified":"2014-05-05T16:15:54","modified_gmt":"2014-05-05T13:15:54","slug":"abd-kuzey-irak-kurt-yonetimini-uyardi","status":"publish","type":"post","link":"https:\/\/www.enerjigazetesi.ist\/en\/abd-kuzey-irak-kurt-yonetimini-uyardi\/","title":{"rendered":"(Turkish) ABD Kuzey Irak K\u00fcrt Y\u00f6netimini Uyard\u0131&#8230;"},"content":{"rendered":"<p class=\"qtranxs-available-languages-message qtranxs-available-languages-message-en\">Sorry, this entry is only available in <a href=\"https:\/\/www.enerjigazetesi.ist\/tr\/wp-json\/wp\/v2\/posts\/26083\" class=\"qtranxs-available-language-link qtranxs-available-language-link-tr\" title=\"Turkish\">Turkish<\/a>. For the sake of viewer convenience, the content is shown below in the alternative language. You may click the link to switch the active language.<\/p><p><strong>ABD T\u00fcrkiye\u2019ye g\u00f6nderilen Kuzey Irak petrol\u00fcn\u00fcn sat\u0131\u015f\u0131na s\u0131cak bakmad\u0131\u011f\u0131n\u0131 belirterek, K\u00fcrt petrol\u00fcn\u00fcn \u0130ran \u00fczerinden sat\u0131\u015f\u0131 konusunda K\u00fcrt y\u00f6netimini uyard\u0131. ABD T\u00fcrkiye\u2019ye g\u00f6nderilen Kuzey Irak petrol\u00fcn\u00fcn sat\u0131\u015f\u0131na ve K\u00fcrt y\u00f6netiminin, \u0130ran`dan da 2 petrol boru hatt\u0131 ile d\u00fcnya`ya ba\u011flanma \u00e7abas\u0131na s\u0131cak bakmad\u0131\u011f\u0131n\u0131 bildirdi.<\/strong><\/p>\n<p>B\u00f6lgesel K\u00fcrt Y\u00f6netimi Ba\u015fbakan\u0131 Ne<a href=\"https:\/\/www.enerjigazetesi.ist\/wp-content\/uploads\/2014\/05\/abd-kuzey-irak-kurt-yonetimini-uyardi.jpg\"><img loading=\"lazy\" class=\"alignleft size-medium wp-image-26084\" title=\"abd-kuzey-irak-kurt-yonetimini-uyardi\" src=\"https:\/\/www.enerjigazetesi.ist\/wp-content\/uploads\/2014\/05\/abd-kuzey-irak-kurt-yonetimini-uyardi-300x218.jpg\" alt=\"\" width=\"300\" height=\"218\" srcset=\"https:\/\/www.enerjigazetesi.ist\/wp-content\/uploads\/2014\/05\/abd-kuzey-irak-kurt-yonetimini-uyardi-300x218.jpg 300w, https:\/\/www.enerjigazetesi.ist\/wp-content\/uploads\/2014\/05\/abd-kuzey-irak-kurt-yonetimini-uyardi-500x363.jpg 500w, https:\/\/www.enerjigazetesi.ist\/wp-content\/uploads\/2014\/05\/abd-kuzey-irak-kurt-yonetimini-uyardi-68x50.jpg 68w, https:\/\/www.enerjigazetesi.ist\/wp-content\/uploads\/2014\/05\/abd-kuzey-irak-kurt-yonetimini-uyardi.jpg 550w\" sizes=\"(max-width: 300px) 100vw, 300px\" \/><\/a>\u00e7irvan Barzani`nin ge\u00e7ti\u011fimiz g\u00fcnlerde T\u00fcrkiye`ye g\u00f6nderilen petrol\u00fcn sat\u0131\u015f\u0131n\u0131n 2 May\u0131s`ta ba\u015flayaca\u011f\u0131n\u0131 duyurmas\u0131na ABD`den tepki geldi. D\u0131\u015fi\u015fleri Bakanl\u0131\u011f\u0131 S\u00f6zc\u00fcs\u00fc Hary Marf, &#8220;ABD, Ba\u011fdat`\u0131n onay\u0131 olmadan Irak`\u0131n hi\u00e7bir b\u00f6lgesinden petrol g\u00f6nderilmesine ya da sat\u0131\u015f\u0131na s\u0131cak bakm\u0131yor.&#8221; diye konu\u015ftu.<\/p>\n<p>ABD, T\u00fcrkiye`ye g\u00f6nderilen petrol d\u0131\u015f\u0131nda K\u00fcrt y\u00f6netiminin, \u0130ran`dan da 2 petrol boru hatt\u0131 ile d\u00fcnya`ya ba\u011flanma \u00e7abas\u0131na s\u0131cak bakmad\u0131\u011f\u0131n\u0131 a\u00e7\u0131klad\u0131. Rudaw \u0130nternet sitesine konu\u015fan d\u0131\u015fi\u015fleri g\u00f6revlisi Michael Lavali, ABD`nin \u0130ran \u00fczerinden petrol sat\u0131\u015f\u0131n\u0131 sak\u0131ncal\u0131 buldu\u011funu ifade etti.<\/p>\n<p>K\u00fcrt y\u00f6netiminin Ba\u011fdat`a g\u00fcnde 100 bin varil petrol g\u00f6nderilmesi karar\u0131n\u0131n olumlu kar\u015f\u0131land\u0131\u011f\u0131n\u0131 aktaran Lavali, ancak \u0130ran \u00fczerinden petrol g\u00f6nderilmesine kar\u015f\u0131 oldu\u011funu s\u00f6yledi.<\/p>\n<p>Lavali, &#8220;\u0130ran \u00fczerinde uluslararas\u0131 bir ambargo var. Bu ambargo kalkmadan kimse petrol\u00fc \u0130ran`a satamaz ya da g\u00f6nderemez. Onun i\u00e7in herkesi bu konuda uyar\u0131yoruz. Ancak g\u00f6r\u00fclen \u015fu ki K\u00fcrt y\u00f6netimi ne ABD`nin, ne de uluslararas\u0131 toplumun uyar\u0131lar\u0131na kulak as\u0131yor.&#8221; \u015feklinde konu\u015ftu.<\/p>\n<p>Kaynak: <a href=\"http:\/\/www.enerjigunlugu.net\/abd-kuzey-irak-kurt-yonetimini-uyardi_8329.html\" target=\"_blank\">Enerji G\u00fcnl\u00fc\u011f\u00fc<\/a><\/p>","protected":false},"excerpt":{"rendered":"<p>Sorry, this entry is only available in Turkish. For the sake of viewer convenience, the content is shown below in the alternative language. You may click the link to switch the active language.ABD T\u00fcrkiye\u2019ye g\u00f6nderilen Kuzey Irak petrol\u00fcn\u00fcn sat\u0131\u015f\u0131na s\u0131cak bakmad\u0131\u011f\u0131n\u0131 belirterek, K\u00fcrt petrol\u00fcn\u00fcn \u0130ran \u00fczerinden sat\u0131\u015f\u0131 konusunda K\u00fcrt y\u00f6netimini uyard\u0131. ABD T\u00fcrkiye\u2019ye g\u00f6nderilen Kuzey [&hellip;]<\/p>\n","protected":false},"author":1,"featured_media":26084,"comment_status":"open","ping_status":"open","sticky":false,"template":"","format":"standard","meta":[],"categories":[53,44],"tags":[1198,63,67,1009,165,14637,945,14636,7373,59,79,846,14638],"views":662,"_links":{"self":[{"href":"https:\/\/www.enerjigazetesi.ist\/en\/wp-json\/wp\/v2\/posts\/26083"}],"collection":[{"href":"https:\/\/www.enerjigazetesi.ist\/en\/wp-json\/wp\/v2\/posts"}],"about":[{"href":"https:\/\/www.enerjigazetesi.ist\/en\/wp-json\/wp\/v2\/types\/post"}],"author":[{"embeddable":true,"href":"https:\/\/www.enerjigazetesi.ist\/en\/wp-json\/wp\/v2\/users\/1"}],"replies":[{"embeddable":true,"href":"https:\/\/www.enerjigazetesi.ist\/en\/wp-json\/wp\/v2\/comments?post=26083"}],"version-history":[{"count":2,"href":"https:\/\/www.enerjigazetesi.ist\/en\/wp-json\/wp\/v2\/posts\/26083\/revisions"}],"predecessor-version":[{"id":26086,"href":"https:\/\/www.enerjigazetesi.ist\/en\/wp-json\/wp\/v2\/posts\/26083\/revisions\/26086"}],"wp:featuredmedia":[{"embeddable":true,"href":"https:\/\/www.enerjigazetesi.ist\/en\/wp-json\/wp\/v2\/media\/26084"}],"wp:attachment":[{"href":"https:\/\/www.enerjigazetesi.ist\/en\/wp-json\/wp\/v2\/media?parent=26083"}],"wp:term":[{"taxonomy":"category","embeddable":true,"href":"https:\/\/www.enerjigazetesi.ist\/en\/wp-json\/wp\/v2\/categories?post=26083"},{"taxonomy":"post_tag","embeddable":true,"href":"https:\/\/www.enerjigazetesi.ist\/en\/wp-json\/wp\/v2\/tags?post=26083"}],"curies":[{"name":"wp","href":"https:\/\/api.w.org\/{rel}","templated":true}]}}