{"id":26049,"date":"2014-05-05T10:47:05","date_gmt":"2014-05-05T07:47:05","guid":{"rendered":"https:\/\/www.enerjigazetesi.ist\/?p=26049"},"modified":"2014-05-05T10:47:05","modified_gmt":"2014-05-05T07:47:05","slug":"yorum-k-irak-petrolu-abd-turkiye-iliskisini-etkiler-mi","status":"publish","type":"post","link":"https:\/\/www.enerjigazetesi.ist\/en\/yorum-k-irak-petrolu-abd-turkiye-iliskisini-etkiler-mi\/","title":{"rendered":"(Turkish) Yorum: K. Irak Petrol\u00fc ABD\u2013T\u00fcrkiye \u0130li\u015fkisini Etkiler mi?"},"content":{"rendered":"<p class=\"qtranxs-available-languages-message qtranxs-available-languages-message-en\">Sorry, this entry is only available in <a href=\"https:\/\/www.enerjigazetesi.ist\/tr\/wp-json\/wp\/v2\/posts\/26049\" class=\"qtranxs-available-language-link qtranxs-available-language-link-tr\" title=\"Turkish\">Turkish<\/a>. For the sake of viewer convenience, the content is shown below in the alternative language. You may click the link to switch the active language.<\/p><p><strong>Irak\u2019\u0131n yar\u0131 \u00f6zerk K\u00fcrt b\u00f6lgesinden T\u00fcrkiye\u2019deki Ceyhan terminaline iletilen petrol, Aral\u0131k ay\u0131ndan bu yana depolan\u0131yor. T\u00fcrk ve KYB bakanlar\u0131, terminalin doluluk kapasitesine yakla\u015fmas\u0131 nedeniyle bu ay ilk petrol sat\u0131\u015f\u0131n\u0131 ger\u00e7ekle\u015ftirmeyi ama\u00e7lad\u0131klar\u0131n\u0131 s\u00f6yl\u00fcyor. KYB\u2019den T\u00fcrkiye\u2019ye her g\u00fcn yakla\u015f\u0131k y\u00fcz bin varil petrol ithal ediliyor. Uzmanlar, bu oran\u0131n artaca\u011f\u0131 g\u00f6r\u00fc\u015f\u00fcnde. Milliyet Gazetesi yazar\u0131 Kadri G\u00fcrsel\u2019e g\u00f6re, petrol\u00fcn sat\u0131\u015f\u0131na ba\u015flanmas\u0131 olumsuz sonu\u00e7lar do\u011furabilir.<\/strong><\/p>\n<p>G\u00fcrsel; \u201cBu, KYB\u2019nin ba\u011f\u0131ms\u0131zl\u0131\u011f\u0131n\u0131 g\u00fc\u00e7lendiren ve dolay\u0131s\u0131yla da Saddam H\u00fcseyin sonras\u0131 Irak\u2019\u0131n gelece\u011fini sorgulamaya neden olan bir ad\u0131m\u201d diyor. Kadri G\u00fcrsel, petrol\u00fcn \u201cIrak\u2019\u0131 bir arada tutan tek ba\u011f\u201d oldu\u011funu s\u00f6yl\u00fcyor.<\/p>\n<p>B\u00f6lge uzmanlar\u0131, petrol sat\u0131\u015f\u0131n\u0131n K\u00fcrtler\u2019i avantajl\u0131 konuma getirdi\u011fi g\u00f6r\u00fc\u015f\u00fcnde. K\u00fcrtler, enerji alan\u0131ndaki anla\u015fmalar ve T\u00fcrkiye ile geli\u015ftirilecek yak\u0131n ili\u015fki sayesinde, ekonomik ve siyasi ba\u011f\u0131ms\u0131zl\u0131\u011fa bir ad\u0131m daha yakla\u015fmay\u0131 umut ediy<a href=\"https:\/\/www.enerjigazetesi.ist\/wp-content\/uploads\/2014\/05\/yorum-k-irak-petrolu-abd-turkiye-iliskisini-etkiler-mi.jpg\"><img loading=\"lazy\" class=\"alignright size-medium wp-image-26050\" title=\"yorum-k-irak-petrolu-abd-turkiye-iliskisini-etkiler-mi\" src=\"https:\/\/www.enerjigazetesi.ist\/wp-content\/uploads\/2014\/05\/yorum-k-irak-petrolu-abd-turkiye-iliskisini-etkiler-mi-300x215.jpg\" alt=\"\" width=\"300\" height=\"215\" srcset=\"https:\/\/www.enerjigazetesi.ist\/wp-content\/uploads\/2014\/05\/yorum-k-irak-petrolu-abd-turkiye-iliskisini-etkiler-mi-300x215.jpg 300w, https:\/\/www.enerjigazetesi.ist\/wp-content\/uploads\/2014\/05\/yorum-k-irak-petrolu-abd-turkiye-iliskisini-etkiler-mi-69x50.jpg 69w, https:\/\/www.enerjigazetesi.ist\/wp-content\/uploads\/2014\/05\/yorum-k-irak-petrolu-abd-turkiye-iliskisini-etkiler-mi.jpg 422w\" sizes=\"(max-width: 300px) 100vw, 300px\" \/><\/a>or.<\/p>\n<p>T\u00fcrkiye, halen Irak\u2019\u0131n kuzeyinde havaliman\u0131ndan otellere, yol yap\u0131m\u0131ndan, al\u0131\u015fveri\u015f merkezlerine kadar bir\u00e7ok altyap\u0131 ve \u015fehirle\u015fme projesi y\u00fcr\u00fct\u00fcyor<\/p>\n<p>Br\u00fcksel\u2019deki Carnegie Enstit\u00fcs\u00fc uzman\u0131 Sinan \u00dclgen, Ankara\u2019n\u0131n bu durumdan yararland\u0131\u011f\u0131n\u0131 belirtiyor; \u201cBu durum, T\u00fcrk d\u0131\u015f politikas\u0131 i\u00e7in \u00f6nemli bir ba\u015far\u0131 olacak. Kaynak g\u00fcvenli\u011fi ve di\u011fer \u00fclkelere olan enerji ba\u011f\u0131ml\u0131l\u0131\u011f\u0131ndan kurtaraca\u011f\u0131 i\u00e7in, T\u00fcrkiye\u2019nin enerji politikas\u0131nda belirleyici \u00f6zelli\u011fe sahip\u201d diyor.<\/p>\n<p>Ya\u015far \u00dcniversitesi\u2019nden siyaset bilimi ve enerji uzman\u0131 Emre \u0130\u015feri, bu t\u00fcr bir ortakl\u0131\u011f\u0131n Ankara\u2019n\u0131n Washington\u2019la olan stratejik ittifak\u0131n\u0131 zedeleyebilece\u011fi g\u00f6r\u00fc\u015f\u00fcnde. \u0130\u015feri; \u201cAmerika K\u00fcrtler\u2019in ba\u011f\u0131ms\u0131zl\u0131k hedeflerini g\u00fc\u00e7lendirme \u00e7abas\u0131ndan endi\u015feli. Bu anlamda T\u00fcrkiye\u2019nin de Amerika ile bir sorunu var. Amerika bir bak\u0131ma, T\u00fcrkiye\u2019yi KYB\u2019nin Irak\u2019tan ba\u011f\u0131ms\u0131zl\u0131\u011f\u0131na destek olmakta su\u00e7luyor\u201d diyor.<\/p>\n<p>Washington, Ankara\u2019n\u0131n Ba\u011fdat\u2019\u0131 devred\u0131\u015f\u0131 b\u0131rakarak, Erbil\u2019le enerji ortakl\u0131\u011f\u0131 \u00e7al\u0131\u015fmalar\u0131 y\u00fcr\u00fctmesini ge\u00e7mi\u015fte de ele\u015ftirdi. Ba\u011fdat\u2019taki merkezi Irak h\u00fck\u00fcmeti, anayasaya g\u00f6re \u00fclkenin t\u00fcm enerji kaynaklar\u0131n\u0131n da\u011f\u0131t\u0131m\u0131 ve sat\u0131\u015f\u0131nda tek yetkili oldu\u011funda \u0131srarl\u0131.<\/p>\n<p>Ba\u015fbakan Nuri El-Maliki liderli\u011findeki Irak h\u00fck\u00fcmeti, K\u00fcrtler\u2019in petrol sat\u0131\u015flar\u0131nda hak sahibi oldu\u011fu y\u00fczde 17 oran\u0131n\u0131n, sadece devlete ait petrol \u015firketleri \u00fczerinden yap\u0131lan sat\u0131\u015flarda ge\u00e7erli oldu\u011fu, dolay\u0131s\u0131yla t\u00fcm sat\u0131\u015flar\u0131n sadece resmi kanallar arac\u0131l\u0131\u011f\u0131yla yap\u0131lmas\u0131 gerekti\u011fi konusunda K\u00fcrtler\u2019i uyar\u0131yor. Ancak bu uyar\u0131y\u0131 g\u00f6z ard\u0131 eden K\u00fcrtler, T\u00fcrkiye\u2019ye bir milyon varil petrol satm\u0131\u015f durumda.<\/p>\n<p>Taraf Gazetesi yazar\u0131 Semih \u0130diz, bu uyar\u0131lar\u0131n Ankara taraf\u0131ndan pek ciddiye al\u0131nmad\u0131\u011f\u0131n\u0131 belirtiyor; \u201cAsl\u0131nda Ankara bu konuda hakl\u0131, \u00e7\u00fcnk\u00fc Amerika bu durumdan rahats\u0131zsa, \u00f6ncelikle Irakl\u0131 K\u00fcrtler\u2019le enerji i\u015fbirli\u011fi yapan b\u00fcy\u00fck Amerikan petrol \u015firketlerine dur demesi gerekir\u201d diyor.<\/p>\n<p>B\u00f6lge uzmanlar\u0131, K\u00fcrtler\u2019in kontrolundaki kuzey b\u00f6lgesinin Irak\u2019ta yat\u0131r\u0131m yap\u0131labilecek en g\u00fcvenli yer olmas\u0131 nedeniyle, bu ay ba\u015flayacak olan petrol sat\u0131\u015flar\u0131n\u0131n giderek artaca\u011f\u0131 tahmininde bulunuyor.<\/p>\n<p>Kaynak: <a href=\"http:\/\/www.amerikaninsesi.com\/content\/kuzey-irak-petrol%C3%BC-abdt%C3%BCrkiye-ili%C5%9Fkisini-etkiler-mi\/1907045.html\" target=\"_blank\">Amerika&#8217;n\u0131n Sesi<\/a><\/p>","protected":false},"excerpt":{"rendered":"<p>Sorry, this entry is only available in Turkish. For the sake of viewer convenience, the content is shown below in the alternative language. You may click the link to switch the active language.Irak\u2019\u0131n yar\u0131 \u00f6zerk K\u00fcrt b\u00f6lgesinden T\u00fcrkiye\u2019deki Ceyhan terminaline iletilen petrol, Aral\u0131k ay\u0131ndan bu yana depolan\u0131yor. T\u00fcrk ve KYB bakanlar\u0131, terminalin doluluk kapasitesine yakla\u015fmas\u0131 [&hellip;]<\/p>\n","protected":false},"author":1,"featured_media":26050,"comment_status":"open","ping_status":"open","sticky":false,"template":"","format":"standard","meta":[],"categories":[53,44],"tags":[1198,14622,63,67,1009,165,14623,7338,59,79,14624,846,14625,1286],"views":590,"_links":{"self":[{"href":"https:\/\/www.enerjigazetesi.ist\/en\/wp-json\/wp\/v2\/posts\/26049"}],"collection":[{"href":"https:\/\/www.enerjigazetesi.ist\/en\/wp-json\/wp\/v2\/posts"}],"about":[{"href":"https:\/\/www.enerjigazetesi.ist\/en\/wp-json\/wp\/v2\/types\/post"}],"author":[{"embeddable":true,"href":"https:\/\/www.enerjigazetesi.ist\/en\/wp-json\/wp\/v2\/users\/1"}],"replies":[{"embeddable":true,"href":"https:\/\/www.enerjigazetesi.ist\/en\/wp-json\/wp\/v2\/comments?post=26049"}],"version-history":[{"count":2,"href":"https:\/\/www.enerjigazetesi.ist\/en\/wp-json\/wp\/v2\/posts\/26049\/revisions"}],"predecessor-version":[{"id":26052,"href":"https:\/\/www.enerjigazetesi.ist\/en\/wp-json\/wp\/v2\/posts\/26049\/revisions\/26052"}],"wp:featuredmedia":[{"embeddable":true,"href":"https:\/\/www.enerjigazetesi.ist\/en\/wp-json\/wp\/v2\/media\/26050"}],"wp:attachment":[{"href":"https:\/\/www.enerjigazetesi.ist\/en\/wp-json\/wp\/v2\/media?parent=26049"}],"wp:term":[{"taxonomy":"category","embeddable":true,"href":"https:\/\/www.enerjigazetesi.ist\/en\/wp-json\/wp\/v2\/categories?post=26049"},{"taxonomy":"post_tag","embeddable":true,"href":"https:\/\/www.enerjigazetesi.ist\/en\/wp-json\/wp\/v2\/tags?post=26049"}],"curies":[{"name":"wp","href":"https:\/\/api.w.org\/{rel}","templated":true}]}}