{"id":25979,"date":"2014-05-02T14:12:21","date_gmt":"2014-05-02T11:12:21","guid":{"rendered":"https:\/\/www.enerjigazetesi.ist\/?p=25979"},"modified":"2014-05-02T14:12:21","modified_gmt":"2014-05-02T11:12:21","slug":"kosgebten-kobilere-yonelik-enerji-verimliligi-projesi","status":"publish","type":"post","link":"https:\/\/www.enerjigazetesi.ist\/en\/kosgebten-kobilere-yonelik-enerji-verimliligi-projesi\/","title":{"rendered":"(Turkish) Kosgeb\u2019ten Kobi\u2019lere Y\u00f6nelik Enerji Verimlili\u011fi Projesi&#8230;"},"content":{"rendered":"<p class=\"qtranxs-available-languages-message qtranxs-available-languages-message-en\">Sorry, this entry is only available in <a href=\"https:\/\/www.enerjigazetesi.ist\/tr\/wp-json\/wp\/v2\/posts\/25979\" class=\"qtranxs-available-language-link qtranxs-available-language-link-tr\" title=\"Turkish\">Turkish<\/a>. For the sake of viewer convenience, the content is shown below in the alternative language. You may click the link to switch the active language.<\/p><p><strong>K\u00fc\u00e7\u00fck ve Orta \u00d6l\u00e7ekli \u0130\u015fletmeleri Geli\u015ftirme ve\u00a0Destekleme\u00a0\u0130daresi Ba\u015fkanl\u0131\u011f\u0131 (KOSGEB) taraf\u0131ndan Frans\u0131z Kalk\u0131nma Ajans\u0131 (AFD) i\u015fbirli\u011fiyle y\u00fcr\u00fct\u00fclen \u2018KOB\u0130\u2019lerde Enerji\u00a0Verimlili\u011fi(KOB\u0130ENVER) Projesi, Bursal\u0131 firmalara tan\u0131t\u0131lacak.<\/strong><\/p>\n<p>KOB\u0130\u2019lerde enerji\u00a0verimlili\u011fi\u00a0f\u0131rsatlar\u0131 <a href=\"https:\/\/www.enerjigazetesi.ist\/wp-content\/uploads\/2014\/05\/kosgebten-kobilere-yonelik-enerji-verimliligi-projesi.jpg\"><img loading=\"lazy\" class=\"alignleft size-full wp-image-25980\" title=\"kosgebten-kobilere-yonelik-enerji-verimliligi-projesi\" src=\"https:\/\/www.enerjigazetesi.ist\/wp-content\/uploads\/2014\/05\/kosgebten-kobilere-yonelik-enerji-verimliligi-projesi.jpg\" alt=\"\" width=\"286\" height=\"186\" srcset=\"https:\/\/www.enerjigazetesi.ist\/wp-content\/uploads\/2014\/05\/kosgebten-kobilere-yonelik-enerji-verimliligi-projesi.jpg 286w, https:\/\/www.enerjigazetesi.ist\/wp-content\/uploads\/2014\/05\/kosgebten-kobilere-yonelik-enerji-verimliligi-projesi-76x50.jpg 76w\" sizes=\"(max-width: 286px) 100vw, 286px\" \/><\/a>hakk\u0131nda uzmanlar\u0131n sunum yapaca\u011f\u0131 \u00e7al\u0131\u015ftay hakk\u0131nda bilgi veren KOSGEB Bursa Hizmet Merkezi M\u00fcd\u00fcr\u00fc Ahmet Akda\u011f, \u201cKOSGEB, Enerji\u00a0Verimlili\u011fi Kanunu\u2019nun verdi\u011fi g\u00f6revlerle birlikte ulusal ve uluslararas\u0131 y\u00fck\u00fcml\u00fcl\u00fcklerin de yerine getirilmesi amac\u0131yla yeni \u00e7al\u0131\u015fmalar ba\u015flatt\u0131. KOB\u0130\u2019lerde enerji\u00a0verimlili\u011fi\u00a0\u00e7al\u0131\u015fmalar\u0131n\u0131n yayg\u0131nla\u015ft\u0131r\u0131lmas\u0131, israf\u0131n \u00f6nlenmesi ve enerji maliyetlerinin ekonomi \u00fczerindeki y\u00fck\u00fcn\u00fcn hafifletilmesi amac\u0131yla \u00c7evre ve Enerji\u00a0Verimlili\u011fi\u00a0konular\u0131n\u0131 da g\u00fcndemimize ald\u0131k. T\u00fcrkiye\u2019nin \u2018Ye\u015fil B\u00fcy\u00fcme Stratejisi\u2019nin en \u00f6nemli ad\u0131m\u0131 olan bu \u00e7al\u0131\u015fmalar kapsam\u0131nda 3 y\u0131l s\u00fcrecek projemiz i\u00e7in Frans\u0131z Kalk\u0131nma Ajans\u0131 (AFD) ile i\u015fbirli\u011fi yaparak \u00e7al\u0131\u015fmalara ba\u015fland\u0131.\u201d a\u00e7\u0131klamas\u0131n\u0131 yapt\u0131.<\/p>\n<p><strong>ENERJ\u0130N\u0130N Y\u00dcZDE 70\u2019\u0130 \u0130THAL<\/strong><\/p>\n<p>T\u00fcrkiye\u2019nin enerji ihtiyac\u0131n\u0131n y\u00fczde 70\u2019ini ithal etti\u011fini belirten Ahmet Akda\u011f, \u201c2012\u2019de 60 milyar dolar tutar\u0131ndaki enerji ithalat\u0131, toplam ithalat\u0131m\u0131z i\u00e7inde y\u00fczde 25 payla \u00fclkemizin 84 milyar dolar d\u00fczeyindeki d\u0131\u015f ticaret a\u00e7\u0131\u011f\u0131 \u00fczerinde en etkin fakt\u00f6rd\u00fcr.\u201d \u015feklinde konu\u015ftu.<\/p>\n<p>Enerji\u00a0verimlili\u011finin\u00a0art\u0131r\u0131lmas\u0131 sayesinde toplam enerji t\u00fcketiminin y\u00fczde 25 azalt\u0131labilece\u011fini anlatan Akda\u011f, bu\u00a0tasarrufun\u00a0y\u00fczde 50\u2019sinin ise d\u00fc\u015f\u00fck maliyetli ve 2 y\u0131ldan az s\u00fcreli geri \u00f6demeli yat\u0131r\u0131mlarla ger\u00e7ekle\u015ftirilebilece\u011fini ifade etti.<\/p>\n<p>Ahmet Akda\u011f, hayata ge\u00e7irilen KOB\u0130ENVER Proje\u2019nin hedefleri aras\u0131nda KOB\u0130\u2019lerde enerjiverimlili\u011fi\u00a0konusunda fark\u0131ndal\u0131k olu\u015fturulmas\u0131yla bilgi ve bilin\u00e7 d\u00fczeyinin artt\u0131r\u0131lmas\u0131 oldu\u011funu s\u00f6yledi.<\/p>\n<p><strong>BURSA, P\u0130LOT \u015eEH\u0130RLERDEN B\u0130R\u0130 OLARAK SE\u00c7\u0130LD\u0130<\/strong><\/p>\n<p>KOB\u0130 yo\u011funlu\u011fu a\u00e7\u0131s\u0131ndan \u00f6nemli bir konumda olan Bursa\u2019n\u0131n pilot \u015fehirlerden biri olarak se\u00e7ildi\u011fini a\u00e7\u0131klayan KOSGEB Bursa Hizmet Merkezi M\u00fcd\u00fcr\u00fc Akda\u011f, \u201cBursa\u2019da ger\u00e7ekle\u015ftirilecek 6 May\u0131s\u2019taki ilk proje\u00a0toplant\u0131s\u0131\u00a0ile enerji\u00a0verimlili\u011fi\u00a0konusunda bilgilendirme yap\u0131lacak. Ayr\u0131ca pilot uygulamalar\u00a0i\u00e7in \u00f6rnek te\u015fkil edecek g\u00f6n\u00fcll\u00fc KOB\u0130\u2019ler se\u00e7ilecek\u201d bilgisini payla\u015ft\u0131.<\/p>\n<p>Kaynak: <a href=\"http:\/\/www.haber3.com\/kosgebten-kobilere-yonelik-enerji-verimliligi-projesi-2641503h.htm\" target=\"_blank\">Haber3<\/a><\/p>","protected":false},"excerpt":{"rendered":"<p>Sorry, this entry is only available in Turkish. For the sake of viewer convenience, the content is shown below in the alternative language. You may click the link to switch the active language.K\u00fc\u00e7\u00fck ve Orta \u00d6l\u00e7ekli \u0130\u015fletmeleri Geli\u015ftirme ve\u00a0Destekleme\u00a0\u0130daresi Ba\u015fkanl\u0131\u011f\u0131 (KOSGEB) taraf\u0131ndan Frans\u0131z Kalk\u0131nma Ajans\u0131 (AFD) i\u015fbirli\u011fiyle y\u00fcr\u00fct\u00fclen \u2018KOB\u0130\u2019lerde Enerji\u00a0Verimlili\u011fi(KOB\u0130ENVER) Projesi, Bursal\u0131 firmalara tan\u0131t\u0131lacak. KOB\u0130\u2019lerde [&hellip;]<\/p>\n","protected":false},"author":1,"featured_media":25980,"comment_status":"open","ping_status":"open","sticky":false,"template":"","format":"standard","meta":[],"categories":[53,52],"tags":[14585,14588,958,63,67,1009,165,14583,12,13522,3893,14586,14587,14584,846,793,14589],"views":552,"_links":{"self":[{"href":"https:\/\/www.enerjigazetesi.ist\/en\/wp-json\/wp\/v2\/posts\/25979"}],"collection":[{"href":"https:\/\/www.enerjigazetesi.ist\/en\/wp-json\/wp\/v2\/posts"}],"about":[{"href":"https:\/\/www.enerjigazetesi.ist\/en\/wp-json\/wp\/v2\/types\/post"}],"author":[{"embeddable":true,"href":"https:\/\/www.enerjigazetesi.ist\/en\/wp-json\/wp\/v2\/users\/1"}],"replies":[{"embeddable":true,"href":"https:\/\/www.enerjigazetesi.ist\/en\/wp-json\/wp\/v2\/comments?post=25979"}],"version-history":[{"count":1,"href":"https:\/\/www.enerjigazetesi.ist\/en\/wp-json\/wp\/v2\/posts\/25979\/revisions"}],"predecessor-version":[{"id":25981,"href":"https:\/\/www.enerjigazetesi.ist\/en\/wp-json\/wp\/v2\/posts\/25979\/revisions\/25981"}],"wp:featuredmedia":[{"embeddable":true,"href":"https:\/\/www.enerjigazetesi.ist\/en\/wp-json\/wp\/v2\/media\/25980"}],"wp:attachment":[{"href":"https:\/\/www.enerjigazetesi.ist\/en\/wp-json\/wp\/v2\/media?parent=25979"}],"wp:term":[{"taxonomy":"category","embeddable":true,"href":"https:\/\/www.enerjigazetesi.ist\/en\/wp-json\/wp\/v2\/categories?post=25979"},{"taxonomy":"post_tag","embeddable":true,"href":"https:\/\/www.enerjigazetesi.ist\/en\/wp-json\/wp\/v2\/tags?post=25979"}],"curies":[{"name":"wp","href":"https:\/\/api.w.org\/{rel}","templated":true}]}}