{"id":25966,"date":"2014-05-02T10:43:19","date_gmt":"2014-05-02T07:43:19","guid":{"rendered":"https:\/\/www.enerjigazetesi.ist\/?p=25966"},"modified":"2014-05-02T10:43:19","modified_gmt":"2014-05-02T07:43:19","slug":"bakan-yildiz-mayis-ayinda-dogalgaza-zam-yok","status":"publish","type":"post","link":"https:\/\/www.enerjigazetesi.ist\/en\/bakan-yildiz-mayis-ayinda-dogalgaza-zam-yok\/","title":{"rendered":"(Turkish) Bakan Y\u0131ld\u0131z: \u2018May\u0131s Ay\u0131nda Do\u011falgaza Zam Yok&#8230;\u2019"},"content":{"rendered":"<p class=\"qtranxs-available-languages-message qtranxs-available-languages-message-en\">Sorry, this entry is only available in <a href=\"https:\/\/www.enerjigazetesi.ist\/tr\/wp-json\/wp\/v2\/posts\/25966\" class=\"qtranxs-available-language-link qtranxs-available-language-link-tr\" title=\"Turkish\">Turkish<\/a>. For the sake of viewer convenience, the content is shown below in the alternative language. You may click the link to switch the active language.<\/p><p><strong>Enerji ve Tabii Kaynaklar Bakan\u0131 Taner Y\u0131ld\u0131z, May\u0131s ay\u0131nda do\u011fal gaz fiyatlar\u0131nda art\u0131\u015f olmayaca\u011f\u0131n\u0131 a\u00e7\u0131klad\u0131. Y\u0131ld\u0131z, 1 May\u0131s\u2019ta vatanda\u015flara g\u00fczel bir haber vermek istediklerini belirterek, May\u0131s ay\u0131nda do\u011fal gazda herhangi bir fiyat art\u0131\u015f\u0131 ya\u015fanmay<a href=\"https:\/\/www.enerjigazetesi.ist\/wp-content\/uploads\/2014\/05\/bakan-yildiz-mayis-ayinda-dogalgaza-zam-yok.jpg\"><img loading=\"lazy\" class=\"alignleft size-medium wp-image-25967\" title=\"bakan-yildiz-mayis-ayinda-dogalgaza-zam-yok\" src=\"https:\/\/www.enerjigazetesi.ist\/wp-content\/uploads\/2014\/05\/bakan-yildiz-mayis-ayinda-dogalgaza-zam-yok-300x212.jpg\" alt=\"\" width=\"300\" height=\"212\" srcset=\"https:\/\/www.enerjigazetesi.ist\/wp-content\/uploads\/2014\/05\/bakan-yildiz-mayis-ayinda-dogalgaza-zam-yok-300x212.jpg 300w, https:\/\/www.enerjigazetesi.ist\/wp-content\/uploads\/2014\/05\/bakan-yildiz-mayis-ayinda-dogalgaza-zam-yok-70x50.jpg 70w, https:\/\/www.enerjigazetesi.ist\/wp-content\/uploads\/2014\/05\/bakan-yildiz-mayis-ayinda-dogalgaza-zam-yok.jpg 434w\" sizes=\"(max-width: 300px) 100vw, 300px\" \/><\/a>aca\u011f\u0131n\u0131 bildirdi.<\/strong><\/p>\n<p>Temmuz ay\u0131na kadar elektrik fiyatlar\u0131n\u0131n da ayn\u0131 kalaca\u011f\u0131n\u0131 vurgulayan Y\u0131ld\u0131z, \u201cAyl\u0131k de\u011ferlendirmemiz sonucunda do\u011fal gaz\u0131 ocak, \u015fubat, mart aylar\u0131ndaki fiyattan kullanaca\u011f\u0131m\u0131z belirtmek isteriz\u201d diye konu\u015ftu.<\/p>\n<p>Bakan Y\u0131ld\u0131z, son g\u00fcnlerde yurt genelinde artan ya\u011f\u0131\u015flar\u0131n en \u00e7ok enerji sekt\u00f6r\u00fcn\u00fc sevindirdi\u011fini kaydederek, \u201cBu durum girdi\u011fimiz 3 aylar\u0131n da bereketidir diye d\u00fc\u015f\u00fcn\u00fcyorum. Bu vesileyle b\u00fct\u00fcn vatanda\u015flar\u0131m\u0131z\u0131n Regaib Kandili kutluyorum\u201d ifadelerini kulland\u0131.<\/p>\n<p>B\u00fct\u00fcn \u00e7al\u0131\u015fanlar\u0131n 1 May\u0131s \u0130\u015f\u00e7i Bayram\u0131\u2019n\u0131 da kutlayan Y\u0131ld\u0131z, \u201cBeraber \u00e7al\u0131\u015ft\u0131\u011f\u0131m\u0131z, gayret etti\u011fimiz, \u00fclkenin kalk\u0131nmas\u0131na geli\u015fmesine katk\u0131 koyan b\u00fct\u00fcn i\u015f\u00e7i karde\u015flerimizin 1 May\u0131s \u0130\u015f\u00e7i bayram\u0131n\u0131 kutluyorum\u201d dedi.<\/p>\n<p>Kaynak: <a href=\"http:\/\/www.bloomberght.com\/haberler\/haber\/1550785-mayista-dogalgaza-zam-yok\" target=\"_blank\">bloombergHT<\/a><\/p>","protected":false},"excerpt":{"rendered":"<p>Sorry, this entry is only available in Turkish. For the sake of viewer convenience, the content is shown below in the alternative language. You may click the link to switch the active language.Enerji ve Tabii Kaynaklar Bakan\u0131 Taner Y\u0131ld\u0131z, May\u0131s ay\u0131nda do\u011fal gaz fiyatlar\u0131nda art\u0131\u015f olmayaca\u011f\u0131n\u0131 a\u00e7\u0131klad\u0131. Y\u0131ld\u0131z, 1 May\u0131s\u2019ta vatanda\u015flara g\u00fczel bir haber vermek [&hellip;]<\/p>\n","protected":false},"author":1,"featured_media":25967,"comment_status":"open","ping_status":"open","sticky":false,"template":"","format":"standard","meta":[],"categories":[46,53],"tags":[710,92,226,656,63,67,1009,165,14577,667],"views":733,"_links":{"self":[{"href":"https:\/\/www.enerjigazetesi.ist\/en\/wp-json\/wp\/v2\/posts\/25966"}],"collection":[{"href":"https:\/\/www.enerjigazetesi.ist\/en\/wp-json\/wp\/v2\/posts"}],"about":[{"href":"https:\/\/www.enerjigazetesi.ist\/en\/wp-json\/wp\/v2\/types\/post"}],"author":[{"embeddable":true,"href":"https:\/\/www.enerjigazetesi.ist\/en\/wp-json\/wp\/v2\/users\/1"}],"replies":[{"embeddable":true,"href":"https:\/\/www.enerjigazetesi.ist\/en\/wp-json\/wp\/v2\/comments?post=25966"}],"version-history":[{"count":1,"href":"https:\/\/www.enerjigazetesi.ist\/en\/wp-json\/wp\/v2\/posts\/25966\/revisions"}],"predecessor-version":[{"id":25968,"href":"https:\/\/www.enerjigazetesi.ist\/en\/wp-json\/wp\/v2\/posts\/25966\/revisions\/25968"}],"wp:featuredmedia":[{"embeddable":true,"href":"https:\/\/www.enerjigazetesi.ist\/en\/wp-json\/wp\/v2\/media\/25967"}],"wp:attachment":[{"href":"https:\/\/www.enerjigazetesi.ist\/en\/wp-json\/wp\/v2\/media?parent=25966"}],"wp:term":[{"taxonomy":"category","embeddable":true,"href":"https:\/\/www.enerjigazetesi.ist\/en\/wp-json\/wp\/v2\/categories?post=25966"},{"taxonomy":"post_tag","embeddable":true,"href":"https:\/\/www.enerjigazetesi.ist\/en\/wp-json\/wp\/v2\/tags?post=25966"}],"curies":[{"name":"wp","href":"https:\/\/api.w.org\/{rel}","templated":true}]}}