{"id":25958,"date":"2014-05-02T10:29:26","date_gmt":"2014-05-02T07:29:26","guid":{"rendered":"https:\/\/www.enerjigazetesi.ist\/?p=25958"},"modified":"2014-05-02T10:29:26","modified_gmt":"2014-05-02T07:29:26","slug":"1-6-milyon-varil-kurt-petrolunun-satisina-uc-gun-icinde-baslanacak","status":"publish","type":"post","link":"https:\/\/www.enerjigazetesi.ist\/en\/1-6-milyon-varil-kurt-petrolunun-satisina-uc-gun-icinde-baslanacak\/","title":{"rendered":"(Turkish) 1.6 Milyon Varil K\u00fcrt Petrol\u00fcn\u00fcn Sat\u0131\u015f\u0131na \u00dc\u00e7 G\u00fcn \u0130\u00e7inde Ba\u015flanacak&#8230;"},"content":{"rendered":"<p class=\"qtranxs-available-languages-message qtranxs-available-languages-message-en\">Sorry, this entry is only available in <a href=\"https:\/\/www.enerjigazetesi.ist\/tr\/wp-json\/wp\/v2\/posts\/25958\" class=\"qtranxs-available-language-link qtranxs-available-language-link-tr\" title=\"Turkish\">Turkish<\/a>. For the sake of viewer convenience, the content is shown below in the alternative language. You may click the link to switch the active language.<\/p><p><strong>Kuzey Irak\u2019ta \u00fcretilip,boru hatt\u0131 ile Ceyhan\u2019daki depolara nakledilen yakla\u015f\u0131k 1.6 milyon varil petrol\u00fcn sat\u0131\u015f\u0131na \u00fc\u00e7 g\u00fcn i\u00e7inde ba\u015flanacak.<\/strong><\/p>\n<p>Enerji Bakan\u0131 Taner Y\u0131ld\u0131z, sat\u0131\u015f\u0131n \u00f6n\u00fcnde bir engel bulunmad\u0131\u011f\u0131n\u0131 belirtirken, \u201cT\u00fcrkiye de m\u00fc\u015fteri olabilir ama biz \u015fuan m\u00fc\u015fteri olmayaca\u011f\u0131z\u201d dedi. Kuzey Irak B\u00f6lgesel Y\u00f6netimi\u2019nin kontrol etti\u011fi petrol bir s\u00fcredir Ceyhan\u2019a ta\u015f\u0131n\u0131yordu. Ceyhan\u2019daki depoda yakla\u015f\u0131k 1.6 milyon varil petrol birikti. Bu miktar\u0131n 1.7 milyon varile \u00e7\u0131kmas\u0131 bekleniyor. Enerji Bakan\u0131 Y\u0131ld\u0131z ge\u00e7en hafta Irak Ba\u015fbakan Yard\u0131mc\u0131s\u0131 H\u00fcseyin \u015eehristani<a href=\"https:\/\/www.enerjigazetesi.ist\/wp-content\/uploads\/2014\/05\/ceyhandaki-yaklasik-1-6-milyon-varil-kurt-petrolunun-satisina-uc-gun-icinde-baslanacak.jpg\"><img loading=\"lazy\" class=\"alignleft size-medium wp-image-25960\" title=\"ceyhandaki-yaklasik-1-6-milyon-varil-kurt-petrolunun-satisina-uc-gun-icinde-baslanacak\" src=\"https:\/\/www.enerjigazetesi.ist\/wp-content\/uploads\/2014\/05\/ceyhandaki-yaklasik-1-6-milyon-varil-kurt-petrolunun-satisina-uc-gun-icinde-baslanacak-300x209.jpg\" alt=\"\" width=\"300\" height=\"209\" srcset=\"https:\/\/www.enerjigazetesi.ist\/wp-content\/uploads\/2014\/05\/ceyhandaki-yaklasik-1-6-milyon-varil-kurt-petrolunun-satisina-uc-gun-icinde-baslanacak-300x209.jpg 300w, https:\/\/www.enerjigazetesi.ist\/wp-content\/uploads\/2014\/05\/ceyhandaki-yaklasik-1-6-milyon-varil-kurt-petrolunun-satisina-uc-gun-icinde-baslanacak-71x50.jpg 71w, https:\/\/www.enerjigazetesi.ist\/wp-content\/uploads\/2014\/05\/ceyhandaki-yaklasik-1-6-milyon-varil-kurt-petrolunun-satisina-uc-gun-icinde-baslanacak.jpg 483w\" sizes=\"(max-width: 300px) 100vw, 300px\" \/><\/a> ile, D\u0131\u015fi\u015fleri Bakanl\u0131\u011f\u0131 M\u00fcste\u015far\u0131 Feridun Sinirlio\u011flu da ABD\u2019li muhataplar\u0131yla konuyu masaya yat\u0131rd\u0131. Irak, Kuzey Irak y\u00f6netimi ile anla\u015fma sa\u011flayamad\u0131\u011f\u0131 i\u00e7in so\u011fuk yakla\u015fsa da ABD y\u00f6netimi Ceyhan\u2019da biriken petrol\u00fcn sat\u0131\u015f\u0131na ye\u015fil \u0131\u015f\u0131k yakt\u0131.<\/p>\n<h2>Para Halkbank\u2019a<\/h2>\n<p>Diplomatik kaynaklar\u0131n verdi\u011fi bilgiye g\u00f6re Birle\u015fmi\u015f Milletler Anla\u015fmas\u0131\u2019n\u0131n 7. maddesi \u00e7er\u00e7evesinde al\u0131nan G\u00fcvenlik Konseyi kararlar\u0131 ortadan kalkt\u0131 ve Irak Petrol\u00fcn\u00fcn paras\u0131n\u0131n New York\u2019taki bankalara yat\u0131r\u0131lmas\u0131 zorunlulu\u011fu kalmad\u0131. Ankara, son aylarda yap\u0131lan \u00fc\u00e7 toplant\u0131da bunu ABD\u2019li yetkililere hat\u0131rlatt\u0131. \u0130kna olan ABD y\u00f6netimi New York \u0131srar\u0131ndan vazge\u00e7ti. Dolay\u0131s\u0131yla Kuzey Irak petrol\u00fcn\u00fcn paras\u0131, Barzani y\u00f6netiminin talebi do\u011frultusunda Halkbank\u2019a yat\u0131r\u0131lacak. Depolardaki petrolden May\u0131s ay\u0131n\u0131n ilk yar\u0131s\u0131nda elde edilecek yakla\u015f\u0131k 150 milyon dolar Halkbank\u2019ta a\u00e7\u0131lacak bir hesaba yat\u0131r\u0131lacak.<\/p>\n<p>Geli\u015fmelerle ilgili bilgi veren Bakan Y\u0131ld\u0131z, \u015fu bilgileri payla\u015ft\u0131: \u201cPetrol\u00fcn sat\u0131lmas\u0131n\u0131n ve paras\u0131n\u0131n Halkbank\u2019a yat\u0131r\u0131lmas\u0131n\u0131n \u00f6n\u00fcnde bir engel yok. Kuzey Irak y\u00f6netimi, Irak Anayasas\u0131 gere\u011fince genel b\u00fct\u00e7eden almas\u0131 gereken paray\u0131 bu sat\u0131\u015ftan kar\u015f\u0131layacak. Ba\u011fdat da bu miktar\u0131 kasas\u0131nda tutacak. Sat\u0131\u015f art\u0131nca elde edilecek gelirin bir b\u00f6l\u00fcm\u00fc yine Ba\u011fdat\u2019a gidecek. Bu da Irak\u2019\u0131n kazanc\u0131 olacak. Gelecek hafta sat\u0131\u015f\u0131n ba\u015flamas\u0131n\u0131 bekliyoruz. T\u00fcrkiye olarak m\u00fc\u015fteri olabiliriz ama biz \u015fuan m\u00fc\u015fteri olmayaca\u011f\u0131z. K\u00fcrt y\u00f6netimi m\u00fc\u015fterisini bulacak, sat\u0131\u015f yapacak ve m\u00fc\u015fterisi \u00f6demeyi Halkbank \u00fczerinden yapacak\u2026\u201d<\/p>\n<p>Kaynak: <a href=\"http:\/\/www.hurriyet.com.tr\/ekonomi\/26335593.asp\" target=\"_blank\">H\u00fcrriyet<\/a><\/p>","protected":false},"excerpt":{"rendered":"<p>Sorry, this entry is only available in Turkish. For the sake of viewer convenience, the content is shown below in the alternative language. You may click the link to switch the active language.Kuzey Irak\u2019ta \u00fcretilip,boru hatt\u0131 ile Ceyhan\u2019daki depolara nakledilen yakla\u015f\u0131k 1.6 milyon varil petrol\u00fcn sat\u0131\u015f\u0131na \u00fc\u00e7 g\u00fcn i\u00e7inde ba\u015flanacak. Enerji Bakan\u0131 Taner Y\u0131ld\u0131z, sat\u0131\u015f\u0131n [&hellip;]<\/p>\n","protected":false},"author":1,"featured_media":25960,"comment_status":"open","ping_status":"open","sticky":false,"template":"","format":"standard","meta":[],"categories":[53,44],"tags":[63,67,1009,165,7338,59,79,2679],"views":654,"_links":{"self":[{"href":"https:\/\/www.enerjigazetesi.ist\/en\/wp-json\/wp\/v2\/posts\/25958"}],"collection":[{"href":"https:\/\/www.enerjigazetesi.ist\/en\/wp-json\/wp\/v2\/posts"}],"about":[{"href":"https:\/\/www.enerjigazetesi.ist\/en\/wp-json\/wp\/v2\/types\/post"}],"author":[{"embeddable":true,"href":"https:\/\/www.enerjigazetesi.ist\/en\/wp-json\/wp\/v2\/users\/1"}],"replies":[{"embeddable":true,"href":"https:\/\/www.enerjigazetesi.ist\/en\/wp-json\/wp\/v2\/comments?post=25958"}],"version-history":[{"count":1,"href":"https:\/\/www.enerjigazetesi.ist\/en\/wp-json\/wp\/v2\/posts\/25958\/revisions"}],"predecessor-version":[{"id":25961,"href":"https:\/\/www.enerjigazetesi.ist\/en\/wp-json\/wp\/v2\/posts\/25958\/revisions\/25961"}],"wp:featuredmedia":[{"embeddable":true,"href":"https:\/\/www.enerjigazetesi.ist\/en\/wp-json\/wp\/v2\/media\/25960"}],"wp:attachment":[{"href":"https:\/\/www.enerjigazetesi.ist\/en\/wp-json\/wp\/v2\/media?parent=25958"}],"wp:term":[{"taxonomy":"category","embeddable":true,"href":"https:\/\/www.enerjigazetesi.ist\/en\/wp-json\/wp\/v2\/categories?post=25958"},{"taxonomy":"post_tag","embeddable":true,"href":"https:\/\/www.enerjigazetesi.ist\/en\/wp-json\/wp\/v2\/tags?post=25958"}],"curies":[{"name":"wp","href":"https:\/\/api.w.org\/{rel}","templated":true}]}}